{"id":103413,"date":"2018-03-11T10:25:56","date_gmt":"2018-03-11T10:25:56","guid":{"rendered":"https:\/\/www.deberes.net\/tesis\/sin-categoria\/prevalencia-de-obesidad-infantil-en-cantabria\/"},"modified":"2018-03-11T10:25:56","modified_gmt":"2018-03-11T10:25:56","slug":"prevalencia-de-obesidad-infantil-en-cantabria","status":"publish","type":"post","link":"https:\/\/www.deberes.net\/tesis\/pediatria\/prevalencia-de-obesidad-infantil-en-cantabria\/","title":{"rendered":"PreValencia de obesidad infantil en cantabria"},"content":{"rendered":"<h2>Tesis doctoral de <strong> Ra\u00fal Pesquera Cabezas <\/strong><\/h2>\n<p>La obesidad infantil se ha convertido en uno de los problemas de salud m\u00e1s importantes del mundo desarrollado tanto por su magnitud  como por las consecuencias directas en la salud y sus costes. En cantabria a excepci\u00f3n de los datos de la encuesta cantabra de salud 2006 no se dispon\u00eda de ning\u00fan estudio que haya investigado este problema en profundidad.  el objetivo de esta tesis ha sido determinar la preValencia de obesidad y sobrepeso en los ni\u00f1os de 2-14 a\u00f1os durante el periodo de tiempo comprendido entre los a\u00f1os 2002 y 2008, estudiando la distribuci\u00f3n geogr\u00e1fica de la preValencia y su tendencia secular de crecimiento. A su vez se han descrito por primera vez los patrones de crecimiento de la poblaci\u00f3n infantil de cantabria.  para la realizaci\u00f3n de este estudio se ha desarrollado un estudio transversal y otro longitudinal. Se han incluido los datos de 60.015 ni\u00f1os entre 2-14 a\u00f1os (m\u00e1s del 90% de la poblaci\u00f3n infantil). La informaci\u00f3n se ha recogido de la historia cl\u00ednica de atenci\u00f3n primaria fundamentalmente a partir del programa del ni\u00f1o sano.  las conclusiones a las que se ha llegado son:  1.La preValencia de sobrecarga ponderal infantil en cantabria en el periodo 2002-2008 seg\u00fan los criterios definidos por la internacional obesity task force (iotf) fue de  26,9% (6,5% para la obesidad y 20,4 % para el sobrepeso).  Por edades, la mayor preValencia de sobrecarga ponderal se dio en las ni\u00f1as de 9 a\u00f1os (38,6 %) y en los ni\u00f1os de 10 a\u00f1os (38 %).  Estos son los criterios m\u00e1s utilizados en los estudios epidemiol\u00f3gicos y sobre esta base se presentan todas las conclusiones de este estudio.  2.En los dos \u00faltimos a\u00f1os (2007-08), por intervalos de edad y diferenciados por sexos, la preValencia de obesidad fue: ni\u00f1os de 2 a 4 a\u00f1os 3,1%; ni\u00f1os de 5 a 9 a\u00f1os 9,7%; y ni\u00f1os de 10 a 14 a\u00f1os 8,4 %; ni\u00f1as de 2 a 4 a\u00f1os 4 %; ni\u00f1as de 5 a 9 a\u00f1os 11,3 %; y ni\u00f1as de 10 a 14 a\u00f1os 6,4 %.  3.En cantabria existen diferencias en la preValencia de la sobrecarga ponderal por \u00e1reas de salud (as) y zonas b\u00e1sicas de salud (zbs).                  3.1.Hay menor preValencia de \u00e9sta, en la costa, en las zbs de municipios semiurbanos y de forma muy significativa en la zbs del sardinero.  Por otro lado las zbs situadas en \u00e1reas industriales y las que tienen mayor poblaci\u00f3n marginal presentan los valores m\u00e1s altos de sobrecarga ponderal.                 3.2.El as de torrelavega tiene la preValencia m\u00e1s alta de obesidad de cantabria 7,3%, con una tasa de sobrecarga ponderal global en las ni\u00f1as de los 2 a los 14 a\u00f1os del 28,59 %.    4.El an\u00e1lisis de la preValencia de obesidad y sobrepeso en cantabria a lo largo del periodo 2002 al 2008 demuestra una tendencia secular de aumento.  En el c\u00f3mputo global el incremento de la sobrecarga ponderal en estos a\u00f1os ha sido del  14,7 %, lo que supone un aumento del  2,9 % anual.   5.A pesar de ser la obesidad un tema de m\u00e1xima actualidad, existe una importante falta de codificaci\u00f3n de este diagn\u00f3stico por parte de los pediatras de atenci\u00f3n primaria (ap).  La preValencia sobre la base de sus diagn\u00f3sticos ser\u00eda s\u00f3lo del 1,6 % (1,5% en ni\u00f1os y 1,8 % en ni\u00f1as).  6.La variabilidad de la preValencia de obesidad infantil depende de varios factores: el criterio diagn\u00f3stico utilizado, el nivel de agregaci\u00f3n en que se presenten los resultados y la distribuci\u00f3n de muestra por tramo de edad y sexo.  Estos hechos dificultan la comparaci\u00f3n entre estudios.  Se proponen las gr\u00e1ficas de peso, talla e imc elaboradas en este estudio como herramientas para determinar los umbrales de intervenci\u00f3n en la comunidad de cantabria.   7.Los alarmantes niveles de obesidad en cantabria, sus potenciales repercusiones sobre la salud y el progresivo aumento de la grasa corporal, ponen de manifiesto la necesidad de intervenir con urgencia en este problema.  Los resultados de este estudio sugieren tres elementos a tener en consideraci\u00f3n para su abordaje: a) prevenci\u00f3n primaria dirigida a todos los ni\u00f1os con el objetivo de disminuir el sustrato obesog\u00e9nico; b) prevenci\u00f3n secundaria en estadios precoces de sobrepeso; y c) atenci\u00f3n especial al periodo escolar, sobre todo de los 4 a los 7 a\u00f1os.  8.Se propone potenciar el desarrollo del programa del ni\u00f1o sano como medio de intervenci\u00f3n y monitorizaci\u00f3n de la obesidad infantil en cantabria.  Se propone asimismo, la utilizaci\u00f3n de los datos obtenidos a partir de la historia cl\u00ednica inform\u00e1tica en ap como herramienta para el desarrollo de otros estudios epidemiol\u00f3gicos en enfermedades prevalentes.<\/p>\n<p>&nbsp;<\/p>\n<h3>Datos acad\u00e9micos de la tesis doctoral \u00ab<strong>PreValencia de obesidad infantil en cantabria<\/strong>\u00ab<\/h3>\n<ul>\n<li><strong>T\u00edtulo de la tesis:<\/strong>\u00a0 PreValencia de obesidad infantil en cantabria <\/li>\n<li><strong>Autor:<\/strong>\u00a0 Ra\u00fal Pesquera Cabezas <\/li>\n<li><strong>Universidad:<\/strong>\u00a0 Cantabria<\/li>\n<li><strong>Fecha de lectura de la tesis:<\/strong>\u00a0 29\/07\/2010<\/li>\n<\/ul>\n<p>&nbsp;<\/p>\n<h3>Direcci\u00f3n y tribunal<\/h3>\n<ul>\n<li><strong>Director de la tesis<\/strong>\n<ul>\n<li>lamu\u00f1o Leguina Gonzalez<\/li>\n<\/ul>\n<\/li>\n<li><strong>Tribunal<\/strong>\n<ul>\n<li>Presidente del tribunal: Miguel Garcia fuentes <\/li>\n<li>salvador Peiro moreno (vocal)<\/li>\n<li>gerardo Rodr\u00edguez mart\u00ednez (vocal)<\/li>\n<li>Juan  Carlos Mart\u00edn escudero (vocal)<\/li>\n<\/ul>\n<\/li>\n<\/ul>\n<p>&nbsp;<\/p>\n","protected":false},"excerpt":{"rendered":"<p>Tesis doctoral de Ra\u00fal Pesquera Cabezas La obesidad infantil se ha convertido en uno de los problemas de salud m\u00e1s [&hellip;]<\/p>\n","protected":false},"author":1,"featured_media":0,"comment_status":"open","ping_status":"open","sticky":false,"template":"","format":"standard","meta":{"site-sidebar-layout":"default","site-content-layout":"","ast-site-content-layout":"","site-content-style":"default","site-sidebar-style":"default","ast-global-header-display":"","ast-banner-title-visibility":"","ast-main-header-display":"","ast-hfb-above-header-display":"","ast-hfb-below-header-display":"","ast-hfb-mobile-header-display":"","site-post-title":"","ast-breadcrumbs-content":"","ast-featured-img":"","footer-sml-layout":"","theme-transparent-header-meta":"","adv-header-id-meta":"","stick-header-meta":"","header-above-stick-meta":"","header-main-stick-meta":"","header-below-stick-meta":"","astra-migrate-meta-layouts":"default","ast-page-background-enabled":"default","ast-page-background-meta":{"desktop":{"background-color":"var(--ast-global-color-4)","background-image":"","background-repeat":"repeat","background-position":"center center","background-size":"auto","background-attachment":"scroll","background-type":"","background-media":"","overlay-type":"","overlay-color":"","overlay-gradient":""},"tablet":{"background-color":"","background-image":"","background-repeat":"repeat","background-position":"center center","background-size":"auto","background-attachment":"scroll","background-type":"","background-media":"","overlay-type":"","overlay-color":"","overlay-gradient":""},"mobile":{"background-color":"","background-image":"","background-repeat":"repeat","background-position":"center center","background-size":"auto","background-attachment":"scroll","background-type":"","background-media":"","overlay-type":"","overlay-color":"","overlay-gradient":""}},"ast-content-background-meta":{"desktop":{"background-color":"var(--ast-global-color-5)","background-image":"","background-repeat":"repeat","background-position":"center center","background-size":"auto","background-attachment":"scroll","background-type":"","background-media":"","overlay-type":"","overlay-color":"","overlay-gradient":""},"tablet":{"background-color":"var(--ast-global-color-5)","background-image":"","background-repeat":"repeat","background-position":"center center","background-size":"auto","background-attachment":"scroll","background-type":"","background-media":"","overlay-type":"","overlay-color":"","overlay-gradient":""},"mobile":{"background-color":"var(--ast-global-color-5)","background-image":"","background-repeat":"repeat","background-position":"center center","background-size":"auto","background-attachment":"scroll","background-type":"","background-media":"","overlay-type":"","overlay-color":"","overlay-gradient":""}},"footnotes":""},"categories":[10518,1686,161,4074,967],"tags":[186081,142437,60680,10555,209408,54763],"class_list":["post-103413","post","type-post","status-publish","format-standard","hentry","category-cantabria","category-medicina-preventiva","category-pediatria","category-politica-sanitaria","category-salud-publica","tag-gerardo-rodriguez-Martinez","tag-juan-carlos-martin-escudero","tag-lamuno-leguina-gonzalez","tag-miguel-garcia-fuentes","tag-raul-pesquera-cabezas","tag-salvador-peiro-moreno"],"_links":{"self":[{"href":"https:\/\/www.deberes.net\/tesis\/wp-json\/wp\/v2\/posts\/103413","targetHints":{"allow":["GET"]}}],"collection":[{"href":"https:\/\/www.deberes.net\/tesis\/wp-json\/wp\/v2\/posts"}],"about":[{"href":"https:\/\/www.deberes.net\/tesis\/wp-json\/wp\/v2\/types\/post"}],"author":[{"embeddable":true,"href":"https:\/\/www.deberes.net\/tesis\/wp-json\/wp\/v2\/users\/1"}],"replies":[{"embeddable":true,"href":"https:\/\/www.deberes.net\/tesis\/wp-json\/wp\/v2\/comments?post=103413"}],"version-history":[{"count":0,"href":"https:\/\/www.deberes.net\/tesis\/wp-json\/wp\/v2\/posts\/103413\/revisions"}],"wp:attachment":[{"href":"https:\/\/www.deberes.net\/tesis\/wp-json\/wp\/v2\/media?parent=103413"}],"wp:term":[{"taxonomy":"category","embeddable":true,"href":"https:\/\/www.deberes.net\/tesis\/wp-json\/wp\/v2\/categories?post=103413"},{"taxonomy":"post_tag","embeddable":true,"href":"https:\/\/www.deberes.net\/tesis\/wp-json\/wp\/v2\/tags?post=103413"}],"curies":[{"name":"wp","href":"https:\/\/api.w.org\/{rel}","templated":true}]}}