{"id":103461,"date":"2010-03-09T00:00:00","date_gmt":"2010-03-09T00:00:00","guid":{"rendered":"https:\/\/www.deberes.net\/tesis\/sin-categoria\/metodos-adaptativos-para-el-desarrollo-de-percepciones-expandidas-en-instalaciones-arta%c2%adsticas-atencion-experiencia-sensible-y-bioinspiracion\/"},"modified":"2010-03-09T00:00:00","modified_gmt":"2010-03-09T00:00:00","slug":"metodos-adaptativos-para-el-desarrollo-de-percepciones-expandidas-en-instalaciones-arta%c2%adsticas-atencion-experiencia-sensible-y-bioinspiracion","status":"publish","type":"post","link":"https:\/\/www.deberes.net\/tesis\/arquitectura\/metodos-adaptativos-para-el-desarrollo-de-percepciones-expandidas-en-instalaciones-arta%c2%adsticas-atencion-experiencia-sensible-y-bioinspiracion\/","title":{"rendered":"M\u00e9todos adaptativos para el desarrollo de percepciones expandidas en instalaciones art\u00edsticas. atenci\u00f3n, experiencia sensible y bioinspiraci\u00f3n."},"content":{"rendered":"<h2>Tesis doctoral de <strong> Raquel Paricio Garcia <\/strong><\/h2>\n<p>La principal innovaci\u00f3n de esta tesis consiste en utilizar tecnolog\u00edas de adaptaci\u00f3n al entorno a corto y a largo plazo en instalaciones art\u00edsticas con capacidades reactivas. El objetivo es trabajar el fen\u00f3meno de las percepciones extendidas. La metodolog\u00eda utilizada se basa en el concepto de la atenci\u00f3n y en entender \u00e9sta como una antesala a otros estados de conciencia. El desarrollo se ejecuta en dos proyectos realizados en dos nuevas plataformas de robots aut\u00f3nomos, con un sistema de cooperaci\u00f3n descentralizado. Se explican los detalles t\u00e9cnicos de los proyectos y los resultados de las experimentaciones, demostrando que tanto la metodolog\u00eda como las plataformas dise\u00f1adas constituyen una eficiente posibilidad para las instalaciones art\u00edsticas en las que se pretende abordar conceptos relacionados con la extensi\u00f3n de las percepciones y m\u00e1s ampliamente con la evoluci\u00f3n de la conciencia. objetivos generales: este trabajo de investigaci\u00f3n se encuadra en el campo de las aplicaciones art\u00edsticas que utilizan tecnolog\u00eda de vida artificial (artificial life &#8211; al), rob\u00f3tica y entes aut\u00f3nomos, y que priorizan los comportamientos de desarrollo, evoluci\u00f3n, adaptaci\u00f3n, aprendizaje y emergencia, en definitiva las principales funciones de los seres vivos aplicadas al hardware y software y que se denominan como tecnolog\u00edas bioinspirada. Asimismo se consideran los entornos tecnol\u00f3gicos donde los participantes pueden obtener experiencias extendidas de percepci\u00f3n. conceptos b\u00e1sicos: 1.La atenci\u00f3n, experiencia sensible y experiencias expandidas  2.La bioinspiraci\u00f3n 3.Definici\u00f3n del problema: un entorno reactivo con respuestas randomizadas, es limitado 4.Definici\u00f3n de la soluci\u00f3n: se necesita un entorno evolutivo y adaptativo las propuestas pr\u00e1cticas: se proponen dos instalaciones rob\u00f3ticas: 1.Poetic-cubes 2.Columna ingr\u00e1vida en el primer caso, poetic-cubes, entran en juego percepciones relacionadas con la atenci\u00f3n y la ampliaci\u00f3n del propio espacio corporal o kinesfera. En el segundo caso, columna ingr\u00e1vida, adem\u00e1s de la atenci\u00f3n, se trata de sentir una sensaci\u00f3n de levedad o ingravidez. en poetic-cubes se se propone interactuar con un entorno que se adapta a los movimientos del usuario, al mismo tiempo que demanda atenci\u00f3n de \u00e9ste para seguir interactuando con todo el conjunto. En cada interacci\u00f3n crea una acci\u00f3n nueva, no programada, sino resultado de la acci\u00f3n en tiempo real, del aqu\u00ed y el ahora y que es posible gracias a los mecanismos de adaptaci\u00f3n y evoluci\u00f3n en que se basa la instalaci\u00f3n.  y por otro lado, en columna ingr\u00e1vida se propone atender a una parte concreta del cuerpo, la espalda, consigui\u00e9ndose a trav\u00e9s de construir un entorno que extiende artificialmente el cuerpo a trav\u00e9s de mecanismos de desarrollo y auto-organizaci\u00f3n y que se reflejan en el simple caminar del usuario. poetic-cubes: poetic-cubes es una instalaci\u00f3n f\u00edsica, un conjunto escult\u00f3rico, que se organiza y adquiere forma en relaci\u00f3n a los est\u00edmulos que provienen del entorno. la instalaci\u00f3n consta de 9 cubos-c\u00e9lulas o robots aut\u00f3nomos que cuentan en sus caras con pantallas luminosas y dotados de peque\u00f1as ruedas ocultas para su desplazamiento. Su comportamiento es el de detectar y rodear a las personas que haya en el entorno. Los robots mantendr\u00e1n siempre una distancia entre ellos y el centro de gravedad del usuario\/s. Su desplazamiento podr\u00e1 ejecutarse con un simple movimiento del brazo, que sin llegar a ejercer una interacci\u00f3n t\u00e1ctil, desplace el conjunto escult\u00f3rico. Es decir, cualquier expresi\u00f3n corporal del usuario ser\u00e1 detectada por el conjunto de robots ofreciendo as\u00ed una sincron\u00eda de movimientos entre los usuarios y los robots, permiti\u00e9ndoles obtener una percepci\u00f3n ampliada de su relaci\u00f3n con el entorno. La instalaci\u00f3n se configura como un espacio muy luminoso y con una gran gama crom\u00e1tica, donde el color siempre ser\u00e1 resultado de un proceso emergente.  columna ingr\u00e1vida: en columna ingr\u00e1vida una comunidad de 10 robots se relacionan entre si y entre los usuarios formando una cola, cuyas partes, a pesar de ser huesos-robots independientes trabajar\u00e1n en colaboraci\u00f3n entre ellas y entre los usuarios de la instalaci\u00f3n. Dichas colas se presentan como una prolongaci\u00f3n de la columna vertebral del usuario, que se arrastrar\u00e1 por el suelo, siguiendo a los visitantes por su espalda. Al poner la atenci\u00f3n en la espalda, se tiene m\u00e1s conciencia de ella y a la larga se permite despertar una sensaci\u00f3n de levedad.<\/p>\n<p>&nbsp;<\/p>\n<h3>Datos acad\u00e9micos de la tesis doctoral \u00ab<strong>M\u00e9todos adaptativos para el desarrollo de percepciones expandidas en instalaciones art\u00edsticas. atenci\u00f3n, experiencia sensible y bioinspiraci\u00f3n.<\/strong>\u00ab<\/h3>\n<ul>\n<li><strong>T\u00edtulo de la tesis:<\/strong>\u00a0 M\u00e9todos adaptativos para el desarrollo de percepciones expandidas en instalaciones art\u00edsticas. atenci\u00f3n, experiencia sensible y bioinspiraci\u00f3n. <\/li>\n<li><strong>Autor:<\/strong>\u00a0 Raquel Paricio Garcia <\/li>\n<li><strong>Universidad:<\/strong>\u00a0 Polit\u00e9cnica de catalunya<\/li>\n<li><strong>Fecha de lectura de la tesis:<\/strong>\u00a0 03\/09\/2010<\/li>\n<\/ul>\n<p>&nbsp;<\/p>\n<h3>Direcci\u00f3n y tribunal<\/h3>\n<ul>\n<li><strong>Director de la tesis<\/strong>\n<ul>\n<li>Juan  Manuel Moreno Arostegui<\/li>\n<\/ul>\n<\/li>\n<li><strong>Tribunal<\/strong>\n<ul>\n<li>Presidente del tribunal: eduardo S\u00e1nchez mej\u00eda <\/li>\n<li>cristina Miranda de almeida de barros (vocal)<\/li>\n<li>  (vocal)<\/li>\n<li>  (vocal)<\/li>\n<\/ul>\n<\/li>\n<\/ul>\n<p>&nbsp;<\/p>\n","protected":false},"excerpt":{"rendered":"<p>Tesis doctoral de Raquel Paricio Garcia La principal innovaci\u00f3n de esta tesis consiste en utilizar tecnolog\u00edas de adaptaci\u00f3n al entorno [&hellip;]<\/p>\n","protected":false},"author":1,"featured_media":0,"comment_status":"open","ping_status":"open","sticky":false,"template":"","format":"standard","meta":{"site-sidebar-layout":"default","site-content-layout":"","ast-site-content-layout":"","site-content-style":"default","site-sidebar-style":"default","ast-global-header-display":"","ast-banner-title-visibility":"","ast-main-header-display":"","ast-hfb-above-header-display":"","ast-hfb-below-header-display":"","ast-hfb-mobile-header-display":"","site-post-title":"","ast-breadcrumbs-content":"","ast-featured-img":"","footer-sml-layout":"","theme-transparent-header-meta":"","adv-header-id-meta":"","stick-header-meta":"","header-above-stick-meta":"","header-main-stick-meta":"","header-below-stick-meta":"","astra-migrate-meta-layouts":"default","ast-page-background-enabled":"default","ast-page-background-meta":{"desktop":{"background-color":"var(--ast-global-color-4)","background-image":"","background-repeat":"repeat","background-position":"center center","background-size":"auto","background-attachment":"scroll","background-type":"","background-media":"","overlay-type":"","overlay-color":"","overlay-gradient":""},"tablet":{"background-color":"","background-image":"","background-repeat":"repeat","background-position":"center center","background-size":"auto","background-attachment":"scroll","background-type":"","background-media":"","overlay-type":"","overlay-color":"","overlay-gradient":""},"mobile":{"background-color":"","background-image":"","background-repeat":"repeat","background-position":"center center","background-size":"auto","background-attachment":"scroll","background-type":"","background-media":"","overlay-type":"","overlay-color":"","overlay-gradient":""}},"ast-content-background-meta":{"desktop":{"background-color":"var(--ast-global-color-5)","background-image":"","background-repeat":"repeat","background-position":"center center","background-size":"auto","background-attachment":"scroll","background-type":"","background-media":"","overlay-type":"","overlay-color":"","overlay-gradient":""},"tablet":{"background-color":"var(--ast-global-color-5)","background-image":"","background-repeat":"repeat","background-position":"center center","background-size":"auto","background-attachment":"scroll","background-type":"","background-media":"","overlay-type":"","overlay-color":"","overlay-gradient":""},"mobile":{"background-color":"var(--ast-global-color-5)","background-image":"","background-repeat":"repeat","background-position":"center center","background-size":"auto","background-attachment":"scroll","background-type":"","background-media":"","overlay-type":"","overlay-color":"","overlay-gradient":""}},"footnotes":""},"categories":[4509,15596],"tags":[165603,36405,30439,209491],"class_list":["post-103461","post","type-post","status-publish","format-standard","hentry","category-arquitectura","category-politecnica-de-catalunya","tag-cristina-miranda-de-almeida-de-barros","tag-eduardo-sanchez-mejia","tag-juan-manuel-moreno-arostegui","tag-raquel-paricio-garcia"],"_links":{"self":[{"href":"https:\/\/www.deberes.net\/tesis\/wp-json\/wp\/v2\/posts\/103461","targetHints":{"allow":["GET"]}}],"collection":[{"href":"https:\/\/www.deberes.net\/tesis\/wp-json\/wp\/v2\/posts"}],"about":[{"href":"https:\/\/www.deberes.net\/tesis\/wp-json\/wp\/v2\/types\/post"}],"author":[{"embeddable":true,"href":"https:\/\/www.deberes.net\/tesis\/wp-json\/wp\/v2\/users\/1"}],"replies":[{"embeddable":true,"href":"https:\/\/www.deberes.net\/tesis\/wp-json\/wp\/v2\/comments?post=103461"}],"version-history":[{"count":0,"href":"https:\/\/www.deberes.net\/tesis\/wp-json\/wp\/v2\/posts\/103461\/revisions"}],"wp:attachment":[{"href":"https:\/\/www.deberes.net\/tesis\/wp-json\/wp\/v2\/media?parent=103461"}],"wp:term":[{"taxonomy":"category","embeddable":true,"href":"https:\/\/www.deberes.net\/tesis\/wp-json\/wp\/v2\/categories?post=103461"},{"taxonomy":"post_tag","embeddable":true,"href":"https:\/\/www.deberes.net\/tesis\/wp-json\/wp\/v2\/tags?post=103461"}],"curies":[{"name":"wp","href":"https:\/\/api.w.org\/{rel}","templated":true}]}}