{"id":103485,"date":"2010-03-09T00:00:00","date_gmt":"2010-03-09T00:00:00","guid":{"rendered":"https:\/\/www.deberes.net\/tesis\/sin-categoria\/estilos-y-calidad-de-vida-en-la-juventud\/"},"modified":"2010-03-09T00:00:00","modified_gmt":"2010-03-09T00:00:00","slug":"estilos-y-calidad-de-vida-en-la-juventud","status":"publish","type":"post","link":"https:\/\/www.deberes.net\/tesis\/sin-categoria\/estilos-y-calidad-de-vida-en-la-juventud\/","title":{"rendered":"Estilos y calidad de vida en la juventud."},"content":{"rendered":"<h2>Tesis doctoral de <strong> Mercedes Martinez Piedrola <\/strong><\/h2>\n<p>\u00abla salud se genera y se vive en el marco de la vida cotidiana.  es el resultado de:  &#8211; los cuidados que cada uno se otorga a s\u00ed mismo y a los dem\u00e1s; y &#8211; de la capacidad de tomar decisiones y controlar la vida propia.                  diversos estudio s y autores, recogen la interdependencia de la salud y los estilos de vida. (Kirby y romanov, lalonde, tarlov, starfield y shi , salleras e incluso los odm)                             el estilo de vida, es \u00ab\u00bbuna forma general de vivir, basada en patrone s de comportamiento concretos, determinados por la interacci\u00f3n entre las caracter\u00edsticas personales individuales y sociales, y las condiciones de vida econ\u00f3micas y ambientales \u00ab\u00bb.      la calidad de vida relacionada con la salud o salud percibida (cvrs),  refleja la percepci\u00f3n personal e integra aquellos aspectos de la vida directamente relacionados, no s\u00f3lo con la funci\u00f3n f\u00edsica y mental, sino tambi\u00e9n con el estado de bienestar.      m\u00faltiples estudios, han evidenciado la asociaci\u00f3n de cinco estilos de  vida, con un incremento del riesgo de muerte prematura, en el grupo de las personas con edades comprendidas entre 30 y 69 a\u00f1os:  &#8211;    el tabaquismo &#8211;    la inactividad f\u00edsica &#8211;    el consumo de bebidas alcoh\u00f3licas &#8211;    la obesidad  y  &#8211;    el tiempo dedicado al de scanso y ocio          los tres primeros evidenciaron tener una correlaci\u00f3n muy fuerte, demostrando a su vez, ser los principales predictores de la mortalidad.   para conocer la salud de la juventud es necesario tener en cuenta: &#8211;    la salud percibida  &#8211;    el bienestar  &#8211;    los estilos de vida y  &#8211;    las conductas de riesgo.      la promoci\u00f3n de h\u00e1bitos saludables entre los escolares y j\u00f3venes es una de las medidas que m\u00e1s y mejor pueden contribuir a la mejora de la esperanza y calidad de vida de la poblac i\u00f3n.                  el conocimiento de los estilos de vida actuales en los j\u00f3venes permite la planificaci\u00f3n, definici\u00f3n de estrategias y puesta en marcha de actividades dirigidas a la adquisici\u00f3n de estilos de vida saludables y habilidades para la vida (capacidades personales, interpersonales, cognitivas y f\u00edsicas), facilit\u00e1ndoles  la toma de decisiones y el control de su entorno.  m\u00e9todos de medida:       los instrumentos de medida utilizados tanto en los estilos de vida, como en  la calidad de vida son los cuestionarios.  &#8211;    para los estilos de vida destaca el cuestionario sobre vigilancia de las conductas de riesgo en la juventud (youth risk behavior surveillance system yrbss), que recoge informaci\u00f3n sobre los comportamientos que contribuy\u00bb<\/p>\n<p>&nbsp;<\/p>\n<h3>Datos acad\u00e9micos de la tesis doctoral \u00ab<strong>Estilos y calidad de vida en la juventud.<\/strong>\u00ab<\/h3>\n<ul>\n<li><strong>T\u00edtulo de la tesis:<\/strong>\u00a0 Estilos y calidad de vida en la juventud. <\/li>\n<li><strong>Autor:<\/strong>\u00a0 Mercedes Martinez Piedrola <\/li>\n<li><strong>Universidad:<\/strong>\u00a0 Complutense de Madrid<\/li>\n<li><strong>Fecha de lectura de la tesis:<\/strong>\u00a0 03\/09\/2010<\/li>\n<\/ul>\n<p>&nbsp;<\/p>\n<h3>Direcci\u00f3n y tribunal<\/h3>\n<ul>\n<li><strong>Director de la tesis<\/strong>\n<ul>\n<li>Antonio Saez  Crespo<\/li>\n<\/ul>\n<\/li>\n<li><strong>Tribunal<\/strong>\n<ul>\n<li>Presidente del tribunal: Juan  Carlos L\u00f3pez corral <\/li>\n<li>rosa Mar\u00eda Conty serrano (vocal)<\/li>\n<li>Rafael Herruzo cabrera (vocal)<\/li>\n<li>Jos\u00e9 Francisco Guillen solvas (vocal)<\/li>\n<\/ul>\n<\/li>\n<\/ul>\n<p>&nbsp;<\/p>\n","protected":false},"excerpt":{"rendered":"<p>Tesis doctoral de Mercedes Martinez Piedrola \u00abla salud se genera y se vive en el marco de la vida cotidiana. [&hellip;]<\/p>\n","protected":false},"author":1,"featured_media":0,"comment_status":"open","ping_status":"open","sticky":false,"template":"","format":"standard","meta":{"site-sidebar-layout":"default","site-content-layout":"","ast-site-content-layout":"","site-content-style":"default","site-sidebar-style":"default","ast-global-header-display":"","ast-banner-title-visibility":"","ast-main-header-display":"","ast-hfb-above-header-display":"","ast-hfb-below-header-display":"","ast-hfb-mobile-header-display":"","site-post-title":"","ast-breadcrumbs-content":"","ast-featured-img":"","footer-sml-layout":"","theme-transparent-header-meta":"","adv-header-id-meta":"","stick-header-meta":"","header-above-stick-meta":"","header-main-stick-meta":"","header-below-stick-meta":"","astra-migrate-meta-layouts":"default","ast-page-background-enabled":"default","ast-page-background-meta":{"desktop":{"background-color":"var(--ast-global-color-4)","background-image":"","background-repeat":"repeat","background-position":"center center","background-size":"auto","background-attachment":"scroll","background-type":"","background-media":"","overlay-type":"","overlay-color":"","overlay-gradient":""},"tablet":{"background-color":"","background-image":"","background-repeat":"repeat","background-position":"center center","background-size":"auto","background-attachment":"scroll","background-type":"","background-media":"","overlay-type":"","overlay-color":"","overlay-gradient":""},"mobile":{"background-color":"","background-image":"","background-repeat":"repeat","background-position":"center center","background-size":"auto","background-attachment":"scroll","background-type":"","background-media":"","overlay-type":"","overlay-color":"","overlay-gradient":""}},"ast-content-background-meta":{"desktop":{"background-color":"var(--ast-global-color-5)","background-image":"","background-repeat":"repeat","background-position":"center center","background-size":"auto","background-attachment":"scroll","background-type":"","background-media":"","overlay-type":"","overlay-color":"","overlay-gradient":""},"tablet":{"background-color":"var(--ast-global-color-5)","background-image":"","background-repeat":"repeat","background-position":"center center","background-size":"auto","background-attachment":"scroll","background-type":"","background-media":"","overlay-type":"","overlay-color":"","overlay-gradient":""},"mobile":{"background-color":"var(--ast-global-color-5)","background-image":"","background-repeat":"repeat","background-position":"center center","background-size":"auto","background-attachment":"scroll","background-type":"","background-media":"","overlay-type":"","overlay-color":"","overlay-gradient":""}},"footnotes":""},"categories":[1],"tags":[209529,3341,192878,209528,8545,120427],"class_list":["post-103485","post","type-post","status-publish","format-standard","hentry","category-sin-categoria","tag-antonio-saez-crespo","tag-jose-francisco-guillen-solvas","tag-juan-carlos-lopez-corral","tag-mercedes-Martinez-piedrola","tag-rafael-herruzo-cabrera","tag-rosa-maria-conty-serrano"],"_links":{"self":[{"href":"https:\/\/www.deberes.net\/tesis\/wp-json\/wp\/v2\/posts\/103485","targetHints":{"allow":["GET"]}}],"collection":[{"href":"https:\/\/www.deberes.net\/tesis\/wp-json\/wp\/v2\/posts"}],"about":[{"href":"https:\/\/www.deberes.net\/tesis\/wp-json\/wp\/v2\/types\/post"}],"author":[{"embeddable":true,"href":"https:\/\/www.deberes.net\/tesis\/wp-json\/wp\/v2\/users\/1"}],"replies":[{"embeddable":true,"href":"https:\/\/www.deberes.net\/tesis\/wp-json\/wp\/v2\/comments?post=103485"}],"version-history":[{"count":0,"href":"https:\/\/www.deberes.net\/tesis\/wp-json\/wp\/v2\/posts\/103485\/revisions"}],"wp:attachment":[{"href":"https:\/\/www.deberes.net\/tesis\/wp-json\/wp\/v2\/media?parent=103485"}],"wp:term":[{"taxonomy":"category","embeddable":true,"href":"https:\/\/www.deberes.net\/tesis\/wp-json\/wp\/v2\/categories?post=103485"},{"taxonomy":"post_tag","embeddable":true,"href":"https:\/\/www.deberes.net\/tesis\/wp-json\/wp\/v2\/tags?post=103485"}],"curies":[{"name":"wp","href":"https:\/\/api.w.org\/{rel}","templated":true}]}}