{"id":103495,"date":"2010-06-09T00:00:00","date_gmt":"2010-06-09T00:00:00","guid":{"rendered":"https:\/\/www.deberes.net\/tesis\/sin-categoria\/la-inteligencia-emocional-como-variable-predictorad-de-adaptacion-psicosocial-en-estudiantes-de-la-comunidad-de-madrid\/"},"modified":"2010-06-09T00:00:00","modified_gmt":"2010-06-09T00:00:00","slug":"la-inteligencia-emocional-como-variable-predictorad-de-adaptacion-psicosocial-en-estudiantes-de-la-comunidad-de-madrid","status":"publish","type":"post","link":"https:\/\/www.deberes.net\/tesis\/sin-categoria\/la-inteligencia-emocional-como-variable-predictorad-de-adaptacion-psicosocial-en-estudiantes-de-la-comunidad-de-madrid\/","title":{"rendered":"La inteligencia emocional como variable predictorad de adaptaci\u00f3n psicosocial en estudiantes de la comunidad de Madrid"},"content":{"rendered":"<h2>Tesis doctoral de <strong> Antonio Fern\u00e1ndez Gonz\u00e1lez <\/strong><\/h2>\n<p>El presente trabajo de investigaci\u00f3n tiene por objetivo comprobar si la inteligencia emocional predice una mayor adaptaci\u00f3n psicosocial en estudiantes de la comunidad de Madrid. el marco te\u00f3rico aborda la delimitaci\u00f3n de la inteligencia emocional, su procedencia, entidad como constructo, medida y cambio. Tambi\u00e9n se ahonda en el concepto de adaptaci\u00f3n psicosocial y se relaciona con el primero. Estos cap\u00edtulos te\u00f3ricos enmarcan y orientan la investigaci\u00f3n realizada a trav\u00e9s de un trabajo emp\u00edrico en el que se utilizaron medidas de inteligencia emocional autopercibida (tmms-24) y objetiva (tesis), de competencia social (scf) y de empat\u00eda (iri). Adem\u00e1s, se recogieron las puntuaciones en la adaptaci\u00f3n psicosocial por medio de dos cuestionarios (tamai, basc) y se utilizaron indicadores objetivos de ajuste al contexto educativo (n\u00famero de suspensos, partes de amonestaci\u00f3n e incidencias, expulsiones del centro por tres o quince d\u00edas) en una muestra compuesta por 757 participantes de diversos centros educativos de la comunidad de Madrid, de titularidad p\u00fablica y privada, procedentes de niveles universitarios y no universitarios. en el trabajo emp\u00edrico es particularmente destacable la utilizaci\u00f3n para la recogida de datos de medidas objetivas, tanto para la adaptaci\u00f3n psicosocial como para la medici\u00f3n de la inteligencia emocional, dada la participaci\u00f3n del tesis.  los resultados estad\u00edsticos avalan la hip\u00f3tesis de que una elevada inteligencia emocional es un importante predictor de la adaptaci\u00f3n en el entorno educativo. Resulta destacable el hecho de que la adaptaci\u00f3n psicosocial correlacione con la inteligencia emocional tanto a trav\u00e9s de pruebas objetivas como autopercibidas, y tanto por autoinformes (tamai y basc) como con indicadores objetivos.<\/p>\n<p>&nbsp;<\/p>\n<h3>Datos acad\u00e9micos de la tesis doctoral \u00ab<strong>La inteligencia emocional como variable predictorad de adaptaci\u00f3n psicosocial en estudiantes de la comunidad de Madrid<\/strong>\u00ab<\/h3>\n<ul>\n<li><strong>T\u00edtulo de la tesis:<\/strong>\u00a0 La inteligencia emocional como variable predictorad de adaptaci\u00f3n psicosocial en estudiantes de la comunidad de Madrid <\/li>\n<li><strong>Autor:<\/strong>\u00a0 Antonio Fern\u00e1ndez Gonz\u00e1lez <\/li>\n<li><strong>Universidad:<\/strong>\u00a0 Aut\u00f3noma de Madrid<\/li>\n<li><strong>Fecha de lectura de la tesis:<\/strong>\u00a0 06\/09\/2010<\/li>\n<\/ul>\n<p>&nbsp;<\/p>\n<h3>Direcci\u00f3n y tribunal<\/h3>\n<ul>\n<li><strong>Director de la tesis<\/strong>\n<ul>\n<li>Jorge Barraca Mairal<\/li>\n<\/ul>\n<\/li>\n<li><strong>Tribunal<\/strong>\n<ul>\n<li>Presidente del tribunal: pablo Fernandez berrocal <\/li>\n<li>engracia Alda de la fuente (vocal)<\/li>\n<li>Mar\u00eda  asuncion Camina durantez (vocal)<\/li>\n<li>natalio Extremera pacheco (vocal)<\/li>\n<\/ul>\n<\/li>\n<\/ul>\n<p>&nbsp;<\/p>\n","protected":false},"excerpt":{"rendered":"<p>Tesis doctoral de Antonio Fern\u00e1ndez Gonz\u00e1lez El presente trabajo de investigaci\u00f3n tiene por objetivo comprobar si la inteligencia emocional predice [&hellip;]<\/p>\n","protected":false},"author":1,"featured_media":0,"comment_status":"open","ping_status":"open","sticky":false,"template":"","format":"standard","meta":{"site-sidebar-layout":"default","site-content-layout":"","ast-site-content-layout":"","site-content-style":"default","site-sidebar-style":"default","ast-global-header-display":"","ast-banner-title-visibility":"","ast-main-header-display":"","ast-hfb-above-header-display":"","ast-hfb-below-header-display":"","ast-hfb-mobile-header-display":"","site-post-title":"","ast-breadcrumbs-content":"","ast-featured-img":"","footer-sml-layout":"","theme-transparent-header-meta":"","adv-header-id-meta":"","stick-header-meta":"","header-above-stick-meta":"","header-main-stick-meta":"","header-below-stick-meta":"","astra-migrate-meta-layouts":"default","ast-page-background-enabled":"default","ast-page-background-meta":{"desktop":{"background-color":"var(--ast-global-color-4)","background-image":"","background-repeat":"repeat","background-position":"center center","background-size":"auto","background-attachment":"scroll","background-type":"","background-media":"","overlay-type":"","overlay-color":"","overlay-gradient":""},"tablet":{"background-color":"","background-image":"","background-repeat":"repeat","background-position":"center center","background-size":"auto","background-attachment":"scroll","background-type":"","background-media":"","overlay-type":"","overlay-color":"","overlay-gradient":""},"mobile":{"background-color":"","background-image":"","background-repeat":"repeat","background-position":"center center","background-size":"auto","background-attachment":"scroll","background-type":"","background-media":"","overlay-type":"","overlay-color":"","overlay-gradient":""}},"ast-content-background-meta":{"desktop":{"background-color":"var(--ast-global-color-5)","background-image":"","background-repeat":"repeat","background-position":"center center","background-size":"auto","background-attachment":"scroll","background-type":"","background-media":"","overlay-type":"","overlay-color":"","overlay-gradient":""},"tablet":{"background-color":"var(--ast-global-color-5)","background-image":"","background-repeat":"repeat","background-position":"center center","background-size":"auto","background-attachment":"scroll","background-type":"","background-media":"","overlay-type":"","overlay-color":"","overlay-gradient":""},"mobile":{"background-color":"var(--ast-global-color-5)","background-image":"","background-repeat":"repeat","background-position":"center center","background-size":"auto","background-attachment":"scroll","background-type":"","background-media":"","overlay-type":"","overlay-color":"","overlay-gradient":""}},"footnotes":""},"categories":[1],"tags":[209541,143846,89583,209542,77224,17091],"class_list":["post-103495","post","type-post","status-publish","format-standard","hentry","category-sin-categoria","tag-antonio-fernandez-gonzalez","tag-engracia-alda-de-la-fuente","tag-jorge-barraca-mairal","tag-maria-asuncion-camina-durantez","tag-natalio-extremera-pacheco","tag-pablo-fernandez-berrocal"],"_links":{"self":[{"href":"https:\/\/www.deberes.net\/tesis\/wp-json\/wp\/v2\/posts\/103495","targetHints":{"allow":["GET"]}}],"collection":[{"href":"https:\/\/www.deberes.net\/tesis\/wp-json\/wp\/v2\/posts"}],"about":[{"href":"https:\/\/www.deberes.net\/tesis\/wp-json\/wp\/v2\/types\/post"}],"author":[{"embeddable":true,"href":"https:\/\/www.deberes.net\/tesis\/wp-json\/wp\/v2\/users\/1"}],"replies":[{"embeddable":true,"href":"https:\/\/www.deberes.net\/tesis\/wp-json\/wp\/v2\/comments?post=103495"}],"version-history":[{"count":0,"href":"https:\/\/www.deberes.net\/tesis\/wp-json\/wp\/v2\/posts\/103495\/revisions"}],"wp:attachment":[{"href":"https:\/\/www.deberes.net\/tesis\/wp-json\/wp\/v2\/media?parent=103495"}],"wp:term":[{"taxonomy":"category","embeddable":true,"href":"https:\/\/www.deberes.net\/tesis\/wp-json\/wp\/v2\/categories?post=103495"},{"taxonomy":"post_tag","embeddable":true,"href":"https:\/\/www.deberes.net\/tesis\/wp-json\/wp\/v2\/tags?post=103495"}],"curies":[{"name":"wp","href":"https:\/\/api.w.org\/{rel}","templated":true}]}}