{"id":103608,"date":"2018-03-11T10:26:17","date_gmt":"2018-03-11T10:26:17","guid":{"rendered":"https:\/\/www.deberes.net\/tesis\/sin-categoria\/propuesta-metodologica-para-el-analisis-de-la-accesibilidad-de-los-parques-nacionales\/"},"modified":"2018-03-11T10:26:17","modified_gmt":"2018-03-11T10:26:17","slug":"propuesta-metodologica-para-el-analisis-de-la-accesibilidad-de-los-parques-nacionales","status":"publish","type":"post","link":"https:\/\/www.deberes.net\/tesis\/leon\/propuesta-metodologica-para-el-analisis-de-la-accesibilidad-de-los-parques-nacionales\/","title":{"rendered":"Propuesta metodol\u00f3gica para el an\u00e1lisis de la accesibilidad de los parques nacionales"},"content":{"rendered":"<h2>Tesis doctoral de <strong> Jes\u00fas Hern\u00e1ndez Gal\u00e1n <\/strong><\/h2>\n<p>La vulneraci\u00f3n de los derechos fundamentales de las personas con discapacidad por la falta de accesibilidad de entornos, productos y servicios es un hecho frecuente. Seg\u00fan el plan nacional de accesibilidad el 40% de la poblaci\u00f3n se ve beneficiada directamente por la accesibilidad en entornos, productos y servicios. Esto representa unos 16 millones de personas en espa\u00f1a y unos 200 millones de personas en europa. De forma indirecta podemos asegurar que se mejora la calidad de vida de toda la poblaci\u00f3n (imserso, 2003). Para la publicaci\u00f3n de este documento se realizaron evaluaciones t\u00e9cnicas en 265 edificios de uso p\u00fablico, en 71 poblaciones resultando que el 100% de los mismos incumpl\u00eda alguno de los criterios legales de accesibilidad.  se evaluaron las condiciones de accesibilidad en 80 municipios de la pen\u00ednsula e islas; concluyendo que nos hallamos todav\u00eda muy lejos para que la accesibilidad sea una caracter\u00edstica com\u00fan, de hecho s\u00f3lo 4 de los 729 itinerarios evaluados cumpl\u00edan plenamente los criterios establecidos por las normativas auton\u00f3micas de accesibilidad. Pr\u00e1cticamente no se pudo realizar ning\u00fan recorrido de 500 metros por nuestras ciudades sin hallar alguna barrera. (Imserso, 2003) ante esta situaci\u00f3n y dada la falta de informaci\u00f3n sobre la accesibilidad a espacios naturales protegidos se plantea esta tesis doctoral con los siguientes objetivos: 1. Analizar la legislaci\u00f3n vigente. Como resultado de este objetivo se verifica la existencia de suficiente legislaci\u00f3n en espa\u00f1a para obligar a los parques nacionales a que sean accesibles. Asimismo se pueden establecer los par\u00e1metros m\u00ednimos que deben cumplir los entornos, productos y servicios a disposici\u00f3n del p\u00fablico. 2. Analizar las metodolog\u00edas propuestas por otros autores. Se realiza un an\u00e1lisis de las metodolog\u00edas han sido propuestas tanto a nivel nacional como internacional extray\u00e9ndose las bondades de \u00e9stas e incorpor\u00e1ndolas a la metodolog\u00eda propuesta en este trabajo de investigaci\u00f3n. 3. Desarrollar una metodolog\u00eda efectiva para capturar datos sobre los niveles de accesibilidad de los parques nacionales. Esta metodolog\u00eda tiene la complejidad necesaria como para conocer en profundidad el nivel de accesibilidad del espacio natural protegido evaluado. Esta herramienta permite elaborar planes de gesti\u00f3n y estrategias que resuelven los problemas detectados a trav\u00e9s de su evaluaci\u00f3n. El nivel de detalle alcanzado por esta metodolog\u00eda ha exigido la realizaci\u00f3n de un an\u00e1lisis en profundidad tanto de la legislaci\u00f3n existente como de otras metodolog\u00edas que han sido elaboradas para tal fin. La informaci\u00f3n que pueda ser recogida en un espacio natural protegido podr\u00e1 ser de dos tipos, una objetiva y por lo tanto medible y parametrizable y otra subjetiva captada a trav\u00e9s de la informaci\u00f3n facilitada por los gestores de uso p\u00fablico. Al objeto de poder desarrollar la metodolog\u00eda establecida en el objetivo general se han planteado los siguientes objetivos operativos:   a. Desarrollar una herramienta metodol\u00f3gica cualitativa a trav\u00e9s de encuestas a gestores de parques.   b. Desarrollar una herramienta metodol\u00f3gica para la captura de datos medibles. 4. Conocer el nivel de accesibilidad de una muestra de los parques nacionales espa\u00f1oles a trav\u00e9s de la aplicaci\u00f3n de la metodolog\u00eda desarrollada. A trav\u00e9s de este objetivo se ha podido testar la metodolog\u00eda propuesta y de esta forma comprobar su utilidad. Asimismo se analiza la accesibilidad de una muestra de parques nacionales. el primer an\u00e1lisis que se aborda en el presente trabajo de investigaci\u00f3n est\u00e1 centrado en el estudio de las caracter\u00edsticas de las personas directamente beneficiadas por la accesibilidad. Aunque la accesibilidad incide de forma clara en un uso m\u00e1s confortable de todos los elementos a disposici\u00f3n del p\u00fablico por parte de toda la poblaci\u00f3n, para el colectivo de personas con discapacidad es imprescindible. Por ello este primer an\u00e1lisis se centra en \u00e9ste grupo de poblaci\u00f3n, analizando por un lado su clasificaci\u00f3n en base a deficiencias y por otro lado en base a actividades. Por lo anteriormente expuesto este primer an\u00e1lisis tiene muy presente las capacidades funcionales del ser humano y las limitaciones de las mismas al objeto de establecer desajustes entre dichas capacidades y las demandas derivadas de la interactuaci\u00f3n con los diferentes elementos a disposici\u00f3n del p\u00fablico. una vez realizado el an\u00e1lisis y clasificaci\u00f3n centrado en el ser humano se aborda el an\u00e1lisis de los diferentes elementos existentes en un parque nacional y que se encuentren a disposici\u00f3n del p\u00fablico. Entre estos elementos se analiza en profundidad las caracter\u00edsticas t\u00e9cnicas, constructivas y dimensionales necesarias para que su dise\u00f1o pueda ser utilizado por todos los visitantes, independientemente de sus capacidades funcionales, en la mayor extensi\u00f3n posible. Dentro de estos elementos cabe destacar edificaciones, red de senderos, mobiliario, elementos de transporte, sistemas de informaci\u00f3n, elementos tecnol\u00f3gicos, formaci\u00f3n de recursos humanos, entre otros.  tanto el an\u00e1lisis de las capacidades funcionales del ser humano como los elementos a disposici\u00f3n del p\u00fablico y sus caracter\u00edsticas constituyen el apartado de materiales y m\u00e9todos fundamentales para poder desarrollar el trabajo de investigaci\u00f3n. la existencia de legislaci\u00f3n y muy especialmente su cumplimiento inciden directamente en la mejora de la accesibilidad. Un an\u00e1lisis en profundidad del cuerpo legislativo tanto a nivel nacional como de los pa\u00edses m\u00e1s desarrollados en esta materia ha ayudado a establecer las bases as\u00ed como los elementos a medir para que la metodolog\u00eda propuesta en este trabajo de investigaci\u00f3n sea realmente efectiva. Tambi\u00e9n es importante analizar el cuerpo normativo de car\u00e1cter voluntario ya que por regla general este tipo de documentos aportan consideraciones t\u00e9cnicas a un nivel de profundidad superior al de la normativa de car\u00e1cter obligatorio. Por ello, con el objetivo de que la metodolog\u00eda propuesta en este trabajo de investigaci\u00f3n sea lo m\u00e1s completa posible se analiza con rigurosidad este tipo de documentaci\u00f3n. antes de realizar la propuesta metodol\u00f3gica se analizan otras propuestas que se han realizado tanto a nivel nacional como internacional. Esto ha servido no s\u00f3lo para conocer lo novedoso de este trabajo de investigaci\u00f3n sino que  crucial para que la metodolog\u00eda propuesta recoja las bondades propuestas por otros autores. Este an\u00e1lisis se realiza de forma cr\u00edtica extrayendo las aportaciones m\u00e1s valiosas y que inciden directamente en la excelencia de la metodolog\u00eda propuesta en este trabajo de investigaci\u00f3n. una vez analizada la legislaci\u00f3n y las metodolog\u00edas para el an\u00e1lisis de la accesibilidad de parques nacionales tanto a nivel nacional como internacional se realiza la propuesta metodol\u00f3gica objeto de esta tesis doctoral. Una vez realizada esta propuesta se ha comprobado su bondad con el an\u00e1lisis de dos parques nacionales y a trav\u00e9s de la cual se determina su nivel de accesibilidad. al objeto de aportar a este trabajo de investigaci\u00f3n el an\u00e1lisis cualitativo sobre la percepci\u00f3n de los gestores de uso p\u00fablico de los parques nacionales se realizan encuestas y se expone su resultado. tanto el an\u00e1lisis de la legislaci\u00f3n como de las metodolog\u00edas existentes as\u00ed como la propuesta metodol\u00f3gica, el an\u00e1lisis de la accesibilidad de dos parques nacionales y el an\u00e1lisis cualitativo de la percepci\u00f3n de los gestores de uso p\u00fablico constituyen el apartado de resultados de esta tesis doctoral. para finalizar este trabajo se exponen las conclusiones derivadas de todo el proceso as\u00ed como las extensiones a este trabajo de investigaci\u00f3n y que podr\u00e1n en un futuro completar esta tesis.<\/p>\n<p>&nbsp;<\/p>\n<h3>Datos acad\u00e9micos de la tesis doctoral \u00ab<strong>Propuesta metodol\u00f3gica para el an\u00e1lisis de la accesibilidad de los parques nacionales<\/strong>\u00ab<\/h3>\n<ul>\n<li><strong>T\u00edtulo de la tesis:<\/strong>\u00a0 Propuesta metodol\u00f3gica para el an\u00e1lisis de la accesibilidad de los parques nacionales <\/li>\n<li><strong>Autor:<\/strong>\u00a0 Jes\u00fas Hern\u00e1ndez Gal\u00e1n <\/li>\n<li><strong>Universidad:<\/strong>\u00a0 Le\u00f3n<\/li>\n<li><strong>Fecha de lectura de la tesis:<\/strong>\u00a0 13\/09\/2010<\/li>\n<\/ul>\n<p>&nbsp;<\/p>\n<h3>Direcci\u00f3n y tribunal<\/h3>\n<ul>\n<li><strong>Director de la tesis<\/strong>\n<ul>\n<li>Joaquin Ram\u00edrez Cisneros<\/li>\n<\/ul>\n<\/li>\n<li><strong>Tribunal<\/strong>\n<ul>\n<li>Presidente del tribunal: mercedes Cabrera calvo sotelo <\/li>\n<li>Javier Benayas del \u00e1lamo (vocal)<\/li>\n<li>nieves Navarro cano (vocal)<\/li>\n<li>Jos\u00e9 Luis Ripoll Garc\u00eda (vocal)<\/li>\n<\/ul>\n<\/li>\n<\/ul>\n<p>&nbsp;<\/p>\n","protected":false},"excerpt":{"rendered":"<p>Tesis doctoral de Jes\u00fas Hern\u00e1ndez Gal\u00e1n La vulneraci\u00f3n de los derechos fundamentales de las personas con discapacidad por la falta [&hellip;]<\/p>\n","protected":false},"author":1,"featured_media":0,"comment_status":"open","ping_status":"open","sticky":false,"template":"","format":"standard","meta":{"site-sidebar-layout":"default","site-content-layout":"","ast-site-content-layout":"","site-content-style":"default","site-sidebar-style":"default","ast-global-header-display":"","ast-banner-title-visibility":"","ast-main-header-display":"","ast-hfb-above-header-display":"","ast-hfb-below-header-display":"","ast-hfb-mobile-header-display":"","site-post-title":"","ast-breadcrumbs-content":"","ast-featured-img":"","footer-sml-layout":"","theme-transparent-header-meta":"","adv-header-id-meta":"","stick-header-meta":"","header-above-stick-meta":"","header-main-stick-meta":"","header-below-stick-meta":"","astra-migrate-meta-layouts":"default","ast-page-background-enabled":"default","ast-page-background-meta":{"desktop":{"background-color":"var(--ast-global-color-4)","background-image":"","background-repeat":"repeat","background-position":"center center","background-size":"auto","background-attachment":"scroll","background-type":"","background-media":"","overlay-type":"","overlay-color":"","overlay-gradient":""},"tablet":{"background-color":"","background-image":"","background-repeat":"repeat","background-position":"center center","background-size":"auto","background-attachment":"scroll","background-type":"","background-media":"","overlay-type":"","overlay-color":"","overlay-gradient":""},"mobile":{"background-color":"","background-image":"","background-repeat":"repeat","background-position":"center center","background-size":"auto","background-attachment":"scroll","background-type":"","background-media":"","overlay-type":"","overlay-color":"","overlay-gradient":""}},"ast-content-background-meta":{"desktop":{"background-color":"var(--ast-global-color-5)","background-image":"","background-repeat":"repeat","background-position":"center center","background-size":"auto","background-attachment":"scroll","background-type":"","background-media":"","overlay-type":"","overlay-color":"","overlay-gradient":""},"tablet":{"background-color":"var(--ast-global-color-5)","background-image":"","background-repeat":"repeat","background-position":"center center","background-size":"auto","background-attachment":"scroll","background-type":"","background-media":"","overlay-type":"","overlay-color":"","overlay-gradient":""},"mobile":{"background-color":"var(--ast-global-color-5)","background-image":"","background-repeat":"repeat","background-position":"center center","background-size":"auto","background-attachment":"scroll","background-type":"","background-media":"","overlay-type":"","overlay-color":"","overlay-gradient":""}},"footnotes":""},"categories":[19815,12564,16072,4430,56648],"tags":[144974,209736,77100,30601,79967,140219],"class_list":["post-103608","post","type-post","status-publish","format-standard","hentry","category-calidad-de-vida","category-diseno-arquitectonico","category-jardines-y-parques","category-leon","category-minusvalia","tag-javier-benayas-del-alamo","tag-jesus-hernandez-galan","tag-joaquin-ramirez-cisneros","tag-jose-luis-ripoll-garcia","tag-mercedes-cabrera-calvo-sotelo","tag-nieves-navarro-cano"],"_links":{"self":[{"href":"https:\/\/www.deberes.net\/tesis\/wp-json\/wp\/v2\/posts\/103608","targetHints":{"allow":["GET"]}}],"collection":[{"href":"https:\/\/www.deberes.net\/tesis\/wp-json\/wp\/v2\/posts"}],"about":[{"href":"https:\/\/www.deberes.net\/tesis\/wp-json\/wp\/v2\/types\/post"}],"author":[{"embeddable":true,"href":"https:\/\/www.deberes.net\/tesis\/wp-json\/wp\/v2\/users\/1"}],"replies":[{"embeddable":true,"href":"https:\/\/www.deberes.net\/tesis\/wp-json\/wp\/v2\/comments?post=103608"}],"version-history":[{"count":0,"href":"https:\/\/www.deberes.net\/tesis\/wp-json\/wp\/v2\/posts\/103608\/revisions"}],"wp:attachment":[{"href":"https:\/\/www.deberes.net\/tesis\/wp-json\/wp\/v2\/media?parent=103608"}],"wp:term":[{"taxonomy":"category","embeddable":true,"href":"https:\/\/www.deberes.net\/tesis\/wp-json\/wp\/v2\/categories?post=103608"},{"taxonomy":"post_tag","embeddable":true,"href":"https:\/\/www.deberes.net\/tesis\/wp-json\/wp\/v2\/tags?post=103608"}],"curies":[{"name":"wp","href":"https:\/\/api.w.org\/{rel}","templated":true}]}}