{"id":10363,"date":"1996-01-01T00:00:00","date_gmt":"1996-01-01T00:00:00","guid":{"rendered":""},"modified":"1996-01-01T00:00:00","modified_gmt":"1996-01-01T00:00:00","slug":"diseno-de-una-metodologia-integrada-para-la-ensenanza-del-ingles-como-l2-una-propuesta-didactica-basada-en-el-modelo-lexematico-funcional-aplicado-a-la-construccion-de-un-corpus-de-verbos-prototipica","status":"publish","type":"post","link":"https:\/\/www.deberes.net\/tesis\/linguistica\/diseno-de-una-metodologia-integrada-para-la-ensenanza-del-ingles-como-l2-una-propuesta-didactica-basada-en-el-modelo-lexematico-funcional-aplicado-a-la-construccion-de-un-corpus-de-verbos-prototipica\/","title":{"rendered":"Dise\u00f1o de una metodolog\u00eda integrada para la ense\u00f1anza del ingles como l2: una propuesta didactica basada en el modelo lexematico-funcional aplicado a la construccion de un corpus de verbos prototipicamente transitivos."},"content":{"rendered":"<h2>Tesis doctoral de <strong> Luis Rodriguez Garcia <\/strong><\/h2>\n<p>En esta tesis se propone: una metodolog\u00eda integrada para la ense\u00f1anza del ingles como l2, basada en la explotacion de los esquemas cognitivos conceptuales de un \u00abcorpus\u00bb de lexemas verbales prototipicamente transitivos del campo semantico del movimiento. La estructuracion del \u00abcorpus\u00bb responde a los criterios linguisticos defendidos por el modelo lexematico funcional y se presenta organizada en \u00abdimensiones\u00bb, conexionadas con una base de datos multifuncional al objeto de facilitar su uso en los diversos niveles de aprendizaje.<\/p>\n<p>&nbsp;<\/p>\n<h3>Datos acad\u00e9micos de la tesis doctoral \u00ab<strong>Dise\u00f1o de una metodolog\u00eda integrada para la ense\u00f1anza del ingles como l2: una propuesta didactica basada en el modelo lexematico-funcional aplicado a la construccion de un corpus de verbos prototipicamente transitivos.<\/strong>\u00ab<\/h3>\n<ul>\n<li><strong>T\u00edtulo de la tesis:<\/strong>\u00a0 Dise\u00f1o de una metodolog\u00eda integrada para la ense\u00f1anza del ingles como l2: una propuesta didactica basada en el modelo lexematico-funcional aplicado a la construccion de un corpus de verbos prototipicamente transitivos. <\/li>\n<li><strong>Autor:<\/strong>\u00a0 Luis Rodriguez Garcia <\/li>\n<li><strong>Universidad:<\/strong>\u00a0 C\u00f3rdoba<\/li>\n<li><strong>Fecha de lectura de la tesis:<\/strong>\u00a0 01\/01\/1996<\/li>\n<\/ul>\n<p>&nbsp;<\/p>\n<h3>Direcci\u00f3n y tribunal<\/h3>\n<ul>\n<li><strong>Director de la tesis<\/strong>\n<ul>\n<li>Ricardo Mairal Us\u00f3n<\/li>\n<\/ul>\n<\/li>\n<li><strong>Tribunal<\/strong>\n<ul>\n<li>Presidente del tribunal: Miguel Angel Garcia Peinado <\/li>\n<li>Antonio Romero Lopez (vocal)<\/li>\n<li>Eugenio Coseriu Spanu (vocal)<\/li>\n<li>\u00e1ngel Miguel Felices Lago (vocal)<\/li>\n<\/ul>\n<\/li>\n<\/ul>\n<p>&nbsp;<\/p>\n","protected":false},"excerpt":{"rendered":"<p>Tesis doctoral de Luis Rodriguez Garcia En esta tesis se propone: una metodolog\u00eda integrada para la ense\u00f1anza del ingles como [&hellip;]<\/p>\n","protected":false},"author":1,"featured_media":0,"comment_status":"open","ping_status":"open","sticky":false,"template":"","format":"standard","meta":{"site-sidebar-layout":"default","site-content-layout":"","ast-site-content-layout":"","site-content-style":"default","site-sidebar-style":"default","ast-global-header-display":"","ast-banner-title-visibility":"","ast-main-header-display":"","ast-hfb-above-header-display":"","ast-hfb-below-header-display":"","ast-hfb-mobile-header-display":"","site-post-title":"","ast-breadcrumbs-content":"","ast-featured-img":"","footer-sml-layout":"","theme-transparent-header-meta":"","adv-header-id-meta":"","stick-header-meta":"","header-above-stick-meta":"","header-main-stick-meta":"","header-below-stick-meta":"","astra-migrate-meta-layouts":"default","ast-page-background-enabled":"default","ast-page-background-meta":{"desktop":{"background-color":"var(--ast-global-color-4)","background-image":"","background-repeat":"repeat","background-position":"center center","background-size":"auto","background-attachment":"scroll","background-type":"","background-media":"","overlay-type":"","overlay-color":"","overlay-gradient":""},"tablet":{"background-color":"","background-image":"","background-repeat":"repeat","background-position":"center center","background-size":"auto","background-attachment":"scroll","background-type":"","background-media":"","overlay-type":"","overlay-color":"","overlay-gradient":""},"mobile":{"background-color":"","background-image":"","background-repeat":"repeat","background-position":"center center","background-size":"auto","background-attachment":"scroll","background-type":"","background-media":"","overlay-type":"","overlay-color":"","overlay-gradient":""}},"ast-content-background-meta":{"desktop":{"background-color":"var(--ast-global-color-5)","background-image":"","background-repeat":"repeat","background-position":"center center","background-size":"auto","background-attachment":"scroll","background-type":"","background-media":"","overlay-type":"","overlay-color":"","overlay-gradient":""},"tablet":{"background-color":"var(--ast-global-color-5)","background-image":"","background-repeat":"repeat","background-position":"center center","background-size":"auto","background-attachment":"scroll","background-type":"","background-media":"","overlay-type":"","overlay-color":"","overlay-gradient":""},"mobile":{"background-color":"var(--ast-global-color-5)","background-image":"","background-repeat":"repeat","background-position":"center center","background-size":"auto","background-attachment":"scroll","background-type":"","background-media":"","overlay-type":"","overlay-color":"","overlay-gradient":""}},"footnotes":""},"categories":[973,1891,59,60],"tags":[22405,22128,34702,34701,2305,2308],"class_list":["post-10363","post","type-post","status-publish","format-standard","hentry","category-cordoba","category-ensenanza-de-lenguas","category-linguistica","category-linguistica-aplicada","tag-angel-miguel-felices-lago","tag-antonio-romero-lopez","tag-eugenio-coseriu-spanu","tag-luis-rodriguez-garcia","tag-miguel-angel-garcia-peinado","tag-ricardo-mairal-uson"],"_links":{"self":[{"href":"https:\/\/www.deberes.net\/tesis\/wp-json\/wp\/v2\/posts\/10363","targetHints":{"allow":["GET"]}}],"collection":[{"href":"https:\/\/www.deberes.net\/tesis\/wp-json\/wp\/v2\/posts"}],"about":[{"href":"https:\/\/www.deberes.net\/tesis\/wp-json\/wp\/v2\/types\/post"}],"author":[{"embeddable":true,"href":"https:\/\/www.deberes.net\/tesis\/wp-json\/wp\/v2\/users\/1"}],"replies":[{"embeddable":true,"href":"https:\/\/www.deberes.net\/tesis\/wp-json\/wp\/v2\/comments?post=10363"}],"version-history":[{"count":0,"href":"https:\/\/www.deberes.net\/tesis\/wp-json\/wp\/v2\/posts\/10363\/revisions"}],"wp:attachment":[{"href":"https:\/\/www.deberes.net\/tesis\/wp-json\/wp\/v2\/media?parent=10363"}],"wp:term":[{"taxonomy":"category","embeddable":true,"href":"https:\/\/www.deberes.net\/tesis\/wp-json\/wp\/v2\/categories?post=10363"},{"taxonomy":"post_tag","embeddable":true,"href":"https:\/\/www.deberes.net\/tesis\/wp-json\/wp\/v2\/tags?post=10363"}],"curies":[{"name":"wp","href":"https:\/\/api.w.org\/{rel}","templated":true}]}}