{"id":103642,"date":"2018-03-11T10:26:17","date_gmt":"2018-03-11T10:26:17","guid":{"rendered":"https:\/\/www.deberes.net\/tesis\/sin-categoria\/el-renting-inmobiliario-aspectos-financieros-y-tributarios\/"},"modified":"2018-03-11T10:26:17","modified_gmt":"2018-03-11T10:26:17","slug":"el-renting-inmobiliario-aspectos-financieros-y-tributarios","status":"publish","type":"post","link":"https:\/\/www.deberes.net\/tesis\/derecho-fiscal\/el-renting-inmobiliario-aspectos-financieros-y-tributarios\/","title":{"rendered":"El renting inmobiliario: aspectos financieros y tributarios"},"content":{"rendered":"<h2>Tesis doctoral de <strong> Manuel Martinez Vera <\/strong><\/h2>\n<p>Con la elaboraci\u00f3n de esta tesis se ha pretendido desarrollar el estudio de una figura novedosa dentro de nuestro derecho, como es el estudio de la figura del renting inmobiliario. el renting en su modalidad de flotas de veh\u00edculos, bienes de equipo, equipos inform\u00e1ticos, etc, se viene utilizando en nuestro pa\u00eds desde hace unos cuantos a\u00f1os, teniendo cada d\u00eda una aceptaci\u00f3n mucho m\u00e1s mayoritaria, fundamentalmente por las grandes empresas, multinacionales, e incluso por peque\u00f1os empresarios que han visto en esta figura importante ventajeas contables, fiscales,.., As\u00ed como de otro tipo, para el desarrollo de sus negocios. se estudia el renting inmobiliario en relaci\u00f3n con conceptos de derecho privado y de derecho p\u00fablico, de contabilidad y muy especialmente de derecho financiero y tributario. el renting inmobiliario presenta las siguientes ventajas: -es mas flexible que los negocios utilizados en espa\u00f1a (propiedad y arrendamiento principalmente) -econ\u00f3micamente proporciona una estructura empresarial mas coherente y util (empresa proveedora, empresa renting y usuario, principalmente) -financiera y tributariamente significa menos sacrificios y menor presi\u00f3n fiscal directa e indirecta -mejor acceso a la disposici\u00f3n de una vivienda conforme establece nuestra constituci\u00f3n<\/p>\n<p>&nbsp;<\/p>\n<h3>Datos acad\u00e9micos de la tesis doctoral \u00ab<strong>El renting inmobiliario: aspectos financieros y tributarios<\/strong>\u00ab<\/h3>\n<ul>\n<li><strong>T\u00edtulo de la tesis:<\/strong>\u00a0 El renting inmobiliario: aspectos financieros y tributarios <\/li>\n<li><strong>Autor:<\/strong>\u00a0 Manuel Martinez Vera <\/li>\n<li><strong>Universidad:<\/strong>\u00a0 Ja\u00e9n<\/li>\n<li><strong>Fecha de lectura de la tesis:<\/strong>\u00a0 14\/09\/2010<\/li>\n<\/ul>\n<p>&nbsp;<\/p>\n<h3>Direcci\u00f3n y tribunal<\/h3>\n<ul>\n<li><strong>Director de la tesis<\/strong>\n<ul>\n<li>Manuel Gonzalez Sanchez<\/li>\n<\/ul>\n<\/li>\n<li><strong>Tribunal<\/strong>\n<ul>\n<li>Presidente del tribunal: manuela Fern\u00e1ndez junquera. <\/li>\n<li>eugenio Simon acosta (vocal)<\/li>\n<li>Juan Calvo vergez (vocal)<\/li>\n<li>angel Martinez gutierrez (vocal)<\/li>\n<\/ul>\n<\/li>\n<\/ul>\n<p>&nbsp;<\/p>\n","protected":false},"excerpt":{"rendered":"<p>Tesis doctoral de Manuel Martinez Vera Con la elaboraci\u00f3n de esta tesis se ha pretendido desarrollar el estudio de una [&hellip;]<\/p>\n","protected":false},"author":1,"featured_media":0,"comment_status":"open","ping_status":"open","sticky":false,"template":"","format":"standard","meta":{"site-sidebar-layout":"default","site-content-layout":"","ast-site-content-layout":"","site-content-style":"default","site-sidebar-style":"default","ast-global-header-display":"","ast-banner-title-visibility":"","ast-main-header-display":"","ast-hfb-above-header-display":"","ast-hfb-below-header-display":"","ast-hfb-mobile-header-display":"","site-post-title":"","ast-breadcrumbs-content":"","ast-featured-img":"","footer-sml-layout":"","theme-transparent-header-meta":"","adv-header-id-meta":"","stick-header-meta":"","header-above-stick-meta":"","header-main-stick-meta":"","header-below-stick-meta":"","astra-migrate-meta-layouts":"default","ast-page-background-enabled":"default","ast-page-background-meta":{"desktop":{"background-color":"var(--ast-global-color-4)","background-image":"","background-repeat":"repeat","background-position":"center center","background-size":"auto","background-attachment":"scroll","background-type":"","background-media":"","overlay-type":"","overlay-color":"","overlay-gradient":""},"tablet":{"background-color":"","background-image":"","background-repeat":"repeat","background-position":"center center","background-size":"auto","background-attachment":"scroll","background-type":"","background-media":"","overlay-type":"","overlay-color":"","overlay-gradient":""},"mobile":{"background-color":"","background-image":"","background-repeat":"repeat","background-position":"center center","background-size":"auto","background-attachment":"scroll","background-type":"","background-media":"","overlay-type":"","overlay-color":"","overlay-gradient":""}},"ast-content-background-meta":{"desktop":{"background-color":"var(--ast-global-color-5)","background-image":"","background-repeat":"repeat","background-position":"center center","background-size":"auto","background-attachment":"scroll","background-type":"","background-media":"","overlay-type":"","overlay-color":"","overlay-gradient":""},"tablet":{"background-color":"var(--ast-global-color-5)","background-image":"","background-repeat":"repeat","background-position":"center center","background-size":"auto","background-attachment":"scroll","background-type":"","background-media":"","overlay-type":"","overlay-color":"","overlay-gradient":""},"mobile":{"background-color":"var(--ast-global-color-5)","background-image":"","background-repeat":"repeat","background-position":"center center","background-size":"auto","background-attachment":"scroll","background-type":"","background-media":"","overlay-type":"","overlay-color":"","overlay-gradient":""}},"footnotes":""},"categories":[797,18923],"tags":[209790,13085,160457,25642,209789,17656],"class_list":["post-103642","post","type-post","status-publish","format-standard","hentry","category-derecho-fiscal","category-jaen","tag-angel-Martinez-gutierrez","tag-eugenio-simon-acosta","tag-juan-calvo-vergez","tag-manuel-gonzalez-sanchez","tag-manuel-Martinez-vera","tag-manuela-fernandez-junquera"],"_links":{"self":[{"href":"https:\/\/www.deberes.net\/tesis\/wp-json\/wp\/v2\/posts\/103642","targetHints":{"allow":["GET"]}}],"collection":[{"href":"https:\/\/www.deberes.net\/tesis\/wp-json\/wp\/v2\/posts"}],"about":[{"href":"https:\/\/www.deberes.net\/tesis\/wp-json\/wp\/v2\/types\/post"}],"author":[{"embeddable":true,"href":"https:\/\/www.deberes.net\/tesis\/wp-json\/wp\/v2\/users\/1"}],"replies":[{"embeddable":true,"href":"https:\/\/www.deberes.net\/tesis\/wp-json\/wp\/v2\/comments?post=103642"}],"version-history":[{"count":0,"href":"https:\/\/www.deberes.net\/tesis\/wp-json\/wp\/v2\/posts\/103642\/revisions"}],"wp:attachment":[{"href":"https:\/\/www.deberes.net\/tesis\/wp-json\/wp\/v2\/media?parent=103642"}],"wp:term":[{"taxonomy":"category","embeddable":true,"href":"https:\/\/www.deberes.net\/tesis\/wp-json\/wp\/v2\/categories?post=103642"},{"taxonomy":"post_tag","embeddable":true,"href":"https:\/\/www.deberes.net\/tesis\/wp-json\/wp\/v2\/tags?post=103642"}],"curies":[{"name":"wp","href":"https:\/\/api.w.org\/{rel}","templated":true}]}}