{"id":103661,"date":"2018-03-11T10:26:17","date_gmt":"2018-03-11T10:26:17","guid":{"rendered":"https:\/\/www.deberes.net\/tesis\/sin-categoria\/hay-vida-mas-alla-del-trabajo-la-relacion-entre-la-recuperacion-de-recursos-y-el-desempeno-en-el-trabajo\/"},"modified":"2018-03-11T10:26:17","modified_gmt":"2018-03-11T10:26:17","slug":"hay-vida-mas-alla-del-trabajo-la-relacion-entre-la-recuperacion-de-recursos-y-el-desempeno-en-el-trabajo","status":"publish","type":"post","link":"https:\/\/www.deberes.net\/tesis\/cadiz\/hay-vida-mas-alla-del-trabajo-la-relacion-entre-la-recuperacion-de-recursos-y-el-desempeno-en-el-trabajo\/","title":{"rendered":"Hay vida m\u00e1s all\u00e1 del trabajo: la relaci\u00f3n entre la recuperaci\u00f3n de recursos y el desempe\u00f1o en el trabajo"},"content":{"rendered":"<h2>Tesis doctoral de <strong> Mar\u00eda  Alexandra Pacheco Ribeiro Da Costa <\/strong><\/h2>\n<p>Es durante el tiempo libre que el trabajador tiene  oportunidad  de rehacerse de las experiencias de estr\u00e9s a que estuvieron sujetos durante su trabajo. Es en estos per\u00edodos que los individuos, alejados de las exigencias de su cotidiano profesional, tienen la posibilidad de recuperar los recursos gastados durante la semana. Esta recuperaci\u00f3n produce influencia sobre el individuo, en especial en su salud, calidad de vida y desempe\u00f1o profesional.   con este trabajo ten\u00edamos como principal objetivo evaluar de qu\u00e9 forma las estrategias de recuperaci\u00f3n de recursos utilizadas durante el fin de semana y el final de la tarde influencian las fluctuaciones del estado de recuperaci\u00f3n matinal, y \u00e9ste influencia el desempe\u00f1o profesional en la semana siguiente. M\u00e1s espec\u00edficamente, pretend\u00edamos por un lado, identificar las estrategias (distanciamiento psicol\u00f3gico, estrategias orientadas al relajamiento, estrategias orientadas al aprendizaje, percepci\u00f3n de control y calidad y cantidad de sue\u00f1o) que contribuyen al proceso individual de recuperaci\u00f3n durante el fin de semana y el final de la tarde; por otro lado, pretend\u00edamos analizar tambi\u00e9n la relaci\u00f3n existente entre el estado de recuperaci\u00f3n conseguido por la ma\u00f1ana y el desempe\u00f1o profesional durante la semana, espec\u00edficamente estudiar el impacto del estado de recuperaci\u00f3n matinal en las siguientes dimensiones del desempe\u00f1o profesional: desempe\u00f1o de la tarea, iniciativa personal, esfuerzo compensatorio necesario para la realizaci\u00f3n de la tarea y engagement en el trabajo. Por \u00faltimo, quer\u00edamos evaluar el potencial efecto moderador de las exigencias del trabajo en la relaci\u00f3n entre el estado de recuperaci\u00f3n matinal y las variables desempe\u00f1o profesional, iniciativa personal y engagement en el trabajo.  para alcanzar estos objetivos realizamos un estudio con un dise\u00f1o muestral, cuantitativo, longitudinal y correlacional, con recogidas de datos diarias, en dos momentos diarios distintos durante dos semanas. Optamos por una muestra de profesores de todos los niveles de ense\u00f1anza preuniversitaria, porque consider\u00e1bamos que estos constituyen uno de los grupos profesionales caracterizado por mayores niveles de estr\u00e9s y de exigencias, tanto m\u00e1s que en portugal en los dos \u00faltimos a\u00f1os escolares se han apreciado alteraciones en el sistema de ense\u00f1anza, con la introducci\u00f3n y discusi\u00f3n del nuevo estatuto del profesor y del alumno, del sistema de evaluaci\u00f3n de desempe\u00f1o, entre otras.   las conclusiones apuntan para la importancia de algunas experiencias de recuperaci\u00f3n de recursos  en el estado de recuperaci\u00f3n matinal y para la influencia de esto proceso en las variables del desempe\u00f1o. Apuntan tambi\u00e9n para la existencia de un efecto moderador de las exigencias del trabajo en la relaci\u00f3n entre el estado de recuperaci\u00f3n matinal y las variables desempe\u00f1o profesional y iniciativa personal.<\/p>\n<p>&nbsp;<\/p>\n<h3>Datos acad\u00e9micos de la tesis doctoral \u00ab<strong>Hay vida m\u00e1s all\u00e1 del trabajo: la relaci\u00f3n entre la recuperaci\u00f3n de recursos y el desempe\u00f1o en el trabajo<\/strong>\u00ab<\/h3>\n<ul>\n<li><strong>T\u00edtulo de la tesis:<\/strong>\u00a0 Hay vida m\u00e1s all\u00e1 del trabajo: la relaci\u00f3n entre la recuperaci\u00f3n de recursos y el desempe\u00f1o en el trabajo <\/li>\n<li><strong>Autor:<\/strong>\u00a0 Mar\u00eda  Alexandra Pacheco Ribeiro Da Costa <\/li>\n<li><strong>Universidad:<\/strong>\u00a0 C\u00e1diz<\/li>\n<li><strong>Fecha de lectura de la tesis:<\/strong>\u00a0 16\/09\/2010<\/li>\n<\/ul>\n<p>&nbsp;<\/p>\n<h3>Direcci\u00f3n y tribunal<\/h3>\n<ul>\n<li><strong>Director de la tesis<\/strong>\n<ul>\n<li>Carlos Guill\u00e9n Gestoso<\/li>\n<\/ul>\n<\/li>\n<li><strong>Tribunal<\/strong>\n<ul>\n<li>Presidente del tribunal: david Almorza gomar <\/li>\n<li>paulo Sousa    pereira (vocal)<\/li>\n<li>margarida Pocinho (vocal)<\/li>\n<li>Jorge  Luis G\u00f3mez vallecillo (vocal)<\/li>\n<\/ul>\n<\/li>\n<\/ul>\n<p>&nbsp;<\/p>\n","protected":false},"excerpt":{"rendered":"<p>Tesis doctoral de Mar\u00eda Alexandra Pacheco Ribeiro Da Costa Es durante el tiempo libre que el trabajador tiene oportunidad de [&hellip;]<\/p>\n","protected":false},"author":1,"featured_media":0,"comment_status":"open","ping_status":"open","sticky":false,"template":"","format":"standard","meta":{"site-sidebar-layout":"default","site-content-layout":"","ast-site-content-layout":"","site-content-style":"default","site-sidebar-style":"default","ast-global-header-display":"","ast-banner-title-visibility":"","ast-main-header-display":"","ast-hfb-above-header-display":"","ast-hfb-below-header-display":"","ast-hfb-mobile-header-display":"","site-post-title":"","ast-breadcrumbs-content":"","ast-featured-img":"","footer-sml-layout":"","theme-transparent-header-meta":"","adv-header-id-meta":"","stick-header-meta":"","header-above-stick-meta":"","header-main-stick-meta":"","header-below-stick-meta":"","astra-migrate-meta-layouts":"default","ast-page-background-enabled":"default","ast-page-background-meta":{"desktop":{"background-color":"var(--ast-global-color-4)","background-image":"","background-repeat":"repeat","background-position":"center center","background-size":"auto","background-attachment":"scroll","background-type":"","background-media":"","overlay-type":"","overlay-color":"","overlay-gradient":""},"tablet":{"background-color":"","background-image":"","background-repeat":"repeat","background-position":"center center","background-size":"auto","background-attachment":"scroll","background-type":"","background-media":"","overlay-type":"","overlay-color":"","overlay-gradient":""},"mobile":{"background-color":"","background-image":"","background-repeat":"repeat","background-position":"center center","background-size":"auto","background-attachment":"scroll","background-type":"","background-media":"","overlay-type":"","overlay-color":"","overlay-gradient":""}},"ast-content-background-meta":{"desktop":{"background-color":"var(--ast-global-color-5)","background-image":"","background-repeat":"repeat","background-position":"center center","background-size":"auto","background-attachment":"scroll","background-type":"","background-media":"","overlay-type":"","overlay-color":"","overlay-gradient":""},"tablet":{"background-color":"var(--ast-global-color-5)","background-image":"","background-repeat":"repeat","background-position":"center center","background-size":"auto","background-attachment":"scroll","background-type":"","background-media":"","overlay-type":"","overlay-color":"","overlay-gradient":""},"mobile":{"background-color":"var(--ast-global-color-5)","background-image":"","background-repeat":"repeat","background-position":"center center","background-size":"auto","background-attachment":"scroll","background-type":"","background-media":"","overlay-type":"","overlay-color":"","overlay-gradient":""}},"footnotes":""},"categories":[1506,8054,10615],"tags":[20608,85147,201685,209821,209819,209820],"class_list":["post-103661","post","type-post","status-publish","format-standard","hentry","category-cadiz","category-comportamiento-en-la-organizacion","category-estres","tag-carlos-guillen-gestoso","tag-david-almorza-gomar","tag-jorge-luis-gomez-vallecillo","tag-margarida-pocinho","tag-maria-alexandra-pacheco-ribeiro-da-costa","tag-paulo-sousa-pereira"],"_links":{"self":[{"href":"https:\/\/www.deberes.net\/tesis\/wp-json\/wp\/v2\/posts\/103661","targetHints":{"allow":["GET"]}}],"collection":[{"href":"https:\/\/www.deberes.net\/tesis\/wp-json\/wp\/v2\/posts"}],"about":[{"href":"https:\/\/www.deberes.net\/tesis\/wp-json\/wp\/v2\/types\/post"}],"author":[{"embeddable":true,"href":"https:\/\/www.deberes.net\/tesis\/wp-json\/wp\/v2\/users\/1"}],"replies":[{"embeddable":true,"href":"https:\/\/www.deberes.net\/tesis\/wp-json\/wp\/v2\/comments?post=103661"}],"version-history":[{"count":0,"href":"https:\/\/www.deberes.net\/tesis\/wp-json\/wp\/v2\/posts\/103661\/revisions"}],"wp:attachment":[{"href":"https:\/\/www.deberes.net\/tesis\/wp-json\/wp\/v2\/media?parent=103661"}],"wp:term":[{"taxonomy":"category","embeddable":true,"href":"https:\/\/www.deberes.net\/tesis\/wp-json\/wp\/v2\/categories?post=103661"},{"taxonomy":"post_tag","embeddable":true,"href":"https:\/\/www.deberes.net\/tesis\/wp-json\/wp\/v2\/tags?post=103661"}],"curies":[{"name":"wp","href":"https:\/\/api.w.org\/{rel}","templated":true}]}}