{"id":103662,"date":"2018-03-11T10:26:22","date_gmt":"2018-03-11T10:26:22","guid":{"rendered":"https:\/\/www.deberes.net\/tesis\/sin-categoria\/la-new-age-esoterismo-ocultismo-y-pensamiento-alternativo\/"},"modified":"2018-03-11T10:26:22","modified_gmt":"2018-03-11T10:26:22","slug":"la-new-age-esoterismo-ocultismo-y-pensamiento-alternativo","status":"publish","type":"post","link":"https:\/\/www.deberes.net\/tesis\/filosofia\/la-new-age-esoterismo-ocultismo-y-pensamiento-alternativo\/","title":{"rendered":"\u00abla new age: esoterismo, ocultismo y pensamiento alternativo\u00bb"},"content":{"rendered":"<h2>Tesis doctoral de <strong> Ricardo Campo P\u00e9rez <\/strong><\/h2>\n<p>La new age es un movimiento social y religioso que nace en los a\u00f1os sesenta del siglo xx, pero que es, en realidad, la manifestaci\u00f3n contempor\u00e1nea de un r\u00edo subterr\u00e1neo de cultura alternativa que atraviesa toda la historia de las ideas occidentales desde la antig\u00ed\u00bcedad. En las dos \u00faltimas d\u00e9cadas, el car\u00e1cter contracultural inicial del movimiento acab\u00f3 por desaparecer hasta convertirse en una subcultura individualista integrada en el mercado de consumo espiritual. Cambio o evoluci\u00f3n de la conciencia, viajes astrales, homeopat\u00eda, acupuntura, karma, reencarnaci\u00f3n, astrolog\u00eda, influencia de las religiones orientales en occidente, fen\u00f3menos paranormales, t\u00e9cnicas de relajaci\u00f3n, respiraci\u00f3n y visualizaci\u00f3n, ecolog\u00eda m\u00edstica, conspiracionismo internacional, ocultismo nazi, cursillos, talleres, creencias y artefactos: todo un mundo alternativo progresivamente integrado en la cultura normalizada por obra y gracia de los medios de comunicaci\u00f3n y del poder del mercado de lo oculto.  la influencia inicial de la teosof\u00eda decimon\u00f3nica se deja ver en la new age inicialmente, as\u00ed como las especulaciones milenaristas y apocal\u00edpticas, elementos especialmente notorios en las agrupaciones de supuestos contactados con entidades extraterrestres a bordo de ovnis desde principios de los a\u00f1os cincuenta del pasado siglo. La virulencia apocal\u00edptica inicial de estos movimientos se atemper\u00f3 para dar paso a una pr\u00e9dica de cambio de conciencia o cambio interior, como es usual en la new age.  las ideas de las que se nutre la new age no son creaci\u00f3n propia: tanto en el gnosticismo antiguo como en la f\u00edsica cu\u00e1ntica, pasando por el neoplatonismo, el humanismo renacentista, la medicina paracelsista, la teosof\u00eda, el espiritismo, los movimientos de juventud alemanes de entreguerras y la psicolog\u00eda jungiana, podemos encontrar influencias m\u00e1s o menos directas, adquisici\u00f3n de t\u00e9rminos, parecidos de familia que a lo largo de los siglos permiten identificar una corriente heterodoxa o alternativa a las iglesias hist\u00f3ricas y a la ciencia, en particular a la visi\u00f3n del mundo dominante desde la revoluci\u00f3n cient\u00edfica.<\/p>\n<p>&nbsp;<\/p>\n<h3>Datos acad\u00e9micos de la tesis doctoral \u00ab<strong>\u00abla new age: esoterismo, ocultismo y pensamiento alternativo\u00bb<\/strong>\u00ab<\/h3>\n<ul>\n<li><strong>T\u00edtulo de la tesis:<\/strong>\u00a0 \u00abla new age: esoterismo, ocultismo y pensamiento alternativo\u00bb <\/li>\n<li><strong>Autor:<\/strong>\u00a0 Ricardo Campo P\u00e9rez <\/li>\n<li><strong>Universidad:<\/strong>\u00a0 La laguna<\/li>\n<li><strong>Fecha de lectura de la tesis:<\/strong>\u00a0 16\/09\/2010<\/li>\n<\/ul>\n<p>&nbsp;<\/p>\n<h3>Direcci\u00f3n y tribunal<\/h3>\n<ul>\n<li><strong>Director de la tesis<\/strong>\n<ul>\n<li>Carmen Marina Barreto Vargas<\/li>\n<\/ul>\n<\/li>\n<li><strong>Tribunal<\/strong>\n<ul>\n<li>Presidente del tribunal: joan Prat caros <\/li>\n<li>Luis D\u00edaz  gonz\u00e1lez (vocal)<\/li>\n<li>cesar Esteban lopez (vocal)<\/li>\n<li>Jos\u00e9 Antonio Younis hern\u00e1ndez (vocal)<\/li>\n<\/ul>\n<\/li>\n<\/ul>\n<p>&nbsp;<\/p>\n","protected":false},"excerpt":{"rendered":"<p>Tesis doctoral de Ricardo Campo P\u00e9rez La new age es un movimiento social y religioso que nace en los a\u00f1os [&hellip;]<\/p>\n","protected":false},"author":1,"featured_media":0,"comment_status":"open","ping_status":"open","sticky":false,"template":"","format":"standard","meta":{"site-sidebar-layout":"default","site-content-layout":"","ast-site-content-layout":"","site-content-style":"default","site-sidebar-style":"default","ast-global-header-display":"","ast-banner-title-visibility":"","ast-main-header-display":"","ast-hfb-above-header-display":"","ast-hfb-below-header-display":"","ast-hfb-mobile-header-display":"","site-post-title":"","ast-breadcrumbs-content":"","ast-featured-img":"","footer-sml-layout":"","theme-transparent-header-meta":"","adv-header-id-meta":"","stick-header-meta":"","header-above-stick-meta":"","header-main-stick-meta":"","header-below-stick-meta":"","astra-migrate-meta-layouts":"default","ast-page-background-enabled":"default","ast-page-background-meta":{"desktop":{"background-color":"var(--ast-global-color-4)","background-image":"","background-repeat":"repeat","background-position":"center center","background-size":"auto","background-attachment":"scroll","background-type":"","background-media":"","overlay-type":"","overlay-color":"","overlay-gradient":""},"tablet":{"background-color":"","background-image":"","background-repeat":"repeat","background-position":"center center","background-size":"auto","background-attachment":"scroll","background-type":"","background-media":"","overlay-type":"","overlay-color":"","overlay-gradient":""},"mobile":{"background-color":"","background-image":"","background-repeat":"repeat","background-position":"center center","background-size":"auto","background-attachment":"scroll","background-type":"","background-media":"","overlay-type":"","overlay-color":"","overlay-gradient":""}},"ast-content-background-meta":{"desktop":{"background-color":"var(--ast-global-color-5)","background-image":"","background-repeat":"repeat","background-position":"center center","background-size":"auto","background-attachment":"scroll","background-type":"","background-media":"","overlay-type":"","overlay-color":"","overlay-gradient":""},"tablet":{"background-color":"var(--ast-global-color-5)","background-image":"","background-repeat":"repeat","background-position":"center center","background-size":"auto","background-attachment":"scroll","background-type":"","background-media":"","overlay-type":"","overlay-color":"","overlay-gradient":""},"mobile":{"background-color":"var(--ast-global-color-5)","background-image":"","background-repeat":"repeat","background-position":"center center","background-size":"auto","background-attachment":"scroll","background-type":"","background-media":"","overlay-type":"","overlay-color":"","overlay-gradient":""}},"footnotes":""},"categories":[165,801,8648,14699,9915],"tags":[127160,64857,6029,209823,25723,209822],"class_list":["post-103662","post","type-post","status-publish","format-standard","hentry","category-filosofia","category-filosofia-antigua","category-filosofia-de-la-intersubjetividad","category-historia-de-la-filosofia","category-la-laguna","tag-carmen-marina-barreto-vargas","tag-cesar-esteban-lopez","tag-joan-prat-caros","tag-jose-antonio-younis-hernandez","tag-luis-diaz-gonzalez","tag-ricardo-campo-perez"],"_links":{"self":[{"href":"https:\/\/www.deberes.net\/tesis\/wp-json\/wp\/v2\/posts\/103662","targetHints":{"allow":["GET"]}}],"collection":[{"href":"https:\/\/www.deberes.net\/tesis\/wp-json\/wp\/v2\/posts"}],"about":[{"href":"https:\/\/www.deberes.net\/tesis\/wp-json\/wp\/v2\/types\/post"}],"author":[{"embeddable":true,"href":"https:\/\/www.deberes.net\/tesis\/wp-json\/wp\/v2\/users\/1"}],"replies":[{"embeddable":true,"href":"https:\/\/www.deberes.net\/tesis\/wp-json\/wp\/v2\/comments?post=103662"}],"version-history":[{"count":0,"href":"https:\/\/www.deberes.net\/tesis\/wp-json\/wp\/v2\/posts\/103662\/revisions"}],"wp:attachment":[{"href":"https:\/\/www.deberes.net\/tesis\/wp-json\/wp\/v2\/media?parent=103662"}],"wp:term":[{"taxonomy":"category","embeddable":true,"href":"https:\/\/www.deberes.net\/tesis\/wp-json\/wp\/v2\/categories?post=103662"},{"taxonomy":"post_tag","embeddable":true,"href":"https:\/\/www.deberes.net\/tesis\/wp-json\/wp\/v2\/tags?post=103662"}],"curies":[{"name":"wp","href":"https:\/\/api.w.org\/{rel}","templated":true}]}}