{"id":103694,"date":"2018-03-11T10:26:22","date_gmt":"2018-03-11T10:26:22","guid":{"rendered":"https:\/\/www.deberes.net\/tesis\/sin-categoria\/escolasticos-e-ilustrados-el-pensamiento-de-jose-climent-obispo-de-barcelona\/"},"modified":"2018-03-11T10:26:22","modified_gmt":"2018-03-11T10:26:22","slug":"escolasticos-e-ilustrados-el-pensamiento-de-jose-climent-obispo-de-barcelona","status":"publish","type":"post","link":"https:\/\/www.deberes.net\/tesis\/historia-moderna-del-area-europea\/escolasticos-e-ilustrados-el-pensamiento-de-jose-climent-obispo-de-barcelona\/","title":{"rendered":"Escol\u00e1sticos e ilustrados. el pensamiento de jos\u00e9 climent, obispo de barcelona."},"content":{"rendered":"<h2>Tesis doctoral de <strong> Camilo V\u00e1zquez Art\u00e9s <\/strong><\/h2>\n<p>Jos\u00e9 climent i avinent (1704-1981) ha sido considerado uno de los principales filojansenistas espa\u00f1oles. La presente tesis trata de acercarse a su figura y a su pensamiento a trav\u00e9s, fundamentalmente, del estudio de los sermones que predic\u00f3 a lo largo de su vida y de la correspondencia con personas de una gran relevancia en el panorama espa\u00f1ol y europeo, como gregorio mayans, andr\u00e9s piquer o augustin cl\u00e9ment.<\/p>\n<p>&nbsp;<\/p>\n<h3>Datos acad\u00e9micos de la tesis doctoral \u00ab<strong>Escol\u00e1sticos e ilustrados. el pensamiento de jos\u00e9 climent, obispo de barcelona.<\/strong>\u00ab<\/h3>\n<ul>\n<li><strong>T\u00edtulo de la tesis:<\/strong>\u00a0 Escol\u00e1sticos e ilustrados. el pensamiento de jos\u00e9 climent, obispo de barcelona. <\/li>\n<li><strong>Autor:<\/strong>\u00a0 Camilo V\u00e1zquez Art\u00e9s <\/li>\n<li><strong>Universidad:<\/strong>\u00a0 Universitat de val\u00e9ncia (estudi general)<\/li>\n<li><strong>Fecha de lectura de la tesis:<\/strong>\u00a0 17\/09\/2010<\/li>\n<\/ul>\n<p>&nbsp;<\/p>\n<h3>Direcci\u00f3n y tribunal<\/h3>\n<ul>\n<li><strong>Director de la tesis<\/strong>\n<ul>\n<li>Antonio Mestre Sanchis<\/li>\n<\/ul>\n<\/li>\n<li><strong>Tribunal<\/strong>\n<ul>\n<li>Presidente del tribunal: enrique Gim\u00e9nez l\u00f3pez <\/li>\n<li>cayetano Mas galva\u00f1 (vocal)<\/li>\n<li>M\u00aa del carmen Corona marzol (vocal)<\/li>\n<li>marc antoni Adell cueva (vocal)<\/li>\n<\/ul>\n<\/li>\n<\/ul>\n<p>&nbsp;<\/p>\n","protected":false},"excerpt":{"rendered":"<p>Tesis doctoral de Camilo V\u00e1zquez Art\u00e9s Jos\u00e9 climent i avinent (1704-1981) ha sido considerado uno de los principales filojansenistas espa\u00f1oles. [&hellip;]<\/p>\n","protected":false},"author":1,"featured_media":0,"comment_status":"open","ping_status":"open","sticky":false,"template":"","format":"standard","meta":{"site-sidebar-layout":"default","site-content-layout":"","ast-site-content-layout":"","site-content-style":"default","site-sidebar-style":"default","ast-global-header-display":"","ast-banner-title-visibility":"","ast-main-header-display":"","ast-hfb-above-header-display":"","ast-hfb-below-header-display":"","ast-hfb-mobile-header-display":"","site-post-title":"","ast-breadcrumbs-content":"","ast-featured-img":"","footer-sml-layout":"","theme-transparent-header-meta":"","adv-header-id-meta":"","stick-header-meta":"","header-above-stick-meta":"","header-main-stick-meta":"","header-below-stick-meta":"","astra-migrate-meta-layouts":"default","ast-page-background-enabled":"default","ast-page-background-meta":{"desktop":{"background-color":"var(--ast-global-color-4)","background-image":"","background-repeat":"repeat","background-position":"center center","background-size":"auto","background-attachment":"scroll","background-type":"","background-media":"","overlay-type":"","overlay-color":"","overlay-gradient":""},"tablet":{"background-color":"","background-image":"","background-repeat":"repeat","background-position":"center center","background-size":"auto","background-attachment":"scroll","background-type":"","background-media":"","overlay-type":"","overlay-color":"","overlay-gradient":""},"mobile":{"background-color":"","background-image":"","background-repeat":"repeat","background-position":"center center","background-size":"auto","background-attachment":"scroll","background-type":"","background-media":"","overlay-type":"","overlay-color":"","overlay-gradient":""}},"ast-content-background-meta":{"desktop":{"background-color":"var(--ast-global-color-5)","background-image":"","background-repeat":"repeat","background-position":"center center","background-size":"auto","background-attachment":"scroll","background-type":"","background-media":"","overlay-type":"","overlay-color":"","overlay-gradient":""},"tablet":{"background-color":"var(--ast-global-color-5)","background-image":"","background-repeat":"repeat","background-position":"center center","background-size":"auto","background-attachment":"scroll","background-type":"","background-media":"","overlay-type":"","overlay-color":"","overlay-gradient":""},"mobile":{"background-color":"var(--ast-global-color-5)","background-image":"","background-repeat":"repeat","background-position":"center center","background-size":"auto","background-attachment":"scroll","background-type":"","background-media":"","overlay-type":"","overlay-color":"","overlay-gradient":""}},"footnotes":""},"categories":[1015],"tags":[3361,209882,170413,4940,49131,144848],"class_list":["post-103694","post","type-post","status-publish","format-standard","hentry","category-historia-moderna-del-area-europea","tag-antonio-mestre-sanchis","tag-camilo-vazquez-artes","tag-cayetano-mas-galvan","tag-enrique-gimenez-lopez","tag-marc-antoni-adell-cueva","tag-ma-del-carmen-corona-marzol"],"_links":{"self":[{"href":"https:\/\/www.deberes.net\/tesis\/wp-json\/wp\/v2\/posts\/103694","targetHints":{"allow":["GET"]}}],"collection":[{"href":"https:\/\/www.deberes.net\/tesis\/wp-json\/wp\/v2\/posts"}],"about":[{"href":"https:\/\/www.deberes.net\/tesis\/wp-json\/wp\/v2\/types\/post"}],"author":[{"embeddable":true,"href":"https:\/\/www.deberes.net\/tesis\/wp-json\/wp\/v2\/users\/1"}],"replies":[{"embeddable":true,"href":"https:\/\/www.deberes.net\/tesis\/wp-json\/wp\/v2\/comments?post=103694"}],"version-history":[{"count":0,"href":"https:\/\/www.deberes.net\/tesis\/wp-json\/wp\/v2\/posts\/103694\/revisions"}],"wp:attachment":[{"href":"https:\/\/www.deberes.net\/tesis\/wp-json\/wp\/v2\/media?parent=103694"}],"wp:term":[{"taxonomy":"category","embeddable":true,"href":"https:\/\/www.deberes.net\/tesis\/wp-json\/wp\/v2\/categories?post=103694"},{"taxonomy":"post_tag","embeddable":true,"href":"https:\/\/www.deberes.net\/tesis\/wp-json\/wp\/v2\/tags?post=103694"}],"curies":[{"name":"wp","href":"https:\/\/api.w.org\/{rel}","templated":true}]}}