{"id":103701,"date":"2018-03-11T10:26:22","date_gmt":"2018-03-11T10:26:22","guid":{"rendered":"https:\/\/www.deberes.net\/tesis\/sin-categoria\/una-aproximacion-a-la-desambiguacion-del-sentido-de-las-palabras-basada-en-clases-semanticas-y-aprendizaje-automatico\/"},"modified":"2018-03-11T10:26:22","modified_gmt":"2018-03-11T10:26:22","slug":"una-aproximacion-a-la-desambiguacion-del-sentido-de-las-palabras-basada-en-clases-semanticas-y-aprendizaje-automatico","status":"publish","type":"post","link":"https:\/\/www.deberes.net\/tesis\/linguistica-computacional\/una-aproximacion-a-la-desambiguacion-del-sentido-de-las-palabras-basada-en-clases-semanticas-y-aprendizaje-automatico\/","title":{"rendered":"Una aproximaci\u00f3n a la desambiguaci\u00f3n del sentido de las palabras basada en clases sem\u00e1nticas y aprendizaje autom\u00e1tico"},"content":{"rendered":"<h2>Tesis doctoral de <strong> Ruben Izquierdo Bevia <\/strong><\/h2>\n<p>En el marco del procesamiento del lenguaje natural, y en concreto en la tarea de la desambiguaci\u00f3n del sentido de las palabras, este trabajo propone una aproximaci\u00f3n a dicha tarea basada en clases sem\u00e1nticas y aprendizaje autom\u00e1tica. Se dise\u00f1aran un conjunto de clasificadores basados en clases sem\u00e1nticas, as\u00ed como un m\u00e9todo de obtenci\u00f3n autom\u00e1tico de conjuntos de clases sem\u00e1nticas. Esta aproximaci\u00f3n demuestra obtener mejores resultados que las t\u00e9cnicas tradicionales basados en sentidos finos de las palabras. Adem\u00e1s estudiamos los atributos \u00f3ptimos para el aprendizaje de clasificadores basados en clases, as\u00ed como el empleo de dichos conjuntos de clases para la generaci\u00f3n de atributos sem\u00e1nticas que ser\u00e1n utilizados en el proceso de entrenamiento.<\/p>\n<p>&nbsp;<\/p>\n<h3>Datos acad\u00e9micos de la tesis doctoral \u00ab<strong>Una aproximaci\u00f3n a la desambiguaci\u00f3n del sentido de las palabras basada en clases sem\u00e1nticas y aprendizaje autom\u00e1tico<\/strong>\u00ab<\/h3>\n<ul>\n<li><strong>T\u00edtulo de la tesis:<\/strong>\u00a0 Una aproximaci\u00f3n a la desambiguaci\u00f3n del sentido de las palabras basada en clases sem\u00e1nticas y aprendizaje autom\u00e1tico <\/li>\n<li><strong>Autor:<\/strong>\u00a0 Ruben Izquierdo Bevia <\/li>\n<li><strong>Universidad:<\/strong>\u00a0 Alicante<\/li>\n<li><strong>Fecha de lectura de la tesis:<\/strong>\u00a0 17\/09\/2010<\/li>\n<\/ul>\n<p>&nbsp;<\/p>\n<h3>Direcci\u00f3n y tribunal<\/h3>\n<ul>\n<li><strong>Director de la tesis<\/strong>\n<ul>\n<li>German Rigau Claramunt<\/li>\n<\/ul>\n<\/li>\n<li><strong>Tribunal<\/strong>\n<ul>\n<li>Presidente del tribunal: manuel Palomar sanz <\/li>\n<li>irene Castellon masalles (vocal)<\/li>\n<li>Mar\u00eda  teresa Martin valdivia (vocal)<\/li>\n<li>llu\u00eds Padr\u00f3 cirera (vocal)<\/li>\n<\/ul>\n<\/li>\n<\/ul>\n<p>&nbsp;<\/p>\n","protected":false},"excerpt":{"rendered":"<p>Tesis doctoral de Ruben Izquierdo Bevia En el marco del procesamiento del lenguaje natural, y en concreto en la tarea [&hellip;]<\/p>\n","protected":false},"author":1,"featured_media":0,"comment_status":"open","ping_status":"open","sticky":false,"template":"","format":"standard","meta":{"site-sidebar-layout":"default","site-content-layout":"","ast-site-content-layout":"","site-content-style":"default","site-sidebar-style":"default","ast-global-header-display":"","ast-banner-title-visibility":"","ast-main-header-display":"","ast-hfb-above-header-display":"","ast-hfb-below-header-display":"","ast-hfb-mobile-header-display":"","site-post-title":"","ast-breadcrumbs-content":"","ast-featured-img":"","footer-sml-layout":"","theme-transparent-header-meta":"","adv-header-id-meta":"","stick-header-meta":"","header-above-stick-meta":"","header-main-stick-meta":"","header-below-stick-meta":"","astra-migrate-meta-layouts":"default","ast-page-background-enabled":"default","ast-page-background-meta":{"desktop":{"background-color":"var(--ast-global-color-4)","background-image":"","background-repeat":"repeat","background-position":"center center","background-size":"auto","background-attachment":"scroll","background-type":"","background-media":"","overlay-type":"","overlay-color":"","overlay-gradient":""},"tablet":{"background-color":"","background-image":"","background-repeat":"repeat","background-position":"center center","background-size":"auto","background-attachment":"scroll","background-type":"","background-media":"","overlay-type":"","overlay-color":"","overlay-gradient":""},"mobile":{"background-color":"","background-image":"","background-repeat":"repeat","background-position":"center center","background-size":"auto","background-attachment":"scroll","background-type":"","background-media":"","overlay-type":"","overlay-color":"","overlay-gradient":""}},"ast-content-background-meta":{"desktop":{"background-color":"var(--ast-global-color-5)","background-image":"","background-repeat":"repeat","background-position":"center center","background-size":"auto","background-attachment":"scroll","background-type":"","background-media":"","overlay-type":"","overlay-color":"","overlay-gradient":""},"tablet":{"background-color":"var(--ast-global-color-5)","background-image":"","background-repeat":"repeat","background-position":"center center","background-size":"auto","background-attachment":"scroll","background-type":"","background-media":"","overlay-type":"","overlay-color":"","overlay-gradient":""},"mobile":{"background-color":"var(--ast-global-color-5)","background-image":"","background-repeat":"repeat","background-position":"center center","background-size":"auto","background-attachment":"scroll","background-type":"","background-media":"","overlay-type":"","overlay-color":"","overlay-gradient":""}},"footnotes":""},"categories":[19166,13880,2528,2302],"tags":[58823,105638,55067,37679,84558,209895],"class_list":["post-103701","post","type-post","status-publish","format-standard","hentry","category-alicante","category-informatica","category-inteligencia-artificial","category-linguistica-computacional","tag-german-rigau-claramunt","tag-irene-castellon-masalles","tag-lluis-padro-cirera","tag-manuel-palomar-sanz","tag-maria-teresa-martin-valdivia","tag-ruben-izquierdo-bevia"],"_links":{"self":[{"href":"https:\/\/www.deberes.net\/tesis\/wp-json\/wp\/v2\/posts\/103701","targetHints":{"allow":["GET"]}}],"collection":[{"href":"https:\/\/www.deberes.net\/tesis\/wp-json\/wp\/v2\/posts"}],"about":[{"href":"https:\/\/www.deberes.net\/tesis\/wp-json\/wp\/v2\/types\/post"}],"author":[{"embeddable":true,"href":"https:\/\/www.deberes.net\/tesis\/wp-json\/wp\/v2\/users\/1"}],"replies":[{"embeddable":true,"href":"https:\/\/www.deberes.net\/tesis\/wp-json\/wp\/v2\/comments?post=103701"}],"version-history":[{"count":0,"href":"https:\/\/www.deberes.net\/tesis\/wp-json\/wp\/v2\/posts\/103701\/revisions"}],"wp:attachment":[{"href":"https:\/\/www.deberes.net\/tesis\/wp-json\/wp\/v2\/media?parent=103701"}],"wp:term":[{"taxonomy":"category","embeddable":true,"href":"https:\/\/www.deberes.net\/tesis\/wp-json\/wp\/v2\/categories?post=103701"},{"taxonomy":"post_tag","embeddable":true,"href":"https:\/\/www.deberes.net\/tesis\/wp-json\/wp\/v2\/tags?post=103701"}],"curies":[{"name":"wp","href":"https:\/\/api.w.org\/{rel}","templated":true}]}}