{"id":103718,"date":"2018-03-11T10:26:22","date_gmt":"2018-03-11T10:26:22","guid":{"rendered":"https:\/\/www.deberes.net\/tesis\/sin-categoria\/el-autoconcepto-social-en-la-adolescencia-y-juventud-dimensiones-medida-y-relaciones\/"},"modified":"2018-03-11T10:26:22","modified_gmt":"2018-03-11T10:26:22","slug":"el-autoconcepto-social-en-la-adolescencia-y-juventud-dimensiones-medida-y-relaciones","status":"publish","type":"post","link":"https:\/\/www.deberes.net\/tesis\/psicologia-evolutiva\/el-autoconcepto-social-en-la-adolescencia-y-juventud-dimensiones-medida-y-relaciones\/","title":{"rendered":"El autoconcepto social en la adolescencia y juventud: dimensiones, medida y relaciones"},"content":{"rendered":"<h2>Tesis doctoral de <strong> Aranzazu Fernandez Zabala <\/strong><\/h2>\n<p>Desde mediados de la d\u00e9cada de los setenta es ampliamente aceptada una concepci\u00f3n jer\u00e1rquica y mulditimensional del autoconcepto que pone de relieve que, m\u00e1s all\u00e1 de la importancia concedida al autoconcepto acad\u00e9mico con respecto al rendimiento escolar, los dominios que componen el autoconcepto no acad\u00e9mico (el social, el f\u00edsico y el personal) juegan un papel decisivo en el desarrollo sociopersonal de las personas. En todo caso, son numerosos los estudios dedicados al autoconcepto f\u00edsico, lo que contrasta con la escasez de investigaciones destinadas a esclarecer las dimensiones que componen el autoconcepto social, sin que por el momento se cuente con resultados concluyentes.     el principal cometido de esta tesis consiste en someter a prueba una estructura tridimensional hipotetizada del autoconcepto social (aceptaci\u00f3n social, competencia social y responsabilidad social). A tal fin se construye un nuevo cuestionario de autoconcepto social (auso) que se aplica, junto con otros instrumentos de medida, a 1906 sujetos de entre 12 y 24 a\u00f1os.     los datos obtenidos indican que el auso ofrece unos \u00edndices psicom\u00e9tricos adecuados y una fiabilidad aceptable (\u00c2\u00bf = .777). Los an\u00e1lisis factoriales exploratorios as\u00ed como el an\u00e1lisis factorial confirmatorio reflejan que la estructura tridimensional no es la m\u00e1s adecuada refrendando una soluci\u00f3n bifactorial que agrupa los factores de responsabilidad social y competencia social. Tambi\u00e9n se analiza la variabilidad del autoconcepto social en funci\u00f3n del sexo y de la edad observ\u00e1ndose, por un lado, que las mujeres obtienen puntuaciones m\u00e1s altas que los hombres en responsabilidad social y en autoconcepto social general, no hall\u00e1ndose diferencias significativas en la escala de competencia social; y por otro lado, una descenso de la puntuaciones a partir de los 15 a\u00f1os y un posterior incremento de las mismas a partir de la mayor\u00eda de edad.     en apoyo a la validez de criterio del auso se comprueban relaciones directas del autoconcepto social con el autoconcepto f\u00edsico, el autoconcepto general, las habilidades sociales, la satisfacci\u00f3n con la vida y la actividad f\u00edsico-deportiva. Se constata adem\u00e1s una relaci\u00f3n de signo negativo entre el autoconcepto social y la sintomatolog\u00eda depresiva.<\/p>\n<p>&nbsp;<\/p>\n<h3>Datos acad\u00e9micos de la tesis doctoral \u00ab<strong>El autoconcepto social en la adolescencia y juventud: dimensiones, medida y relaciones<\/strong>\u00ab<\/h3>\n<ul>\n<li><strong>T\u00edtulo de la tesis:<\/strong>\u00a0 El autoconcepto social en la adolescencia y juventud: dimensiones, medida y relaciones <\/li>\n<li><strong>Autor:<\/strong>\u00a0 Aranzazu Fernandez Zabala <\/li>\n<li><strong>Universidad:<\/strong>\u00a0 Pa\u00eds vasco\/euskal herriko unibertsitatea<\/li>\n<li><strong>Fecha de lectura de la tesis:<\/strong>\u00a0 17\/09\/2010<\/li>\n<\/ul>\n<p>&nbsp;<\/p>\n<h3>Direcci\u00f3n y tribunal<\/h3>\n<ul>\n<li><strong>Director de la tesis<\/strong>\n<ul>\n<li>Alfredo Go\u00f1i Grandmontagne<\/li>\n<\/ul>\n<\/li>\n<li><strong>Tribunal<\/strong>\n<ul>\n<li>Presidente del tribunal: Juan  Luis Castej\u00f3n costa <\/li>\n<li>Jos\u00e9 ignacio Navarro guzm\u00e1n (vocal)<\/li>\n<li>Jos\u00e9 Mar\u00eda Madariaga orbea (vocal)<\/li>\n<li>Miguel \u00e1ngel Carbonero mart\u00edn (vocal)<\/li>\n<\/ul>\n<\/li>\n<\/ul>\n<p>&nbsp;<\/p>\n","protected":false},"excerpt":{"rendered":"<p>Tesis doctoral de Aranzazu Fernandez Zabala Desde mediados de la d\u00e9cada de los setenta es ampliamente aceptada una concepci\u00f3n jer\u00e1rquica [&hellip;]<\/p>\n","protected":false},"author":1,"featured_media":0,"comment_status":"open","ping_status":"open","sticky":false,"template":"","format":"standard","meta":{"site-sidebar-layout":"default","site-content-layout":"","ast-site-content-layout":"","site-content-style":"default","site-sidebar-style":"default","ast-global-header-display":"","ast-banner-title-visibility":"","ast-main-header-display":"","ast-hfb-above-header-display":"","ast-hfb-below-header-display":"","ast-hfb-mobile-header-display":"","site-post-title":"","ast-breadcrumbs-content":"","ast-featured-img":"","footer-sml-layout":"","theme-transparent-header-meta":"","adv-header-id-meta":"","stick-header-meta":"","header-above-stick-meta":"","header-main-stick-meta":"","header-below-stick-meta":"","astra-migrate-meta-layouts":"default","ast-page-background-enabled":"default","ast-page-background-meta":{"desktop":{"background-color":"var(--ast-global-color-4)","background-image":"","background-repeat":"repeat","background-position":"center center","background-size":"auto","background-attachment":"scroll","background-type":"","background-media":"","overlay-type":"","overlay-color":"","overlay-gradient":""},"tablet":{"background-color":"","background-image":"","background-repeat":"repeat","background-position":"center center","background-size":"auto","background-attachment":"scroll","background-type":"","background-media":"","overlay-type":"","overlay-color":"","overlay-gradient":""},"mobile":{"background-color":"","background-image":"","background-repeat":"repeat","background-position":"center center","background-size":"auto","background-attachment":"scroll","background-type":"","background-media":"","overlay-type":"","overlay-color":"","overlay-gradient":""}},"ast-content-background-meta":{"desktop":{"background-color":"var(--ast-global-color-5)","background-image":"","background-repeat":"repeat","background-position":"center center","background-size":"auto","background-attachment":"scroll","background-type":"","background-media":"","overlay-type":"","overlay-color":"","overlay-gradient":""},"tablet":{"background-color":"var(--ast-global-color-5)","background-image":"","background-repeat":"repeat","background-position":"center center","background-size":"auto","background-attachment":"scroll","background-type":"","background-media":"","overlay-type":"","overlay-color":"","overlay-gradient":""},"mobile":{"background-color":"var(--ast-global-color-5)","background-image":"","background-repeat":"repeat","background-position":"center center","background-size":"auto","background-attachment":"scroll","background-type":"","background-media":"","overlay-type":"","overlay-color":"","overlay-gradient":""}},"footnotes":""},"categories":[17382,32400,12909,2758,4128],"tags":[28063,209927,34412,37920,19437,9470],"class_list":["post-103718","post","type-post","status-publish","format-standard","hentry","category-construccion-del-test","category-desarrollo-de-la-personalidad","category-pais-vasco-euskal-herriko-unibertsitatea","category-psicologia-evolutiva","category-validacion-del-test","tag-alfredo-goni-grandmontagne","tag-aranzazu-fernandez-zabala","tag-jose-ignacio-navarro-guzman","tag-jose-maria-madariaga-orbea","tag-juan-luis-castejon-costa","tag-miguel-angel-carbonero-martin"],"_links":{"self":[{"href":"https:\/\/www.deberes.net\/tesis\/wp-json\/wp\/v2\/posts\/103718","targetHints":{"allow":["GET"]}}],"collection":[{"href":"https:\/\/www.deberes.net\/tesis\/wp-json\/wp\/v2\/posts"}],"about":[{"href":"https:\/\/www.deberes.net\/tesis\/wp-json\/wp\/v2\/types\/post"}],"author":[{"embeddable":true,"href":"https:\/\/www.deberes.net\/tesis\/wp-json\/wp\/v2\/users\/1"}],"replies":[{"embeddable":true,"href":"https:\/\/www.deberes.net\/tesis\/wp-json\/wp\/v2\/comments?post=103718"}],"version-history":[{"count":0,"href":"https:\/\/www.deberes.net\/tesis\/wp-json\/wp\/v2\/posts\/103718\/revisions"}],"wp:attachment":[{"href":"https:\/\/www.deberes.net\/tesis\/wp-json\/wp\/v2\/media?parent=103718"}],"wp:term":[{"taxonomy":"category","embeddable":true,"href":"https:\/\/www.deberes.net\/tesis\/wp-json\/wp\/v2\/categories?post=103718"},{"taxonomy":"post_tag","embeddable":true,"href":"https:\/\/www.deberes.net\/tesis\/wp-json\/wp\/v2\/tags?post=103718"}],"curies":[{"name":"wp","href":"https:\/\/api.w.org\/{rel}","templated":true}]}}