{"id":103741,"date":"2018-03-11T10:26:27","date_gmt":"2018-03-11T10:26:27","guid":{"rendered":"https:\/\/www.deberes.net\/tesis\/sin-categoria\/del-pacto-de-san-sebastian-al-pacto-de-santona-el-nacionalismo-vasco-de-1930-a-1937\/"},"modified":"2018-03-11T10:26:27","modified_gmt":"2018-03-11T10:26:27","slug":"del-pacto-de-san-sebastian-al-pacto-de-santona-el-nacionalismo-vasco-de-1930-a-1937","status":"publish","type":"post","link":"https:\/\/www.deberes.net\/tesis\/sin-categoria\/del-pacto-de-san-sebastian-al-pacto-de-santona-el-nacionalismo-vasco-de-1930-a-1937\/","title":{"rendered":"Del pacto de san sebasti\u00e1n al pacto de santo\u00f1a. el nacionalismo vasco de 1930 a 1937"},"content":{"rendered":"<h2>Tesis doctoral de <strong> Pedro Isidoro Cordoba Quintana <\/strong><\/h2>\n<p>Del pacto de san sebasti\u00e1n al pacto de santo\u00f1a constituye un trozo trascendental de la historia de euzkadi, y tambi\u00e9n del resto de nuestro pa\u00eds. Y ese es el objeto del estudio de este trabajo. Parte del 17 de agosto de 1930, en plena \u00c2\u00bfdictablanda\u00c2\u00bf de l general d\u00e1maso berenguer, con una reuni\u00f3n de todos los sectores antimon\u00e1rquicos y de republicanismo espa\u00f1ol a la que, sin embargo y pese a celebrarse en san sebasti\u00e1n, no asiste ning\u00fan representante del nacionalismo vasco.  aza\u00f1a, prieto, lerroux, alcal\u00e1 zamora, miguel maura, domingo, galarza, casares quiroga, \u00e1lvaro de albornoz, s\u00e1nchez rom\u00e1n, eduardo ortega y gasset, carrasco i hormiguera, entre otros lo m\u00e1s granado de la pol\u00edtica espa\u00f1ola de los a\u00f1os futuros estuvo all\u00ed. Por eso, este traba jo ha entrado a fondo en esa reuni\u00f3n, y ha buscado las bases de la espa\u00f1a republicana y, en ella, la autonom\u00eda republicana que quer\u00edan el vizca\u00edno prieto y el alcala\u00edno aza\u00f1a para un estado federal que colmara las aspiraciones de libertad de todas la s regiones del pa\u00eds.   profundizamos en las ra\u00edces clericales del pnv que le han mantenido \u00c2\u00bfde siempre\u00c2\u00bf al margen de la rep\u00fablica, excepto cuando el nacionalismo traz\u00f3 como su meta conseguir el estatuto, momento que se aline\u00f3 con el frente popular en  1936, al llevarlo en su programa la coalici\u00f3n de izquierdas.   hemos realizado un amplio recorrido a trav\u00e9s de la historia del nacionalismo, buscando esas ra\u00edces donde nacen todos los servilismos y grandezas del nacionalismo vasco de la \u00e9poca que an alizamos, y nos referimos a los a\u00f1os 1930 a 1937, intervalo de tiempo que comprenden los dos pactos antes enunciados.  arrancamos, as\u00ed, de la abolici\u00f3n de los fueros vascos, el 21 de julio de 1876, un pa\u00eds vasco que no fue nunca una unidad pol\u00edtica i ndependiente ni constituy\u00f3 ning\u00fan problema en su integraci\u00f3n en espa\u00f1a antes del siglo xix. Y aun as\u00ed, dentro de sus mitos, de su indudable personalidad hist\u00f3rica, de sus presuntas libertades ancestrales, de su singularidad \u00e9tnica, de su lengua, de s u cristianizaci\u00f3n tard\u00eda y profunda, de su administraci\u00f3n especial dentro de la espa\u00f1a de los austrias y borbones, hemos intentado entrar en todo ello con el m\u00e1ximo respeto a la historia, a la investigaci\u00f3n, a la prensa y a los documentos de su tiemp o y posteriores.  y tal como hemos ido viendo el problema vasco, esencialmente pol\u00edtico, parte o deriva de las dificultades que para la unidad constitucional espa\u00f1ola ha constituido siempre la vigencia de la antigua legislaci\u00f3n vasco- navarra, algo y<\/p>\n<p>&nbsp;<\/p>\n<h3>Datos acad\u00e9micos de la tesis doctoral \u00ab<strong>Del pacto de san sebasti\u00e1n al pacto de santo\u00f1a. el nacionalismo vasco de 1930 a 1937<\/strong>\u00ab<\/h3>\n<ul>\n<li><strong>T\u00edtulo de la tesis:<\/strong>\u00a0 Del pacto de san sebasti\u00e1n al pacto de santo\u00f1a. el nacionalismo vasco de 1930 a 1937 <\/li>\n<li><strong>Autor:<\/strong>\u00a0 Pedro Isidoro Cordoba Quintana <\/li>\n<li><strong>Universidad:<\/strong>\u00a0 Complutense de Madrid<\/li>\n<li><strong>Fecha de lectura de la tesis:<\/strong>\u00a0 20\/09\/2010<\/li>\n<\/ul>\n<p>&nbsp;<\/p>\n<h3>Direcci\u00f3n y tribunal<\/h3>\n<ul>\n<li><strong>Director de la tesis<\/strong>\n<ul>\n<li>Juan  Francisco Fuentes Aragones<\/li>\n<\/ul>\n<\/li>\n<li><strong>Tribunal<\/strong>\n<ul>\n<li>Presidente del tribunal: octavio Ruiz-manj\u00f3n cabeza <\/li>\n<li>Mar\u00eda no Esteban de vega (vocal)<\/li>\n<li>germ\u00e1n Rueda hernanz (vocal)<\/li>\n<li>Antonio Morales moya (vocal)<\/li>\n<\/ul>\n<\/li>\n<\/ul>\n<p>&nbsp;<\/p>\n","protected":false},"excerpt":{"rendered":"<p>Tesis doctoral de Pedro Isidoro Cordoba Quintana Del pacto de san sebasti\u00e1n al pacto de santo\u00f1a constituye un trozo trascendental [&hellip;]<\/p>\n","protected":false},"author":1,"featured_media":0,"comment_status":"open","ping_status":"open","sticky":false,"template":"","format":"standard","meta":{"site-sidebar-layout":"default","site-content-layout":"","ast-site-content-layout":"","site-content-style":"default","site-sidebar-style":"default","ast-global-header-display":"","ast-banner-title-visibility":"","ast-main-header-display":"","ast-hfb-above-header-display":"","ast-hfb-below-header-display":"","ast-hfb-mobile-header-display":"","site-post-title":"","ast-breadcrumbs-content":"","ast-featured-img":"","footer-sml-layout":"","theme-transparent-header-meta":"","adv-header-id-meta":"","stick-header-meta":"","header-above-stick-meta":"","header-main-stick-meta":"","header-below-stick-meta":"","astra-migrate-meta-layouts":"default","ast-page-background-enabled":"default","ast-page-background-meta":{"desktop":{"background-color":"var(--ast-global-color-4)","background-image":"","background-repeat":"repeat","background-position":"center center","background-size":"auto","background-attachment":"scroll","background-type":"","background-media":"","overlay-type":"","overlay-color":"","overlay-gradient":""},"tablet":{"background-color":"","background-image":"","background-repeat":"repeat","background-position":"center center","background-size":"auto","background-attachment":"scroll","background-type":"","background-media":"","overlay-type":"","overlay-color":"","overlay-gradient":""},"mobile":{"background-color":"","background-image":"","background-repeat":"repeat","background-position":"center center","background-size":"auto","background-attachment":"scroll","background-type":"","background-media":"","overlay-type":"","overlay-color":"","overlay-gradient":""}},"ast-content-background-meta":{"desktop":{"background-color":"var(--ast-global-color-5)","background-image":"","background-repeat":"repeat","background-position":"center center","background-size":"auto","background-attachment":"scroll","background-type":"","background-media":"","overlay-type":"","overlay-color":"","overlay-gradient":""},"tablet":{"background-color":"var(--ast-global-color-5)","background-image":"","background-repeat":"repeat","background-position":"center center","background-size":"auto","background-attachment":"scroll","background-type":"","background-media":"","overlay-type":"","overlay-color":"","overlay-gradient":""},"mobile":{"background-color":"var(--ast-global-color-5)","background-image":"","background-repeat":"repeat","background-position":"center center","background-size":"auto","background-attachment":"scroll","background-type":"","background-media":"","overlay-type":"","overlay-color":"","overlay-gradient":""}},"footnotes":""},"categories":[1],"tags":[7176,26301,49188,31546,6900,209966],"class_list":["post-103741","post","type-post","status-publish","format-standard","hentry","category-sin-categoria","tag-antonio-morales-moya","tag-german-rueda-hernanz","tag-juan-francisco-fuentes-aragones","tag-maria-no-esteban-de-vega","tag-octavio-ruiz-manjon-cabeza","tag-pedro-isidoro-cordoba-quintana"],"_links":{"self":[{"href":"https:\/\/www.deberes.net\/tesis\/wp-json\/wp\/v2\/posts\/103741","targetHints":{"allow":["GET"]}}],"collection":[{"href":"https:\/\/www.deberes.net\/tesis\/wp-json\/wp\/v2\/posts"}],"about":[{"href":"https:\/\/www.deberes.net\/tesis\/wp-json\/wp\/v2\/types\/post"}],"author":[{"embeddable":true,"href":"https:\/\/www.deberes.net\/tesis\/wp-json\/wp\/v2\/users\/1"}],"replies":[{"embeddable":true,"href":"https:\/\/www.deberes.net\/tesis\/wp-json\/wp\/v2\/comments?post=103741"}],"version-history":[{"count":0,"href":"https:\/\/www.deberes.net\/tesis\/wp-json\/wp\/v2\/posts\/103741\/revisions"}],"wp:attachment":[{"href":"https:\/\/www.deberes.net\/tesis\/wp-json\/wp\/v2\/media?parent=103741"}],"wp:term":[{"taxonomy":"category","embeddable":true,"href":"https:\/\/www.deberes.net\/tesis\/wp-json\/wp\/v2\/categories?post=103741"},{"taxonomy":"post_tag","embeddable":true,"href":"https:\/\/www.deberes.net\/tesis\/wp-json\/wp\/v2\/tags?post=103741"}],"curies":[{"name":"wp","href":"https:\/\/api.w.org\/{rel}","templated":true}]}}