{"id":103762,"date":"2018-03-11T10:26:27","date_gmt":"2018-03-11T10:26:27","guid":{"rendered":"https:\/\/www.deberes.net\/tesis\/sin-categoria\/el-principio-de-precaucion-un-nuevo-pricipio-bioetico-y-biojuridico\/"},"modified":"2018-03-11T10:26:27","modified_gmt":"2018-03-11T10:26:27","slug":"el-principio-de-precaucion-un-nuevo-pricipio-bioetico-y-biojuridico","status":"publish","type":"post","link":"https:\/\/www.deberes.net\/tesis\/innovacion-tecnologica\/el-principio-de-precaucion-un-nuevo-pricipio-bioetico-y-biojuridico\/","title":{"rendered":"El principio de precaucion  un nuevo pricipio bioetico y biojuridico"},"content":{"rendered":"<h2>Tesis doctoral de <strong> Elcio Luiz Bonamigo <\/strong><\/h2>\n<p>La precauci\u00f3n ha cambiado su estatus durante el siglo xx. De una virtud perteneciente al \u00e1mbito de la prudencia, se ha trasformado en un principio moral y jur\u00eddico. El objetivo del presente trabajo es identificar el actual estatus del principio de precauci\u00f3n. La metodolog\u00eda utilizada consisti\u00f3 en el examen de documentos internacionales que recomiendan la utilizaci\u00f3n del principio de precauci\u00f3n como un valor moral, para el an\u00e1lisis y la decisi\u00f3n de asuntos de medio ambiente y salud que suponen, riesgos inciertos, as\u00ed como de documentos jur\u00eddicos de la uni\u00f3n europea. El desarrollo hist\u00f3rico, su mecanismo de acci\u00f3n, las nuevas aplicaciones, la relaci\u00f3n con el principio de responsabilidad, con los principios bio\u00e9ticos y con la teor\u00eda del riesgo global, sus principales cr\u00edticas y respuestas a ellas fueron analizados como objetivos espec\u00edficos, concluy\u00e9ndose que la precauci\u00f3n se conforma hoy como nuevo principio bio\u00e9tico y biojurid\u00edco.<\/p>\n<p>&nbsp;<\/p>\n<h3>Datos acad\u00e9micos de la tesis doctoral \u00ab<strong>El principio de precaucion  un nuevo pricipio bioetico y biojuridico<\/strong>\u00ab<\/h3>\n<ul>\n<li><strong>T\u00edtulo de la tesis:<\/strong>\u00a0 El principio de precaucion  un nuevo pricipio bioetico y biojuridico <\/li>\n<li><strong>Autor:<\/strong>\u00a0 Elcio Luiz Bonamigo <\/li>\n<li><strong>Universidad:<\/strong>\u00a0 Rey juan carlos<\/li>\n<li><strong>Fecha de lectura de la tesis:<\/strong>\u00a0 20\/09\/2010<\/li>\n<\/ul>\n<p>&nbsp;<\/p>\n<h3>Direcci\u00f3n y tribunal<\/h3>\n<ul>\n<li><strong>Director de la tesis<\/strong>\n<ul>\n<li>Jos\u00e9 Carlos Abellan Salort<\/li>\n<\/ul>\n<\/li>\n<li><strong>Tribunal<\/strong>\n<ul>\n<li>Presidente del tribunal: Carlos Mar\u00eda Romeo casabona <\/li>\n<li>vicente Bellver capella (vocal)<\/li>\n<li>Javier Barraca mairal (vocal)<\/li>\n<li>Jos\u00e9 Miguel Serrano ruiz-calderon (vocal)<\/li>\n<\/ul>\n<\/li>\n<\/ul>\n<p>&nbsp;<\/p>\n","protected":false},"excerpt":{"rendered":"<p>Tesis doctoral de Elcio Luiz Bonamigo La precauci\u00f3n ha cambiado su estatus durante el siglo xx. De una virtud perteneciente [&hellip;]<\/p>\n","protected":false},"author":1,"featured_media":0,"comment_status":"open","ping_status":"open","sticky":false,"template":"","format":"standard","meta":{"site-sidebar-layout":"default","site-content-layout":"","ast-site-content-layout":"","site-content-style":"default","site-sidebar-style":"default","ast-global-header-display":"","ast-banner-title-visibility":"","ast-main-header-display":"","ast-hfb-above-header-display":"","ast-hfb-below-header-display":"","ast-hfb-mobile-header-display":"","site-post-title":"","ast-breadcrumbs-content":"","ast-featured-img":"","footer-sml-layout":"","theme-transparent-header-meta":"","adv-header-id-meta":"","stick-header-meta":"","header-above-stick-meta":"","header-main-stick-meta":"","header-below-stick-meta":"","astra-migrate-meta-layouts":"default","ast-page-background-enabled":"default","ast-page-background-meta":{"desktop":{"background-color":"var(--ast-global-color-4)","background-image":"","background-repeat":"repeat","background-position":"center center","background-size":"auto","background-attachment":"scroll","background-type":"","background-media":"","overlay-type":"","overlay-color":"","overlay-gradient":""},"tablet":{"background-color":"","background-image":"","background-repeat":"repeat","background-position":"center center","background-size":"auto","background-attachment":"scroll","background-type":"","background-media":"","overlay-type":"","overlay-color":"","overlay-gradient":""},"mobile":{"background-color":"","background-image":"","background-repeat":"repeat","background-position":"center center","background-size":"auto","background-attachment":"scroll","background-type":"","background-media":"","overlay-type":"","overlay-color":"","overlay-gradient":""}},"ast-content-background-meta":{"desktop":{"background-color":"var(--ast-global-color-5)","background-image":"","background-repeat":"repeat","background-position":"center center","background-size":"auto","background-attachment":"scroll","background-type":"","background-media":"","overlay-type":"","overlay-color":"","overlay-gradient":""},"tablet":{"background-color":"var(--ast-global-color-5)","background-image":"","background-repeat":"repeat","background-position":"center center","background-size":"auto","background-attachment":"scroll","background-type":"","background-media":"","overlay-type":"","overlay-color":"","overlay-gradient":""},"mobile":{"background-color":"var(--ast-global-color-5)","background-image":"","background-repeat":"repeat","background-position":"center center","background-size":"auto","background-attachment":"scroll","background-type":"","background-media":"","overlay-type":"","overlay-color":"","overlay-gradient":""}},"footnotes":""},"categories":[23361,40872,1059,991,36610],"tags":[26231,210003,92328,72611,93271,49748],"class_list":["post-103762","post","type-post","status-publish","format-standard","hentry","category-etica-de-la-ciencia","category-etica-transnacional","category-filosofia-de-la-accion","category-innovacion-tecnologica","category-rey-juan-carlos","tag-carlos-maria-romeo-casabona","tag-elcio-luiz-bonamigo","tag-javier-barraca-mairal","tag-jose-carlos-abellan-salort","tag-jose-miguel-serrano-ruiz-calderon","tag-vicente-bellver-capella"],"_links":{"self":[{"href":"https:\/\/www.deberes.net\/tesis\/wp-json\/wp\/v2\/posts\/103762","targetHints":{"allow":["GET"]}}],"collection":[{"href":"https:\/\/www.deberes.net\/tesis\/wp-json\/wp\/v2\/posts"}],"about":[{"href":"https:\/\/www.deberes.net\/tesis\/wp-json\/wp\/v2\/types\/post"}],"author":[{"embeddable":true,"href":"https:\/\/www.deberes.net\/tesis\/wp-json\/wp\/v2\/users\/1"}],"replies":[{"embeddable":true,"href":"https:\/\/www.deberes.net\/tesis\/wp-json\/wp\/v2\/comments?post=103762"}],"version-history":[{"count":0,"href":"https:\/\/www.deberes.net\/tesis\/wp-json\/wp\/v2\/posts\/103762\/revisions"}],"wp:attachment":[{"href":"https:\/\/www.deberes.net\/tesis\/wp-json\/wp\/v2\/media?parent=103762"}],"wp:term":[{"taxonomy":"category","embeddable":true,"href":"https:\/\/www.deberes.net\/tesis\/wp-json\/wp\/v2\/categories?post=103762"},{"taxonomy":"post_tag","embeddable":true,"href":"https:\/\/www.deberes.net\/tesis\/wp-json\/wp\/v2\/tags?post=103762"}],"curies":[{"name":"wp","href":"https:\/\/api.w.org\/{rel}","templated":true}]}}