{"id":103783,"date":"2018-03-11T10:26:32","date_gmt":"2018-03-11T10:26:32","guid":{"rendered":"https:\/\/www.deberes.net\/tesis\/sin-categoria\/las-conductas-que-alteran-la-convivencia-en-las-clases-de-educacion-fa%c2%adsica\/"},"modified":"2018-03-11T10:26:32","modified_gmt":"2018-03-11T10:26:32","slug":"las-conductas-que-alteran-la-convivencia-en-las-clases-de-educacion-fa%c2%adsica","status":"publish","type":"post","link":"https:\/\/www.deberes.net\/tesis\/pedagogia\/las-conductas-que-alteran-la-convivencia-en-las-clases-de-educacion-fa%c2%adsica\/","title":{"rendered":"Las conductas que alteran la convivencia en las clases de educaci\u00f3n f\u00edsica"},"content":{"rendered":"<h2>Tesis doctoral de <strong> Mar\u00eda Del Roc\u00edo Esteban Luis <\/strong><\/h2>\n<p>La tesis aborda la situaci\u00f3n actual en torno al problema disciplinario en las clases de educaci\u00f3n f\u00edsica. A lo largo de la misma se determinan y comparan la percepci\u00f3n de las conductas que alteran la convivencia en las clases de educaci\u00f3n f\u00edsica, por los miembros de la comunidad educativa, en los centros educativos de ense\u00f1anza secundaria de la regi\u00f3n murcia, desde el punto de vista de los profesorado,  del alumnado y de las familias. El tipo de dise\u00f1o se enmarca dentro de una perspectiva emp\u00edrico anal\u00edtica de car\u00e1cter descriptivo, utilizando la metodolog\u00eda de encuestas por muestreo. En los resultados se aprecia un desencuentro entre las percepciones de todos tres colectivos as\u00ed como diferencias entre familias, docentes y discentes, seg\u00fan diferentes variables que les afectan (g\u00e9nero, titularidad del centro educativo, curso).<\/p>\n<p>&nbsp;<\/p>\n<h3>Datos acad\u00e9micos de la tesis doctoral \u00ab<strong>Las conductas que alteran la convivencia en las clases de educaci\u00f3n f\u00edsica<\/strong>\u00ab<\/h3>\n<ul>\n<li><strong>T\u00edtulo de la tesis:<\/strong>\u00a0 Las conductas que alteran la convivencia en las clases de educaci\u00f3n f\u00edsica <\/li>\n<li><strong>Autor:<\/strong>\u00a0 Mar\u00eda Del Roc\u00edo Esteban Luis <\/li>\n<li><strong>Universidad:<\/strong>\u00a0 Castilla-la mancha<\/li>\n<li><strong>Fecha de lectura de la tesis:<\/strong>\u00a0 21\/09\/2010<\/li>\n<\/ul>\n<p>&nbsp;<\/p>\n<h3>Direcci\u00f3n y tribunal<\/h3>\n<ul>\n<li><strong>Director de la tesis<\/strong>\n<ul>\n<li>Onofre Ricardo Contreras Jordan<\/li>\n<\/ul>\n<\/li>\n<li><strong>Tribunal<\/strong>\n<ul>\n<li>Presidente del tribunal: ramon Flecha garcia <\/li>\n<li>alfonso Valero valenzuela (vocal)<\/li>\n<li>eduardo Alvarez del palacio (vocal)<\/li>\n<li>carmina Pascual ba\u00f1os (vocal)<\/li>\n<\/ul>\n<\/li>\n<\/ul>\n<p>&nbsp;<\/p>\n","protected":false},"excerpt":{"rendered":"<p>Tesis doctoral de Mar\u00eda Del Roc\u00edo Esteban Luis La tesis aborda la situaci\u00f3n actual en torno al problema disciplinario en [&hellip;]<\/p>\n","protected":false},"author":1,"featured_media":0,"comment_status":"open","ping_status":"open","sticky":false,"template":"","format":"standard","meta":{"site-sidebar-layout":"default","site-content-layout":"","ast-site-content-layout":"","site-content-style":"default","site-sidebar-style":"default","ast-global-header-display":"","ast-banner-title-visibility":"","ast-main-header-display":"","ast-hfb-above-header-display":"","ast-hfb-below-header-display":"","ast-hfb-mobile-header-display":"","site-post-title":"","ast-breadcrumbs-content":"","ast-featured-img":"","footer-sml-layout":"","theme-transparent-header-meta":"","adv-header-id-meta":"","stick-header-meta":"","header-above-stick-meta":"","header-main-stick-meta":"","header-below-stick-meta":"","astra-migrate-meta-layouts":"default","ast-page-background-enabled":"default","ast-page-background-meta":{"desktop":{"background-color":"var(--ast-global-color-4)","background-image":"","background-repeat":"repeat","background-position":"center center","background-size":"auto","background-attachment":"scroll","background-type":"","background-media":"","overlay-type":"","overlay-color":"","overlay-gradient":""},"tablet":{"background-color":"","background-image":"","background-repeat":"repeat","background-position":"center center","background-size":"auto","background-attachment":"scroll","background-type":"","background-media":"","overlay-type":"","overlay-color":"","overlay-gradient":""},"mobile":{"background-color":"","background-image":"","background-repeat":"repeat","background-position":"center center","background-size":"auto","background-attachment":"scroll","background-type":"","background-media":"","overlay-type":"","overlay-color":"","overlay-gradient":""}},"ast-content-background-meta":{"desktop":{"background-color":"var(--ast-global-color-5)","background-image":"","background-repeat":"repeat","background-position":"center center","background-size":"auto","background-attachment":"scroll","background-type":"","background-media":"","overlay-type":"","overlay-color":"","overlay-gradient":""},"tablet":{"background-color":"var(--ast-global-color-5)","background-image":"","background-repeat":"repeat","background-position":"center center","background-size":"auto","background-attachment":"scroll","background-type":"","background-media":"","overlay-type":"","overlay-color":"","overlay-gradient":""},"mobile":{"background-color":"var(--ast-global-color-5)","background-image":"","background-repeat":"repeat","background-position":"center center","background-size":"auto","background-attachment":"scroll","background-type":"","background-media":"","overlay-type":"","overlay-color":"","overlay-gradient":""}},"footnotes":""},"categories":[18451,2623,5173,1141],"tags":[48163,148788,4444,210037,27403,13046],"class_list":["post-103783","post","type-post","status-publish","format-standard","hentry","category-castilla-la-mancha","category-educacion-basica","category-metodos-educativos","category-pedagogia","tag-alfonso-valero-valenzuela","tag-carmina-pascual-banos","tag-eduardo-alvarez-del-palacio","tag-maria-del-rocio-esteban-luis","tag-onofre-ricardo-contreras-jordan","tag-ramon-flecha-garcia"],"_links":{"self":[{"href":"https:\/\/www.deberes.net\/tesis\/wp-json\/wp\/v2\/posts\/103783","targetHints":{"allow":["GET"]}}],"collection":[{"href":"https:\/\/www.deberes.net\/tesis\/wp-json\/wp\/v2\/posts"}],"about":[{"href":"https:\/\/www.deberes.net\/tesis\/wp-json\/wp\/v2\/types\/post"}],"author":[{"embeddable":true,"href":"https:\/\/www.deberes.net\/tesis\/wp-json\/wp\/v2\/users\/1"}],"replies":[{"embeddable":true,"href":"https:\/\/www.deberes.net\/tesis\/wp-json\/wp\/v2\/comments?post=103783"}],"version-history":[{"count":0,"href":"https:\/\/www.deberes.net\/tesis\/wp-json\/wp\/v2\/posts\/103783\/revisions"}],"wp:attachment":[{"href":"https:\/\/www.deberes.net\/tesis\/wp-json\/wp\/v2\/media?parent=103783"}],"wp:term":[{"taxonomy":"category","embeddable":true,"href":"https:\/\/www.deberes.net\/tesis\/wp-json\/wp\/v2\/categories?post=103783"},{"taxonomy":"post_tag","embeddable":true,"href":"https:\/\/www.deberes.net\/tesis\/wp-json\/wp\/v2\/tags?post=103783"}],"curies":[{"name":"wp","href":"https:\/\/api.w.org\/{rel}","templated":true}]}}