{"id":103786,"date":"2018-03-11T10:26:32","date_gmt":"2018-03-11T10:26:32","guid":{"rendered":"https:\/\/www.deberes.net\/tesis\/sin-categoria\/la-configuracion-del-neotradicionalismo-espanol-el-caso-de-ramiro-de-maeztu\/"},"modified":"2018-03-11T10:26:32","modified_gmt":"2018-03-11T10:26:32","slug":"la-configuracion-del-neotradicionalismo-espanol-el-caso-de-ramiro-de-maeztu","status":"publish","type":"post","link":"https:\/\/www.deberes.net\/tesis\/historia-contemporanea\/la-configuracion-del-neotradicionalismo-espanol-el-caso-de-ramiro-de-maeztu\/","title":{"rendered":"La configuraci\u00f3n del neotradicionalismo espa\u00f1ol. el caso de ramiro de maeztu"},"content":{"rendered":"<h2>Tesis doctoral de <strong> Francisco Luis Mar\u00eda Ocio Diaz De Otazu <\/strong><\/h2>\n<p>Se estudia el pensamiento pol\u00edtico de ramiro de maeztu durante la etapa de la ii rep\u00fablica espa\u00f1ola.  Para su an\u00e1lisis se estructura en las siguientes \u00e1reas tem\u00e1ticas: sustrato religioso, cosmovisi\u00f3n humanista, visi\u00f3n pol\u00edtica, propuesta societaria y proyecto econ\u00f3mico. Establecido lo anterior se procede a ponerlo en relaci\u00f3n con la actividad pol\u00edtica de maeztu y, asimismo, del partido mon\u00e1rquico en el que desarroll\u00f3 su militancia, renovaci\u00f3n espa\u00f1ola, y de la extrema derecha espa\u00f1ola bajo la rep\u00fablica. Con ello se presenta el paradigma cultural y la acci\u00f3n pol\u00edtica de maeztu como propuestas alternativas, en lo ideol\u00f3gico e institucional, a la visi\u00f3n del mundo y al entramado pol\u00edtico del republicanismo y de los partidos obreros. Por fin, se relata c\u00f3mo esa antinomia entre ambos mundos se resuelve en una guerra civil que desgarra a la naci\u00f3n.<\/p>\n<p>&nbsp;<\/p>\n<h3>Datos acad\u00e9micos de la tesis doctoral \u00ab<strong>La configuraci\u00f3n del neotradicionalismo espa\u00f1ol. el caso de ramiro de maeztu<\/strong>\u00ab<\/h3>\n<ul>\n<li><strong>T\u00edtulo de la tesis:<\/strong>\u00a0 La configuraci\u00f3n del neotradicionalismo espa\u00f1ol. el caso de ramiro de maeztu <\/li>\n<li><strong>Autor:<\/strong>\u00a0 Francisco Luis Mar\u00eda Ocio Diaz De Otazu <\/li>\n<li><strong>Universidad:<\/strong>\u00a0 Pa\u00eds vasco\/euskal herriko unibertsitatea<\/li>\n<li><strong>Fecha de lectura de la tesis:<\/strong>\u00a0 21\/09\/2010<\/li>\n<\/ul>\n<p>&nbsp;<\/p>\n<h3>Direcci\u00f3n y tribunal<\/h3>\n<ul>\n<li><strong>Director de la tesis<\/strong>\n<ul>\n<li>Javier Diaz Freire<\/li>\n<\/ul>\n<\/li>\n<li><strong>Tribunal<\/strong>\n<ul>\n<li>Presidente del tribunal: manuel Gonzalez portilla <\/li>\n<li>Andr\u00e9s de Blas guerrero (vocal)<\/li>\n<li>julio Arostegui sanchez (vocal)<\/li>\n<li>Manuel Perez ledesma (vocal)<\/li>\n<\/ul>\n<\/li>\n<\/ul>\n<p>&nbsp;<\/p>\n","protected":false},"excerpt":{"rendered":"<p>Tesis doctoral de Francisco Luis Mar\u00eda Ocio Diaz De Otazu Se estudia el pensamiento pol\u00edtico de ramiro de maeztu durante [&hellip;]<\/p>\n","protected":false},"author":1,"featured_media":0,"comment_status":"open","ping_status":"open","sticky":false,"template":"","format":"standard","meta":{"site-sidebar-layout":"default","site-content-layout":"","ast-site-content-layout":"","site-content-style":"default","site-sidebar-style":"default","ast-global-header-display":"","ast-banner-title-visibility":"","ast-main-header-display":"","ast-hfb-above-header-display":"","ast-hfb-below-header-display":"","ast-hfb-mobile-header-display":"","site-post-title":"","ast-breadcrumbs-content":"","ast-featured-img":"","footer-sml-layout":"","theme-transparent-header-meta":"","adv-header-id-meta":"","stick-header-meta":"","header-above-stick-meta":"","header-main-stick-meta":"","header-below-stick-meta":"","astra-migrate-meta-layouts":"default","ast-page-background-enabled":"default","ast-page-background-meta":{"desktop":{"background-color":"var(--ast-global-color-4)","background-image":"","background-repeat":"repeat","background-position":"center center","background-size":"auto","background-attachment":"scroll","background-type":"","background-media":"","overlay-type":"","overlay-color":"","overlay-gradient":""},"tablet":{"background-color":"","background-image":"","background-repeat":"repeat","background-position":"center center","background-size":"auto","background-attachment":"scroll","background-type":"","background-media":"","overlay-type":"","overlay-color":"","overlay-gradient":""},"mobile":{"background-color":"","background-image":"","background-repeat":"repeat","background-position":"center center","background-size":"auto","background-attachment":"scroll","background-type":"","background-media":"","overlay-type":"","overlay-color":"","overlay-gradient":""}},"ast-content-background-meta":{"desktop":{"background-color":"var(--ast-global-color-5)","background-image":"","background-repeat":"repeat","background-position":"center center","background-size":"auto","background-attachment":"scroll","background-type":"","background-media":"","overlay-type":"","overlay-color":"","overlay-gradient":""},"tablet":{"background-color":"var(--ast-global-color-5)","background-image":"","background-repeat":"repeat","background-position":"center center","background-size":"auto","background-attachment":"scroll","background-type":"","background-media":"","overlay-type":"","overlay-color":"","overlay-gradient":""},"mobile":{"background-color":"var(--ast-global-color-5)","background-image":"","background-repeat":"repeat","background-position":"center center","background-size":"auto","background-attachment":"scroll","background-type":"","background-media":"","overlay-type":"","overlay-color":"","overlay-gradient":""}},"footnotes":""},"categories":[1816,3538,12909],"tags":[126266,210040,189264,4198,3996,7514],"class_list":["post-103786","post","type-post","status-publish","format-standard","hentry","category-historia-contemporanea","category-historia-de-las-ideas-politicas","category-pais-vasco-euskal-herriko-unibertsitatea","tag-andres-de-blas-guerrero","tag-francisco-luis-maria-ocio-diaz-de-otazu","tag-javier-diaz-freire","tag-julio-arostegui-sanchez","tag-manuel-gonzalez-portilla","tag-manuel-perez-ledesma"],"_links":{"self":[{"href":"https:\/\/www.deberes.net\/tesis\/wp-json\/wp\/v2\/posts\/103786","targetHints":{"allow":["GET"]}}],"collection":[{"href":"https:\/\/www.deberes.net\/tesis\/wp-json\/wp\/v2\/posts"}],"about":[{"href":"https:\/\/www.deberes.net\/tesis\/wp-json\/wp\/v2\/types\/post"}],"author":[{"embeddable":true,"href":"https:\/\/www.deberes.net\/tesis\/wp-json\/wp\/v2\/users\/1"}],"replies":[{"embeddable":true,"href":"https:\/\/www.deberes.net\/tesis\/wp-json\/wp\/v2\/comments?post=103786"}],"version-history":[{"count":0,"href":"https:\/\/www.deberes.net\/tesis\/wp-json\/wp\/v2\/posts\/103786\/revisions"}],"wp:attachment":[{"href":"https:\/\/www.deberes.net\/tesis\/wp-json\/wp\/v2\/media?parent=103786"}],"wp:term":[{"taxonomy":"category","embeddable":true,"href":"https:\/\/www.deberes.net\/tesis\/wp-json\/wp\/v2\/categories?post=103786"},{"taxonomy":"post_tag","embeddable":true,"href":"https:\/\/www.deberes.net\/tesis\/wp-json\/wp\/v2\/tags?post=103786"}],"curies":[{"name":"wp","href":"https:\/\/api.w.org\/{rel}","templated":true}]}}