{"id":103798,"date":"2018-03-11T10:26:32","date_gmt":"2018-03-11T10:26:32","guid":{"rendered":"https:\/\/www.deberes.net\/tesis\/sin-categoria\/el-testigo-ante-el-tribunal-penal-internacional\/"},"modified":"2018-03-11T10:26:32","modified_gmt":"2018-03-11T10:26:32","slug":"el-testigo-ante-el-tribunal-penal-internacional","status":"publish","type":"post","link":"https:\/\/www.deberes.net\/tesis\/derecho-procesal\/el-testigo-ante-el-tribunal-penal-internacional\/","title":{"rendered":"El testigo ante el tribunal penal internacional"},"content":{"rendered":"<h2>Tesis doctoral de <strong> Monica Lucia Cavalcanti De Albuquerque Duarte Mariz-n\u00f3brega <\/strong><\/h2>\n<p>Las graves vulneraciones de los derechos humanos durante el siglo xx y sus consecuencias han llevado a una concienciaci\u00f3n de una parte de los responsables pol\u00edticos y de la opini\u00f3n p\u00fablica, sobre la necesidad de avanzar en la configuraci\u00f3n y protecci\u00f3n efectiva de los derechos humanos. En este camino destacan, sin lugar a dudas, dos iniciativas: la declaraci\u00f3n universal de los derechos humanos de 1948 y la creaci\u00f3n de un tribunal penal internacional de car\u00e1cter permanente en 1998, ambas auspiciadas por la organizaci\u00f3n de las naciones unidas. este tribunal, por contraste con los de n\u00ed\u00bcremberg y tokio, resultantes de la segunda guerra mundial, no se le puede criticar por no respetar los principios de la irretroactividad de la ley penal o de legalidad. Ni tampoco haber sido creado ad hoc y ex post, para determinados conflictos, como ha sucedido con los m\u00e1s recientes de la exyugoslavia o ruanda. Asimismo, el sometimiento a su jurisdicci\u00f3n, con car\u00e1cter general, es voluntaria, al haber sido creado por un convenio internacional, que su competencia rationae temporis se refiere a los cr\u00edmenes posteriores a su creaci\u00f3n y que, adem\u00e1s, posee car\u00e1cter permanente. nos centramos en un aspecto, entendemos fundamental, del funcionamiento de ese tribunal: el testigo y su papel en los procesos ante el mismo. Y ello, porque dada la competencia del tpi para conocer de los delitos de genocidio, lesa humanidad, guerra y agresi\u00f3n, seg\u00fan su estatuto, el rol de los testigos ante este \u00f3rgano judicial va a ser crucial en la lucha contra la impunidad de los responsables. Como punto de partida, nos decidimos por un an\u00e1lisis general, tanto del testigo como de la prueba testifical entre los diversos sistemas jur\u00eddicos que componen las diferentes normas reguladoras del tribunal penal internacional, para pasar despu\u00e9s a un estudio detallado de la actividad de los testigos en la fase de investigaci\u00f3n y en la posterior de juicio. Todo ello con el objetivo principal de determinar las posibilidades de aplicaci\u00f3n en sede internacional de aquellas normas generales, cuando hay ausencia de previsiones legales en las normas que regulan el tpi y tratar, asimismo, de garantizar el derecho de defensa de los acusados, de una parte y la protecci\u00f3n de los testigos en estos procedimientos internacionales, de otra.<\/p>\n<p>&nbsp;<\/p>\n<h3>Datos acad\u00e9micos de la tesis doctoral \u00ab<strong>El testigo ante el tribunal penal internacional<\/strong>\u00ab<\/h3>\n<ul>\n<li><strong>T\u00edtulo de la tesis:<\/strong>\u00a0 El testigo ante el tribunal penal internacional <\/li>\n<li><strong>Autor:<\/strong>\u00a0 Monica Lucia Cavalcanti De Albuquerque Duarte Mariz-n\u00f3brega <\/li>\n<li><strong>Universidad:<\/strong>\u00a0 Universitat de val\u00e9ncia (estudi general)<\/li>\n<li><strong>Fecha de lectura de la tesis:<\/strong>\u00a0 22\/09\/2010<\/li>\n<\/ul>\n<p>&nbsp;<\/p>\n<h3>Direcci\u00f3n y tribunal<\/h3>\n<ul>\n<li><strong>Director de la tesis<\/strong>\n<ul>\n<li>Francisco Javier Jim\u00e9nez Fortea<\/li>\n<\/ul>\n<\/li>\n<li><strong>Tribunal<\/strong>\n<ul>\n<li>Presidente del tribunal: silvia Barona vilar <\/li>\n<li>M\u00aa isabel Gonzalez cano (vocal)<\/li>\n<li>Jos\u00e9 Francisco Etxeberria guridi (vocal)<\/li>\n<li>lorena Bachmaier winter (vocal)<\/li>\n<\/ul>\n<\/li>\n<\/ul>\n<p>&nbsp;<\/p>\n","protected":false},"excerpt":{"rendered":"<p>Tesis doctoral de Monica Lucia Cavalcanti De Albuquerque Duarte Mariz-n\u00f3brega Las graves vulneraciones de los derechos humanos durante el siglo [&hellip;]<\/p>\n","protected":false},"author":1,"featured_media":0,"comment_status":"open","ping_status":"open","sticky":false,"template":"","format":"standard","meta":{"site-sidebar-layout":"default","site-content-layout":"","ast-site-content-layout":"","site-content-style":"default","site-sidebar-style":"default","ast-global-header-display":"","ast-banner-title-visibility":"","ast-main-header-display":"","ast-hfb-above-header-display":"","ast-hfb-below-header-display":"","ast-hfb-mobile-header-display":"","site-post-title":"","ast-breadcrumbs-content":"","ast-featured-img":"","footer-sml-layout":"","theme-transparent-header-meta":"","adv-header-id-meta":"","stick-header-meta":"","header-above-stick-meta":"","header-main-stick-meta":"","header-below-stick-meta":"","astra-migrate-meta-layouts":"default","ast-page-background-enabled":"default","ast-page-background-meta":{"desktop":{"background-color":"var(--ast-global-color-4)","background-image":"","background-repeat":"repeat","background-position":"center center","background-size":"auto","background-attachment":"scroll","background-type":"","background-media":"","overlay-type":"","overlay-color":"","overlay-gradient":""},"tablet":{"background-color":"","background-image":"","background-repeat":"repeat","background-position":"center center","background-size":"auto","background-attachment":"scroll","background-type":"","background-media":"","overlay-type":"","overlay-color":"","overlay-gradient":""},"mobile":{"background-color":"","background-image":"","background-repeat":"repeat","background-position":"center center","background-size":"auto","background-attachment":"scroll","background-type":"","background-media":"","overlay-type":"","overlay-color":"","overlay-gradient":""}},"ast-content-background-meta":{"desktop":{"background-color":"var(--ast-global-color-5)","background-image":"","background-repeat":"repeat","background-position":"center center","background-size":"auto","background-attachment":"scroll","background-type":"","background-media":"","overlay-type":"","overlay-color":"","overlay-gradient":""},"tablet":{"background-color":"var(--ast-global-color-5)","background-image":"","background-repeat":"repeat","background-position":"center center","background-size":"auto","background-attachment":"scroll","background-type":"","background-media":"","overlay-type":"","overlay-color":"","overlay-gradient":""},"mobile":{"background-color":"var(--ast-global-color-5)","background-image":"","background-repeat":"repeat","background-position":"center center","background-size":"auto","background-attachment":"scroll","background-type":"","background-media":"","overlay-type":"","overlay-color":"","overlay-gradient":""}},"footnotes":""},"categories":[3620],"tags":[210062,104576,4928,210061,147277,44053],"class_list":["post-103798","post","type-post","status-publish","format-standard","hentry","category-derecho-procesal","tag-francisco-javier-jimenez-fortea","tag-jose-francisco-etxeberria-guridi","tag-lorena-bachmaier-winter","tag-monica-lucia-cavalcanti-de-albuquerque-duarte-mariz-nobrega","tag-ma-isabel-gonzalez-cano","tag-silvia-barona-vilar"],"_links":{"self":[{"href":"https:\/\/www.deberes.net\/tesis\/wp-json\/wp\/v2\/posts\/103798","targetHints":{"allow":["GET"]}}],"collection":[{"href":"https:\/\/www.deberes.net\/tesis\/wp-json\/wp\/v2\/posts"}],"about":[{"href":"https:\/\/www.deberes.net\/tesis\/wp-json\/wp\/v2\/types\/post"}],"author":[{"embeddable":true,"href":"https:\/\/www.deberes.net\/tesis\/wp-json\/wp\/v2\/users\/1"}],"replies":[{"embeddable":true,"href":"https:\/\/www.deberes.net\/tesis\/wp-json\/wp\/v2\/comments?post=103798"}],"version-history":[{"count":0,"href":"https:\/\/www.deberes.net\/tesis\/wp-json\/wp\/v2\/posts\/103798\/revisions"}],"wp:attachment":[{"href":"https:\/\/www.deberes.net\/tesis\/wp-json\/wp\/v2\/media?parent=103798"}],"wp:term":[{"taxonomy":"category","embeddable":true,"href":"https:\/\/www.deberes.net\/tesis\/wp-json\/wp\/v2\/categories?post=103798"},{"taxonomy":"post_tag","embeddable":true,"href":"https:\/\/www.deberes.net\/tesis\/wp-json\/wp\/v2\/tags?post=103798"}],"curies":[{"name":"wp","href":"https:\/\/api.w.org\/{rel}","templated":true}]}}