{"id":103800,"date":"2018-03-11T10:26:32","date_gmt":"2018-03-11T10:26:32","guid":{"rendered":"https:\/\/www.deberes.net\/tesis\/sin-categoria\/pedro-pablo-ayuso-la-figura-del-actor-durante-la-edad-de-oro-de-la-radio-en-espana-1946-1971\/"},"modified":"2018-03-11T10:26:32","modified_gmt":"2018-03-11T10:26:32","slug":"pedro-pablo-ayuso-la-figura-del-actor-durante-la-edad-de-oro-de-la-radio-en-espana-1946-1971","status":"publish","type":"post","link":"https:\/\/www.deberes.net\/tesis\/teatro\/pedro-pablo-ayuso-la-figura-del-actor-durante-la-edad-de-oro-de-la-radio-en-espana-1946-1971\/","title":{"rendered":"Pedro pablo ayuso: la figura del actor durante la edad de oro de la radio en espa\u00f1a (1946-1971)"},"content":{"rendered":"<h2>Tesis doctoral de <strong> Elena Ayuso Rodriguez <\/strong><\/h2>\n<p>La tesis centra su estudio en la figura y obra del actor pedro pablo ayuso, actor de primera fila de la radio espa\u00f1ola entre los a\u00f1os 1940 y 1970. El estudio se ha centrado en su formaci\u00f3n, m\u00e9todo, medios y evoluci\u00f3n profesional y social. la investigaci\u00f3n sobre pedro pablo ayuso ha permitido recorrer tres d\u00e9cadas de la historia de la radio espa\u00f1ola hasta el nacimiento del fen\u00f3meno de la comunicaci\u00f3n de masas (a\u00f1os 70). la investigaci\u00f3n ha necesitado la recuperaci\u00f3n de archivos sonoros in\u00e9ditos que se presentan organizados junto a otros en tres ap\u00e9ndices al final del trabajo. Esta documentaci\u00f3n adjunta ha permitido profundizar en aspectos importantes como los siguientes. En primer lugar, la emisi\u00f3n de obras dram\u00e1ticas radiof\u00f3nicas va a ser seguida por una gran audiencia, dentro de un sistema totalitario impuesto por el r\u00e9gimen franquista donde la censura va a condicionar toda la programaci\u00f3n radiof\u00f3nica. Este hecho, provoca la llegada de sponsors publicitarios que mejorar\u00e1n las condiciones de trabajo de los profesionales de la radiodifusi\u00f3n y que garantizan una influencia m\u00e1s importante en las horas de emisi\u00f3n de esos programas teatrales. los primeros estudios de audiencia reflejan que las mujeres son las principales radioyentes de la radio dram\u00e1tica y a ello se adaptan los sponsors publicitarios. la llegada de los nuevos medios como la televisi\u00f3n provoca la decadencia del arte dram\u00e1tico radiof\u00f3nico en espa\u00f1a. El contexto socio pol\u00edtico impone la aparici\u00f3n de espacios informativos. La muerte de pedro pablo ayuso constituye el golpe de gracia que acelera el proceso decadente. para la realizaci\u00f3n de esta investigaci\u00f3n ha sido necesario recuperar innumerables documentos escritos y grabaciones de programas dispersos, in\u00e9ditos y descatalogados de centros de archivos espa\u00f1oles. La contribuci\u00f3n de especialistas en historia de la radiodifusi\u00f3n y los testimonios de colegas de pedro pablo ayuso, as\u00ed como la generosidad de los responsables de documentaci\u00f3n de radio Madrid han sido esenciales para hacer posible este trabajo.<\/p>\n<p>&nbsp;<\/p>\n<h3>Datos acad\u00e9micos de la tesis doctoral \u00ab<strong>Pedro pablo ayuso: la figura del actor durante la edad de oro de la radio en espa\u00f1a (1946-1971)<\/strong>\u00ab<\/h3>\n<ul>\n<li><strong>T\u00edtulo de la tesis:<\/strong>\u00a0 Pedro pablo ayuso: la figura del actor durante la edad de oro de la radio en espa\u00f1a (1946-1971) <\/li>\n<li><strong>Autor:<\/strong>\u00a0 Elena Ayuso Rodriguez <\/li>\n<li><strong>Universidad:<\/strong>\u00a0 Alcal\u00e1<\/li>\n<li><strong>Fecha de lectura de la tesis:<\/strong>\u00a0 22\/09\/2010<\/li>\n<\/ul>\n<p>&nbsp;<\/p>\n<h3>Direcci\u00f3n y tribunal<\/h3>\n<ul>\n<li><strong>Director de la tesis<\/strong>\n<ul>\n<li>Jos\u00e9 Mar\u00eda Lozano Maneiro<\/li>\n<\/ul>\n<\/li>\n<li><strong>Tribunal<\/strong>\n<ul>\n<li>Presidente del tribunal: Emilio Carlos Garcia fernandez <\/li>\n<li>agust\u00edn Garc\u00eda matilla (vocal)<\/li>\n<li>Miguel angel Nieto gonzalez (vocal)<\/li>\n<li>pilar Lacasa diaz (vocal)<\/li>\n<\/ul>\n<\/li>\n<\/ul>\n<p>&nbsp;<\/p>\n","protected":false},"excerpt":{"rendered":"<p>Tesis doctoral de Elena Ayuso Rodriguez La tesis centra su estudio en la figura y obra del actor pedro pablo [&hellip;]<\/p>\n","protected":false},"author":1,"featured_media":0,"comment_status":"open","ping_status":"open","sticky":false,"template":"","format":"standard","meta":{"site-sidebar-layout":"default","site-content-layout":"","ast-site-content-layout":"","site-content-style":"default","site-sidebar-style":"default","ast-global-header-display":"","ast-banner-title-visibility":"","ast-main-header-display":"","ast-hfb-above-header-display":"","ast-hfb-below-header-display":"","ast-hfb-mobile-header-display":"","site-post-title":"","ast-breadcrumbs-content":"","ast-featured-img":"","footer-sml-layout":"","theme-transparent-header-meta":"","adv-header-id-meta":"","stick-header-meta":"","header-above-stick-meta":"","header-main-stick-meta":"","header-below-stick-meta":"","astra-migrate-meta-layouts":"default","ast-page-background-enabled":"default","ast-page-background-meta":{"desktop":{"background-color":"var(--ast-global-color-4)","background-image":"","background-repeat":"repeat","background-position":"center center","background-size":"auto","background-attachment":"scroll","background-type":"","background-media":"","overlay-type":"","overlay-color":"","overlay-gradient":""},"tablet":{"background-color":"","background-image":"","background-repeat":"repeat","background-position":"center center","background-size":"auto","background-attachment":"scroll","background-type":"","background-media":"","overlay-type":"","overlay-color":"","overlay-gradient":""},"mobile":{"background-color":"","background-image":"","background-repeat":"repeat","background-position":"center center","background-size":"auto","background-attachment":"scroll","background-type":"","background-media":"","overlay-type":"","overlay-color":"","overlay-gradient":""}},"ast-content-background-meta":{"desktop":{"background-color":"var(--ast-global-color-5)","background-image":"","background-repeat":"repeat","background-position":"center center","background-size":"auto","background-attachment":"scroll","background-type":"","background-media":"","overlay-type":"","overlay-color":"","overlay-gradient":""},"tablet":{"background-color":"var(--ast-global-color-5)","background-image":"","background-repeat":"repeat","background-position":"center center","background-size":"auto","background-attachment":"scroll","background-type":"","background-media":"","overlay-type":"","overlay-color":"","overlay-gradient":""},"mobile":{"background-color":"var(--ast-global-color-5)","background-image":"","background-repeat":"repeat","background-position":"center center","background-size":"auto","background-attachment":"scroll","background-type":"","background-media":"","overlay-type":"","overlay-color":"","overlay-gradient":""}},"footnotes":""},"categories":[17426,5051,1110],"tags":[44582,210064,138791,72365,210065,25988],"class_list":["post-103800","post","type-post","status-publish","format-standard","hentry","category-alcala","category-medios-de-comunicacion-de-masas","category-teatro","tag-agustin-garcia-matilla","tag-elena-ayuso-rodriguez","tag-emilio-carlos-garcia-fernandez","tag-jose-maria-lozano-maneiro","tag-miguel-angel-nieto-gonzalez","tag-pilar-lacasa-diaz"],"_links":{"self":[{"href":"https:\/\/www.deberes.net\/tesis\/wp-json\/wp\/v2\/posts\/103800","targetHints":{"allow":["GET"]}}],"collection":[{"href":"https:\/\/www.deberes.net\/tesis\/wp-json\/wp\/v2\/posts"}],"about":[{"href":"https:\/\/www.deberes.net\/tesis\/wp-json\/wp\/v2\/types\/post"}],"author":[{"embeddable":true,"href":"https:\/\/www.deberes.net\/tesis\/wp-json\/wp\/v2\/users\/1"}],"replies":[{"embeddable":true,"href":"https:\/\/www.deberes.net\/tesis\/wp-json\/wp\/v2\/comments?post=103800"}],"version-history":[{"count":0,"href":"https:\/\/www.deberes.net\/tesis\/wp-json\/wp\/v2\/posts\/103800\/revisions"}],"wp:attachment":[{"href":"https:\/\/www.deberes.net\/tesis\/wp-json\/wp\/v2\/media?parent=103800"}],"wp:term":[{"taxonomy":"category","embeddable":true,"href":"https:\/\/www.deberes.net\/tesis\/wp-json\/wp\/v2\/categories?post=103800"},{"taxonomy":"post_tag","embeddable":true,"href":"https:\/\/www.deberes.net\/tesis\/wp-json\/wp\/v2\/tags?post=103800"}],"curies":[{"name":"wp","href":"https:\/\/api.w.org\/{rel}","templated":true}]}}