{"id":103819,"date":"2018-03-11T10:26:32","date_gmt":"2018-03-11T10:26:32","guid":{"rendered":"https:\/\/www.deberes.net\/tesis\/sin-categoria\/maltrato-psicologico-en-la-pareja-y-dimensiones-de-la-inteligencia-emocional-estudio-de-la-interaccion-coactiva-en-las-relaciones-de-noviazgo-de-estudiantes-universitarios-as\/"},"modified":"2018-03-11T10:26:32","modified_gmt":"2018-03-11T10:26:32","slug":"maltrato-psicologico-en-la-pareja-y-dimensiones-de-la-inteligencia-emocional-estudio-de-la-interaccion-coactiva-en-las-relaciones-de-noviazgo-de-estudiantes-universitarios-as","status":"publish","type":"post","link":"https:\/\/www.deberes.net\/tesis\/psicopatologia\/maltrato-psicologico-en-la-pareja-y-dimensiones-de-la-inteligencia-emocional-estudio-de-la-interaccion-coactiva-en-las-relaciones-de-noviazgo-de-estudiantes-universitarios-as\/","title":{"rendered":"Maltrato psicol\u00f3gico en la pareja y dimensiones de la inteligencia emocional. estudio de la interacci\u00f3n coactiva en las relaciones de noviazgo de estudiantes universitarios\/as."},"content":{"rendered":"<h2>Tesis doctoral de <strong> Macarena Bl\u00e1zquez Alonso <\/strong><\/h2>\n<p>La presente investigaci\u00f3n tiene como prop\u00f3sito aportar un mayor conocimiento sobre el maltrato psicol\u00f3gico en las relaciones de noviazgo de j\u00f3venes universitarios\/as; al tiempo  que presenta la educaci\u00f3n emocional como alternativa de prevenci\u00f3n de aquellos conflictos que pueden desencadenar este tipo de violencia, en el seno conyugal. this research aims to provide greater knowledge about psychological abuse in dating relationships of young university students, while presenting the emotional education as an alternative to prevent conflicts that can trigger this type of intimate partner violence.<\/p>\n<p>&nbsp;<\/p>\n<h3>Datos acad\u00e9micos de la tesis doctoral \u00ab<strong>Maltrato psicol\u00f3gico en la pareja y dimensiones de la inteligencia emocional. estudio de la interacci\u00f3n coactiva en las relaciones de noviazgo de estudiantes universitarios\/as.<\/strong>\u00ab<\/h3>\n<ul>\n<li><strong>T\u00edtulo de la tesis:<\/strong>\u00a0 Maltrato psicol\u00f3gico en la pareja y dimensiones de la inteligencia emocional. estudio de la interacci\u00f3n coactiva en las relaciones de noviazgo de estudiantes universitarios\/as. <\/li>\n<li><strong>Autor:<\/strong>\u00a0 Macarena Bl\u00e1zquez Alonso <\/li>\n<li><strong>Universidad:<\/strong>\u00a0 Extremadura<\/li>\n<li><strong>Fecha de lectura de la tesis:<\/strong>\u00a0 23\/09\/2010<\/li>\n<\/ul>\n<p>&nbsp;<\/p>\n<h3>Direcci\u00f3n y tribunal<\/h3>\n<ul>\n<li><strong>Director de la tesis<\/strong>\n<ul>\n<li>Juan  Manuel Moreno Manso<\/li>\n<\/ul>\n<\/li>\n<li><strong>Tribunal<\/strong>\n<ul>\n<li>Presidente del tribunal: Francisco Cruz quintana <\/li>\n<li>Ana Guil bozal (vocal)<\/li>\n<li>angel Suarez mu\u00f1oz (vocal)<\/li>\n<li>nieves Perez marfil (vocal)<\/li>\n<\/ul>\n<\/li>\n<\/ul>\n<p>&nbsp;<\/p>\n","protected":false},"excerpt":{"rendered":"<p>Tesis doctoral de Macarena Bl\u00e1zquez Alonso La presente investigaci\u00f3n tiene como prop\u00f3sito aportar un mayor conocimiento sobre el maltrato psicol\u00f3gico [&hellip;]<\/p>\n","protected":false},"author":1,"featured_media":0,"comment_status":"open","ping_status":"open","sticky":false,"template":"","format":"standard","meta":{"site-sidebar-layout":"default","site-content-layout":"","ast-site-content-layout":"","site-content-style":"default","site-sidebar-style":"default","ast-global-header-display":"","ast-banner-title-visibility":"","ast-main-header-display":"","ast-hfb-above-header-display":"","ast-hfb-below-header-display":"","ast-hfb-mobile-header-display":"","site-post-title":"","ast-breadcrumbs-content":"","ast-featured-img":"","footer-sml-layout":"","theme-transparent-header-meta":"","adv-header-id-meta":"","stick-header-meta":"","header-above-stick-meta":"","header-main-stick-meta":"","header-below-stick-meta":"","astra-migrate-meta-layouts":"default","ast-page-background-enabled":"default","ast-page-background-meta":{"desktop":{"background-color":"var(--ast-global-color-4)","background-image":"","background-repeat":"repeat","background-position":"center center","background-size":"auto","background-attachment":"scroll","background-type":"","background-media":"","overlay-type":"","overlay-color":"","overlay-gradient":""},"tablet":{"background-color":"","background-image":"","background-repeat":"repeat","background-position":"center center","background-size":"auto","background-attachment":"scroll","background-type":"","background-media":"","overlay-type":"","overlay-color":"","overlay-gradient":""},"mobile":{"background-color":"","background-image":"","background-repeat":"repeat","background-position":"center center","background-size":"auto","background-attachment":"scroll","background-type":"","background-media":"","overlay-type":"","overlay-color":"","overlay-gradient":""}},"ast-content-background-meta":{"desktop":{"background-color":"var(--ast-global-color-5)","background-image":"","background-repeat":"repeat","background-position":"center center","background-size":"auto","background-attachment":"scroll","background-type":"","background-media":"","overlay-type":"","overlay-color":"","overlay-gradient":""},"tablet":{"background-color":"var(--ast-global-color-5)","background-image":"","background-repeat":"repeat","background-position":"center center","background-size":"auto","background-attachment":"scroll","background-type":"","background-media":"","overlay-type":"","overlay-color":"","overlay-gradient":""},"mobile":{"background-color":"var(--ast-global-color-5)","background-image":"","background-repeat":"repeat","background-position":"center center","background-size":"auto","background-attachment":"scroll","background-type":"","background-media":"","overlay-type":"","overlay-color":"","overlay-gradient":""}},"footnotes":""},"categories":[6025,949,6894,325,21119],"tags":[11026,31628,21841,39074,210094,76524],"class_list":["post-103819","post","type-post","status-publish","format-standard","hentry","category-estudio-psicologico-de-cuestiones-sociales","category-extremadura","category-personalidad","category-psicopatologia","category-resolucion-de-conflictos","tag-ana-guil-bozal","tag-angel-suarez-munoz","tag-francisco-cruz-quintana","tag-juan-manuel-moreno-manso","tag-macarena-blazquez-alonso","tag-nieves-perez-marfil"],"_links":{"self":[{"href":"https:\/\/www.deberes.net\/tesis\/wp-json\/wp\/v2\/posts\/103819","targetHints":{"allow":["GET"]}}],"collection":[{"href":"https:\/\/www.deberes.net\/tesis\/wp-json\/wp\/v2\/posts"}],"about":[{"href":"https:\/\/www.deberes.net\/tesis\/wp-json\/wp\/v2\/types\/post"}],"author":[{"embeddable":true,"href":"https:\/\/www.deberes.net\/tesis\/wp-json\/wp\/v2\/users\/1"}],"replies":[{"embeddable":true,"href":"https:\/\/www.deberes.net\/tesis\/wp-json\/wp\/v2\/comments?post=103819"}],"version-history":[{"count":0,"href":"https:\/\/www.deberes.net\/tesis\/wp-json\/wp\/v2\/posts\/103819\/revisions"}],"wp:attachment":[{"href":"https:\/\/www.deberes.net\/tesis\/wp-json\/wp\/v2\/media?parent=103819"}],"wp:term":[{"taxonomy":"category","embeddable":true,"href":"https:\/\/www.deberes.net\/tesis\/wp-json\/wp\/v2\/categories?post=103819"},{"taxonomy":"post_tag","embeddable":true,"href":"https:\/\/www.deberes.net\/tesis\/wp-json\/wp\/v2\/tags?post=103819"}],"curies":[{"name":"wp","href":"https:\/\/api.w.org\/{rel}","templated":true}]}}