{"id":103843,"date":"2018-03-11T10:26:37","date_gmt":"2018-03-11T10:26:37","guid":{"rendered":"https:\/\/www.deberes.net\/tesis\/sin-categoria\/deferencia-y-discrecionalidad-control-judicial-y-el-debilitamiento-del-poder-ejecutivo-en-el-derecho-administrativo\/"},"modified":"2018-03-11T10:26:37","modified_gmt":"2018-03-11T10:26:37","slug":"deferencia-y-discrecionalidad-control-judicial-y-el-debilitamiento-del-poder-ejecutivo-en-el-derecho-administrativo","status":"publish","type":"post","link":"https:\/\/www.deberes.net\/tesis\/derecho-administrativo\/deferencia-y-discrecionalidad-control-judicial-y-el-debilitamiento-del-poder-ejecutivo-en-el-derecho-administrativo\/","title":{"rendered":"Deferencia y discrecionalidad, control judicial y el debilitamiento del poder ejecutivo en el derecho administrativo"},"content":{"rendered":"<h2>Tesis doctoral de <strong> Manuel Enrique Ventura Rodr\u00edguez <\/strong><\/h2>\n<p>El juez debe analizar cu\u00e1l es el balance jur\u00eddico-pol\u00edtico que existe en el ordenamiento jur\u00eddico, y que le impone el r\u00e9gimen constitucional vigente, para determinar si la actuaci\u00f3n de las administraciones p\u00fablicas se ajusta a derecho, o no.  De esta forma, se podr\u00eda garantizar un funcionamiento eficaz y adecuado del estado de derecho, evitando un desbalance desproporcionado entre los \u00f3rganos constitucionales; s\u00f3lo as\u00ed, podr\u00eda cada \u00f3rgano constitucional llevar a cabo, correctamente, la funci\u00f3n que le hab\u00eda atribuido la norma constitucional aplicable.  Por lo tanto, se evitar\u00e1 un debilitamiento improcedente del poder ejecutivo y no se caer\u00e1 en activismo judicial.<\/p>\n<p>&nbsp;<\/p>\n<h3>Datos acad\u00e9micos de la tesis doctoral \u00ab<strong>Deferencia y discrecionalidad, control judicial y el debilitamiento del poder ejecutivo en el derecho administrativo<\/strong>\u00ab<\/h3>\n<ul>\n<li><strong>T\u00edtulo de la tesis:<\/strong>\u00a0 Deferencia y discrecionalidad, control judicial y el debilitamiento del poder ejecutivo en el derecho administrativo <\/li>\n<li><strong>Autor:<\/strong>\u00a0 Manuel Enrique Ventura Rodr\u00edguez <\/li>\n<li><strong>Universidad:<\/strong>\u00a0 Carlos III de Madrid<\/li>\n<li><strong>Fecha de lectura de la tesis:<\/strong>\u00a0 24\/09\/2010<\/li>\n<\/ul>\n<p>&nbsp;<\/p>\n<h3>Direcci\u00f3n y tribunal<\/h3>\n<ul>\n<li><strong>Director de la tesis<\/strong>\n<ul>\n<li>Mar\u00eda  Nieves De La Serna Bilbao<\/li>\n<\/ul>\n<\/li>\n<li><strong>Tribunal<\/strong>\n<ul>\n<li>Presidente del tribunal: luciano Parejo alfonso <\/li>\n<li>eva Desdentado daroca (vocal)<\/li>\n<li>matilde Carlon ruiz (vocal)<\/li>\n<li>Jos\u00e9 Cuesta revilla (vocal)<\/li>\n<\/ul>\n<\/li>\n<\/ul>\n<p>&nbsp;<\/p>\n","protected":false},"excerpt":{"rendered":"<p>Tesis doctoral de Manuel Enrique Ventura Rodr\u00edguez El juez debe analizar cu\u00e1l es el balance jur\u00eddico-pol\u00edtico que existe en el [&hellip;]<\/p>\n","protected":false},"author":1,"featured_media":0,"comment_status":"open","ping_status":"open","sticky":false,"template":"","format":"standard","meta":{"site-sidebar-layout":"default","site-content-layout":"","ast-site-content-layout":"","site-content-style":"default","site-sidebar-style":"default","ast-global-header-display":"","ast-banner-title-visibility":"","ast-main-header-display":"","ast-hfb-above-header-display":"","ast-hfb-below-header-display":"","ast-hfb-mobile-header-display":"","site-post-title":"","ast-breadcrumbs-content":"","ast-featured-img":"","footer-sml-layout":"","theme-transparent-header-meta":"","adv-header-id-meta":"","stick-header-meta":"","header-above-stick-meta":"","header-main-stick-meta":"","header-below-stick-meta":"","astra-migrate-meta-layouts":"default","ast-page-background-enabled":"default","ast-page-background-meta":{"desktop":{"background-color":"var(--ast-global-color-4)","background-image":"","background-repeat":"repeat","background-position":"center center","background-size":"auto","background-attachment":"scroll","background-type":"","background-media":"","overlay-type":"","overlay-color":"","overlay-gradient":""},"tablet":{"background-color":"","background-image":"","background-repeat":"repeat","background-position":"center center","background-size":"auto","background-attachment":"scroll","background-type":"","background-media":"","overlay-type":"","overlay-color":"","overlay-gradient":""},"mobile":{"background-color":"","background-image":"","background-repeat":"repeat","background-position":"center center","background-size":"auto","background-attachment":"scroll","background-type":"","background-media":"","overlay-type":"","overlay-color":"","overlay-gradient":""}},"ast-content-background-meta":{"desktop":{"background-color":"var(--ast-global-color-5)","background-image":"","background-repeat":"repeat","background-position":"center center","background-size":"auto","background-attachment":"scroll","background-type":"","background-media":"","overlay-type":"","overlay-color":"","overlay-gradient":""},"tablet":{"background-color":"var(--ast-global-color-5)","background-image":"","background-repeat":"repeat","background-position":"center center","background-size":"auto","background-attachment":"scroll","background-type":"","background-media":"","overlay-type":"","overlay-color":"","overlay-gradient":""},"mobile":{"background-color":"var(--ast-global-color-5)","background-image":"","background-repeat":"repeat","background-position":"center center","background-size":"auto","background-attachment":"scroll","background-type":"","background-media":"","overlay-type":"","overlay-color":"","overlay-gradient":""}},"footnotes":""},"categories":[18550,1442],"tags":[105130,71867,144133,210129,32564,93925],"class_list":["post-103843","post","type-post","status-publish","format-standard","hentry","category-carlos-iii-de-madrid","category-derecho-administrativo","tag-eva-desdentado-daroca","tag-jose-cuesta-revilla","tag-luciano-parejo-alfonso","tag-manuel-enrique-ventura-rodriguez","tag-maria-nieves-de-la-serna-bilbao","tag-matilde-carlon-ruiz"],"_links":{"self":[{"href":"https:\/\/www.deberes.net\/tesis\/wp-json\/wp\/v2\/posts\/103843","targetHints":{"allow":["GET"]}}],"collection":[{"href":"https:\/\/www.deberes.net\/tesis\/wp-json\/wp\/v2\/posts"}],"about":[{"href":"https:\/\/www.deberes.net\/tesis\/wp-json\/wp\/v2\/types\/post"}],"author":[{"embeddable":true,"href":"https:\/\/www.deberes.net\/tesis\/wp-json\/wp\/v2\/users\/1"}],"replies":[{"embeddable":true,"href":"https:\/\/www.deberes.net\/tesis\/wp-json\/wp\/v2\/comments?post=103843"}],"version-history":[{"count":0,"href":"https:\/\/www.deberes.net\/tesis\/wp-json\/wp\/v2\/posts\/103843\/revisions"}],"wp:attachment":[{"href":"https:\/\/www.deberes.net\/tesis\/wp-json\/wp\/v2\/media?parent=103843"}],"wp:term":[{"taxonomy":"category","embeddable":true,"href":"https:\/\/www.deberes.net\/tesis\/wp-json\/wp\/v2\/categories?post=103843"},{"taxonomy":"post_tag","embeddable":true,"href":"https:\/\/www.deberes.net\/tesis\/wp-json\/wp\/v2\/tags?post=103843"}],"curies":[{"name":"wp","href":"https:\/\/api.w.org\/{rel}","templated":true}]}}