{"id":103866,"date":"2018-03-11T10:26:37","date_gmt":"2018-03-11T10:26:37","guid":{"rendered":"https:\/\/www.deberes.net\/tesis\/sin-categoria\/o-processo-de-construa%c2%a7ao-do-sistema-literario-galego-entre-o-franquismo-e-a-transia%c2%a7ao-1974-1978-margens-relaa%c2%a7a%c2%b5es-estrutura-e-estrategias-de-planificaa%c2%a7ao-cultural\/"},"modified":"2018-03-11T10:26:37","modified_gmt":"2018-03-11T10:26:37","slug":"o-processo-de-construa%c2%a7ao-do-sistema-literario-galego-entre-o-franquismo-e-a-transia%c2%a7ao-1974-1978-margens-relaa%c2%a7a%c2%b5es-estrutura-e-estrategias-de-planificaa%c2%a7ao-cultural","status":"publish","type":"post","link":"https:\/\/www.deberes.net\/tesis\/lengua-y-literatura\/o-processo-de-construa%c2%a7ao-do-sistema-literario-galego-entre-o-franquismo-e-a-transia%c2%a7ao-1974-1978-margens-relaa%c2%a7a%c2%b5es-estrutura-e-estrategias-de-planificaa%c2%a7ao-cultural\/","title":{"rendered":"O processo de constru\u00c1\u00a7\u00c1\u00a3o do sistema liter\u00e1rio galego entre o franquismo e a transi\u00c1\u00a7\u00c1\u00a3o (1974-1978): margens, rela\u00c1\u00a7\u00c1\u00b5es, estrutura e estrat\u00e9gias de planifica\u00c1\u00a7\u00c1\u00a3o cultural"},"content":{"rendered":"<h2>Tesis doctoral de <strong> Roberto L\u00f3pez-iglesias Samartim <\/strong><\/h2>\n<p>Neste trabalho s\u00ed\u00a3o aplicadas teorias de base sist\u00e9mica e sociol\u00f3gica, e s\u00ed\u00a3o realizadas an\u00e1lises quantitativas e qualitativas sobre um bando de dados fixado com o aux\u00edlio de m\u00e9todos e ferramentas de tipo relacional constru\u00eddas ao efeito. A partir da abordagem do sistema liter\u00e1rio galego (slg) entre os anos 1974 e 1978 como um estudo de caso, a hip\u00f3tese de partida \u00e9 que o quadro procedimental e metodol\u00f3gico aqui desenhado permite criar conhecimento novo tamb\u00e9m sobre outros sistemas culturais em situa\u00ed\u00a7\u00ed\u00a3o similar ao galego entre 1974-1978, per\u00edodo caraterizado pola forte tens\u00ed\u00a3o que o campo pol\u00edtico exerce sobre um sistema cultural deficientemente institucionalizado e que, al\u00e9m do mais, mant\u00e9m tamb\u00e9m rela\u00ed\u00a7\u00ed\u00b5es de identidade\/ alteridade vari\u00e1vel (segundo grupos e programas) com o sistema que compartilha\/ disputa o seu mesmo espa\u00ed\u00a7o social (aqui, o sistema liter\u00e1rio [em] espanhol). neste trabalho delimitamos empiricamente a rede institucional que conforma na altura o slg e analisamos a sua estrutura, evolu\u00ed\u00a7\u00ed\u00a3o, funcionamento, distribui\u00ed\u00a7\u00ed\u00a3o social e geocultural, rela\u00ed\u00a7\u00ed\u00b5es internas e externas, e as normas e os materiais com que os grupos participantes neste sistema da periferia europeia pretendem baliz\u00e1-lo e identific\u00e1-lo. Conclu\u00edmos que a evolu\u00ed\u00a7\u00ed\u00a3o do espa\u00ed\u00a7o institucional abrangido polo slg na altura est\u00e1 em depend\u00ed\u00aancia do grau de incerteza verificado no campo pol\u00edtico em mudan\u00ed\u00a7a e das diferentes estrat\u00e9gias implementadas polos distintos grupos em rela\u00ed\u00a7\u00ed\u00a3o a ela (de aceita\u00ed\u00a7\u00ed\u00a3o, resist\u00ed\u00aancia, resili\u00ed\u00aancia&#8230;). Igualmente, verific\u00e1mos que a l\u00edngua pr\u00f3pria da comunidade funciona, por si s\u00f3 ou acompanhada doutros materiais de diferente tipolog\u00eda e proced\u00ed\u00aancia, como o principal marcador identit\u00e1rio em v\u00e1rios espa\u00ed\u00a7os do sistema e que o alargamento do espa\u00ed\u00a7os institucionais abrangido polas v\u00e1rias normas propostas (nomeadamente a l\u00edngua galega e o compromisso social e identit\u00e1rio) \u00e9 o principal objetivo focado na atividade s\u00f3cio-cultural dos grupos mais activos no slg entre 1974 e 1978.<\/p>\n<p>&nbsp;<\/p>\n<h3>Datos acad\u00e9micos de la tesis doctoral \u00ab<strong>O processo de constru\u00c1\u00a7\u00c1\u00a3o do sistema liter\u00e1rio galego entre o franquismo e a transi\u00c1\u00a7\u00c1\u00a3o (1974-1978): margens, rela\u00c1\u00a7\u00c1\u00b5es, estrutura e estrat\u00e9gias de planifica\u00c1\u00a7\u00c1\u00a3o cultural<\/strong>\u00ab<\/h3>\n<ul>\n<li><strong>T\u00edtulo de la tesis:<\/strong>\u00a0 O processo de constru\u00c1\u00a7\u00c1\u00a3o do sistema liter\u00e1rio galego entre o franquismo e a transi\u00c1\u00a7\u00c1\u00a3o (1974-1978): margens, rela\u00c1\u00a7\u00c1\u00b5es, estrutura e estrat\u00e9gias de planifica\u00c1\u00a7\u00c1\u00a3o cultural <\/li>\n<li><strong>Autor:<\/strong>\u00a0 Roberto L\u00f3pez-iglesias Samartim <\/li>\n<li><strong>Universidad:<\/strong>\u00a0 Santiago de compostela<\/li>\n<li><strong>Fecha de lectura de la tesis:<\/strong>\u00a0 24\/09\/2010<\/li>\n<\/ul>\n<p>&nbsp;<\/p>\n<h3>Direcci\u00f3n y tribunal<\/h3>\n<ul>\n<li><strong>Director de la tesis<\/strong>\n<ul>\n<li>El\u00edas J Torres Feijoo<\/li>\n<\/ul>\n<\/li>\n<li><strong>Tribunal<\/strong>\n<ul>\n<li>Presidente del tribunal: lourenzo Fern\u00e1ndez prieto <\/li>\n<li>Mar\u00eda pilar Garc\u00eda negro (vocal)<\/li>\n<li>Antonio Firmino da costa (vocal)<\/li>\n<li>itamar Even-zohar (vocal)<\/li>\n<\/ul>\n<\/li>\n<\/ul>\n<p>&nbsp;<\/p>\n","protected":false},"excerpt":{"rendered":"<p>Tesis doctoral de Roberto L\u00f3pez-iglesias Samartim Neste trabalho s\u00ed\u00a3o aplicadas teorias de base sist\u00e9mica e sociol\u00f3gica, e s\u00ed\u00a3o realizadas an\u00e1lises [&hellip;]<\/p>\n","protected":false},"author":1,"featured_media":0,"comment_status":"open","ping_status":"open","sticky":false,"template":"","format":"standard","meta":{"site-sidebar-layout":"default","site-content-layout":"","ast-site-content-layout":"","site-content-style":"default","site-sidebar-style":"default","ast-global-header-display":"","ast-banner-title-visibility":"","ast-main-header-display":"","ast-hfb-above-header-display":"","ast-hfb-below-header-display":"","ast-hfb-mobile-header-display":"","site-post-title":"","ast-breadcrumbs-content":"","ast-featured-img":"","footer-sml-layout":"","theme-transparent-header-meta":"","adv-header-id-meta":"","stick-header-meta":"","header-above-stick-meta":"","header-main-stick-meta":"","header-below-stick-meta":"","astra-migrate-meta-layouts":"default","ast-page-background-enabled":"default","ast-page-background-meta":{"desktop":{"background-color":"var(--ast-global-color-4)","background-image":"","background-repeat":"repeat","background-position":"center center","background-size":"auto","background-attachment":"scroll","background-type":"","background-media":"","overlay-type":"","overlay-color":"","overlay-gradient":""},"tablet":{"background-color":"","background-image":"","background-repeat":"repeat","background-position":"center center","background-size":"auto","background-attachment":"scroll","background-type":"","background-media":"","overlay-type":"","overlay-color":"","overlay-gradient":""},"mobile":{"background-color":"","background-image":"","background-repeat":"repeat","background-position":"center center","background-size":"auto","background-attachment":"scroll","background-type":"","background-media":"","overlay-type":"","overlay-color":"","overlay-gradient":""}},"ast-content-background-meta":{"desktop":{"background-color":"var(--ast-global-color-5)","background-image":"","background-repeat":"repeat","background-position":"center center","background-size":"auto","background-attachment":"scroll","background-type":"","background-media":"","overlay-type":"","overlay-color":"","overlay-gradient":""},"tablet":{"background-color":"var(--ast-global-color-5)","background-image":"","background-repeat":"repeat","background-position":"center center","background-size":"auto","background-attachment":"scroll","background-type":"","background-media":"","overlay-type":"","overlay-color":"","overlay-gradient":""},"mobile":{"background-color":"var(--ast-global-color-5)","background-image":"","background-repeat":"repeat","background-position":"center center","background-size":"auto","background-attachment":"scroll","background-type":"","background-media":"","overlay-type":"","overlay-color":"","overlay-gradient":""}},"footnotes":""},"categories":[713,8763,636,977,2231],"tags":[210171,35248,210172,48413,76213,210170],"class_list":["post-103866","post","type-post","status-publish","format-standard","hentry","category-historia-de-la-literatura","category-lengua-y-cultura","category-lengua-y-literatura","category-santiago-de-compostela","category-sociologia-de-la-literatura","tag-antonio-firmino-da-costa","tag-elias-j-torres-feijoo","tag-itamar-even-zohar","tag-lourenzo-fernandez-prieto","tag-maria-pilar-garcia-negro","tag-roberto-lopez-iglesias-samartim"],"_links":{"self":[{"href":"https:\/\/www.deberes.net\/tesis\/wp-json\/wp\/v2\/posts\/103866","targetHints":{"allow":["GET"]}}],"collection":[{"href":"https:\/\/www.deberes.net\/tesis\/wp-json\/wp\/v2\/posts"}],"about":[{"href":"https:\/\/www.deberes.net\/tesis\/wp-json\/wp\/v2\/types\/post"}],"author":[{"embeddable":true,"href":"https:\/\/www.deberes.net\/tesis\/wp-json\/wp\/v2\/users\/1"}],"replies":[{"embeddable":true,"href":"https:\/\/www.deberes.net\/tesis\/wp-json\/wp\/v2\/comments?post=103866"}],"version-history":[{"count":0,"href":"https:\/\/www.deberes.net\/tesis\/wp-json\/wp\/v2\/posts\/103866\/revisions"}],"wp:attachment":[{"href":"https:\/\/www.deberes.net\/tesis\/wp-json\/wp\/v2\/media?parent=103866"}],"wp:term":[{"taxonomy":"category","embeddable":true,"href":"https:\/\/www.deberes.net\/tesis\/wp-json\/wp\/v2\/categories?post=103866"},{"taxonomy":"post_tag","embeddable":true,"href":"https:\/\/www.deberes.net\/tesis\/wp-json\/wp\/v2\/tags?post=103866"}],"curies":[{"name":"wp","href":"https:\/\/api.w.org\/{rel}","templated":true}]}}