{"id":103885,"date":"2018-03-11T10:26:37","date_gmt":"2018-03-11T10:26:37","guid":{"rendered":"https:\/\/www.deberes.net\/tesis\/sin-categoria\/el-campamento-militar-griegode-homero-a-jenofonte\/"},"modified":"2018-03-11T10:26:37","modified_gmt":"2018-03-11T10:26:37","slug":"el-campamento-militar-griegode-homero-a-jenofonte","status":"publish","type":"post","link":"https:\/\/www.deberes.net\/tesis\/historia-medieval\/el-campamento-militar-griegode-homero-a-jenofonte\/","title":{"rendered":"El campamento militar griego:de homero a jenofonte"},"content":{"rendered":"<h2>Tesis doctoral de <strong> Mauricio Alvarez Rico <\/strong><\/h2>\n<p>Introducci\u00f3n el campamento militar griego ha sido un tema completamente desatendido por la investigaci\u00f3n hist\u00f3rica hasta el presente, en claro contraste con la abundancia de investigaciones y trabajos en relaci\u00f3n con los castra romanos. La causa primera y m\u00e1s profunda de esta situaci\u00f3n se encuentra en que, mientras para los campamentos romanos polibio nos aporta una pormenorizada descripci\u00f3n de su estructura y sistema organizativo, para los campamentos griegos carecemos de un texto semejante, siendo por el contrario calificada la forma de acampar de los ej\u00e9rcitos helenos por el mismo polibio (vi,41-42) como ca\u00f3tica y completamente falta de orden u organizaci\u00f3n. De hecho, se ha pasado siempre por alto que un testimonio tan negativo como el de polibio ha de responder en alguna medida tambi\u00e9n a un deseo de engrandecer la civilizaci\u00f3n y las armas romanas y, por tanto, que cabe dudar, a priori, del grado de imparcialidad del mismo. A esto se une el que el \u00fanico testimonio en el que se recoge una descripci\u00f3n de la forma de acampar griega se encuentra en un texto menor, muy controvertido en cuanto a su valor hist\u00f3rico, como es la rep\u00fablica de los lacedemonios de jenofonte. Todo esto ha hecho, como es natural, que se siga a pies juntillas el juicio de polibio, apareciendo como consecuencia una importante laguna que, con escasas y poco relevantes excepciones,1 ha permanecido hasta hoy en el campo de la investigaci\u00f3n de la historia militar griega.<\/p>\n<p>&nbsp;<\/p>\n<h3>Datos acad\u00e9micos de la tesis doctoral \u00ab<strong>El campamento militar griego:de homero a jenofonte<\/strong>\u00ab<\/h3>\n<ul>\n<li><strong>T\u00edtulo de la tesis:<\/strong>\u00a0 El campamento militar griego:de homero a jenofonte <\/li>\n<li><strong>Autor:<\/strong>\u00a0 Mauricio Alvarez Rico <\/li>\n<li><strong>Universidad:<\/strong>\u00a0 Aut\u00f3noma de Madrid<\/li>\n<li><strong>Fecha de lectura de la tesis:<\/strong>\u00a0 24\/09\/2010<\/li>\n<\/ul>\n<p>&nbsp;<\/p>\n<h3>Direcci\u00f3n y tribunal<\/h3>\n<ul>\n<li><strong>Director de la tesis<\/strong>\n<ul>\n<li>Alicia Canto De Gregoria<\/li>\n<\/ul>\n<\/li>\n<li><strong>Tribunal<\/strong>\n<ul>\n<li>Presidente del tribunal: Francisco javier Fernandez nieto <\/li>\n<li>Fernando Quesada sanz (vocal)<\/li>\n<li>cesar Fornis vaquero (vocal)<\/li>\n<li>miriam Vald\u00e9s gu\u00eda (vocal)<\/li>\n<\/ul>\n<\/li>\n<\/ul>\n<p>&nbsp;<\/p>\n","protected":false},"excerpt":{"rendered":"<p>Tesis doctoral de Mauricio Alvarez Rico Introducci\u00f3n el campamento militar griego ha sido un tema completamente desatendido por la investigaci\u00f3n [&hellip;]<\/p>\n","protected":false},"author":1,"featured_media":0,"comment_status":"open","ping_status":"open","sticky":false,"template":"","format":"standard","meta":{"site-sidebar-layout":"default","site-content-layout":"","ast-site-content-layout":"","site-content-style":"default","site-sidebar-style":"default","ast-global-header-display":"","ast-banner-title-visibility":"","ast-main-header-display":"","ast-hfb-above-header-display":"","ast-hfb-below-header-display":"","ast-hfb-mobile-header-display":"","site-post-title":"","ast-breadcrumbs-content":"","ast-featured-img":"","footer-sml-layout":"","theme-transparent-header-meta":"","adv-header-id-meta":"","stick-header-meta":"","header-above-stick-meta":"","header-main-stick-meta":"","header-below-stick-meta":"","astra-migrate-meta-layouts":"default","ast-page-background-enabled":"default","ast-page-background-meta":{"desktop":{"background-color":"var(--ast-global-color-4)","background-image":"","background-repeat":"repeat","background-position":"center center","background-size":"auto","background-attachment":"scroll","background-type":"","background-media":"","overlay-type":"","overlay-color":"","overlay-gradient":""},"tablet":{"background-color":"","background-image":"","background-repeat":"repeat","background-position":"center center","background-size":"auto","background-attachment":"scroll","background-type":"","background-media":"","overlay-type":"","overlay-color":"","overlay-gradient":""},"mobile":{"background-color":"","background-image":"","background-repeat":"repeat","background-position":"center center","background-size":"auto","background-attachment":"scroll","background-type":"","background-media":"","overlay-type":"","overlay-color":"","overlay-gradient":""}},"ast-content-background-meta":{"desktop":{"background-color":"var(--ast-global-color-5)","background-image":"","background-repeat":"repeat","background-position":"center center","background-size":"auto","background-attachment":"scroll","background-type":"","background-media":"","overlay-type":"","overlay-color":"","overlay-gradient":""},"tablet":{"background-color":"var(--ast-global-color-5)","background-image":"","background-repeat":"repeat","background-position":"center center","background-size":"auto","background-attachment":"scroll","background-type":"","background-media":"","overlay-type":"","overlay-color":"","overlay-gradient":""},"mobile":{"background-color":"var(--ast-global-color-5)","background-image":"","background-repeat":"repeat","background-position":"center center","background-size":"auto","background-attachment":"scroll","background-type":"","background-media":"","overlay-type":"","overlay-color":"","overlay-gradient":""}},"footnotes":""},"categories":[569,119,4587],"tags":[210203,23232,77163,572,210202,210204],"class_list":["post-103885","post","type-post","status-publish","format-standard","hentry","category-historia-antigua","category-historia-medieval","category-paleografia","tag-alicia-canto-de-gregoria","tag-cesar-fornis-vaquero","tag-fernando-quesada-sanz","tag-francisco-javier-fernandez-nieto","tag-mauricio-alvarez-rico","tag-miriam-valdes-guia"],"_links":{"self":[{"href":"https:\/\/www.deberes.net\/tesis\/wp-json\/wp\/v2\/posts\/103885","targetHints":{"allow":["GET"]}}],"collection":[{"href":"https:\/\/www.deberes.net\/tesis\/wp-json\/wp\/v2\/posts"}],"about":[{"href":"https:\/\/www.deberes.net\/tesis\/wp-json\/wp\/v2\/types\/post"}],"author":[{"embeddable":true,"href":"https:\/\/www.deberes.net\/tesis\/wp-json\/wp\/v2\/users\/1"}],"replies":[{"embeddable":true,"href":"https:\/\/www.deberes.net\/tesis\/wp-json\/wp\/v2\/comments?post=103885"}],"version-history":[{"count":0,"href":"https:\/\/www.deberes.net\/tesis\/wp-json\/wp\/v2\/posts\/103885\/revisions"}],"wp:attachment":[{"href":"https:\/\/www.deberes.net\/tesis\/wp-json\/wp\/v2\/media?parent=103885"}],"wp:term":[{"taxonomy":"category","embeddable":true,"href":"https:\/\/www.deberes.net\/tesis\/wp-json\/wp\/v2\/categories?post=103885"},{"taxonomy":"post_tag","embeddable":true,"href":"https:\/\/www.deberes.net\/tesis\/wp-json\/wp\/v2\/tags?post=103885"}],"curies":[{"name":"wp","href":"https:\/\/api.w.org\/{rel}","templated":true}]}}