{"id":103889,"date":"2018-03-11T10:26:37","date_gmt":"2018-03-11T10:26:37","guid":{"rendered":"https:\/\/www.deberes.net\/tesis\/sin-categoria\/design-of-a-low-power-temperature-sensor-for-passive-rfid-sensors\/"},"modified":"2018-03-11T10:26:37","modified_gmt":"2018-03-11T10:26:37","slug":"design-of-a-low-power-temperature-sensor-for-passive-rfid-sensors","status":"publish","type":"post","link":"https:\/\/www.deberes.net\/tesis\/dispositivos-semiconductores\/design-of-a-low-power-temperature-sensor-for-passive-rfid-sensors\/","title":{"rendered":"Design of a low-power temperature sensor for passive rfid sensors"},"content":{"rendered":"<h2>Tesis doctoral de <strong> Aritz Ubarrechena Belandia <\/strong><\/h2>\n<p>Rfid (radio frequency identification) es una tecnolog\u00eda de comunicaci\u00f3n inal\u00e1mbrica que permite a los usuarios identificar objetos previamente marcados. Su contexto de aplicaci\u00f3n est\u00e1 en pleno crecimiento debido al hecho de que existen muchas aplicaciones que requieren un medio inal\u00e1mbrico de comunicaci\u00f3n de datos e identificaci\u00f3n de objetos con chips muy peque\u00f1os y de muy bajo consumo el\u00e9ctrico. por otro lado la sensorizaci\u00f3n de magnitudes f\u00edsicas ha sido siempre un campo de investigaci\u00f3n importante. Por ello, la posibilidad de marcar objetos y sensorizar sus variables f\u00edsicas al mismo tiempo empleando un chip pasivo es un objetivo tecnol\u00f3gico de alto valor. No obstante, no existe actualmente una investigaci\u00f3n significativa que conduzca a la b\u00fasqueda de unir ambos campos (identificaci\u00f3n y sensorizaci\u00f3n), es decir, la b\u00fasqueda de un tag rfid pasivo (sin bater\u00eda) de larga distancia capaz de identificar objetos y medir variables f\u00edsicas en ellos. Por lo tanto, este trabajo de investigaci\u00f3n nace del deseo de investigar e implementar tales dispositivos. igualmente, se desconoce la existencia de tales dispositivos en el mercado. La potencia disponible para alimentar tags rfid pasivos es siempre muy baja, de ah\u00ed que la alimentaci\u00f3n de un tag que no s\u00f3lo identifique sino que incorpore un sensor es un verdadero problema. Los consumos t\u00edpicos de sensores electr\u00f3nicos integrados est\u00e1n un orden de magnitud por encima de la potencia disponible en un tag rfid. Es por ello que un dispositivo rfid pasivo identificador y sensor supondr\u00eda una ruptura en el actual estado del arte de la tecnolog\u00eda rfid. el objetivo de este trabajo de investigaci\u00f3n es dise\u00f1ar un sensor de temperatura integrado de ultra bajo consumo para que pueda ser v\u00e1lida su integraci\u00f3n en un tag rfid pasivo. Se contempla que dicho sensor rfid sea empleado en 2 aplicaciones: una biom\u00e9dica y una industrial (sector de la m\u00e1quina herramienta). en ambas aplicaciones, el sensor de temperatura integrado es el elemento clave del sistema completo. Ser\u00e1 dise\u00f1ado en conjunto con el front-end anal\u00f3gico y el subsistema digital del tag rfid. Los interfaces entre estos 3 elementos ser\u00e1n dise\u00f1ados detenidamente y se satisfacer\u00e1n las exigentes restricciones de consumo en potencia. este ambicioso objetivo ha sido conseguido con \u00e9xito alcanzando las siguientes prestaciones para los dos sensores de temperatura fabricados. En el sensor biom\u00e9dico, se ha obtenido una resoluci\u00f3n termal de 0,035 \u00c2\u00bac de 35 a 45 \u00c2\u00bac y un error de calibraci\u00f3n de \u00c2\u00b10,1 \u00c2\u00bac con un consumo de s\u00f3lo 30 nw (a una tasa de muestreo de 2 muestras\/s) en un \u00e1rea activa de chip de 0,084 mm\u00c2\u00b2. Para el sensor industrial, se ha obtenido una resoluci\u00f3n de 0,1 \u00c2\u00bac de 0 a 100 \u00c2\u00bac y un error de \u00c2\u00b10,2 \u00c2\u00bac con un consumo de 0,35 \u00c2\u00b5w (2 muestras\/s) en un \u00e1rea activa de chip de 0,12 mm\u00c2\u00b2.<\/p>\n<p>&nbsp;<\/p>\n<h3>Datos acad\u00e9micos de la tesis doctoral \u00ab<strong>Design of a low-power temperature sensor for passive rfid sensors<\/strong>\u00ab<\/h3>\n<ul>\n<li><strong>T\u00edtulo de la tesis:<\/strong>\u00a0 Design of a low-power temperature sensor for passive rfid sensors <\/li>\n<li><strong>Autor:<\/strong>\u00a0 Aritz Ubarrechena Belandia <\/li>\n<li><strong>Universidad:<\/strong>\u00a0 Navarra<\/li>\n<li><strong>Fecha de lectura de la tesis:<\/strong>\u00a0 27\/09\/2010<\/li>\n<\/ul>\n<p>&nbsp;<\/p>\n<h3>Direcci\u00f3n y tribunal<\/h3>\n<ul>\n<li><strong>Director de la tesis<\/strong>\n<ul>\n<li>Roque Jose Berenguer Perez<\/li>\n<\/ul>\n<\/li>\n<li><strong>Tribunal<\/strong>\n<ul>\n<li>Presidente del tribunal: pedro Crespo bofill <\/li>\n<li>Antonio Hernandez ballester (vocal)<\/li>\n<li>erik Hern\u00e1ndez jim\u00e9nez (vocal)<\/li>\n<li>Jos\u00e9 Manuel Delgado restituto (vocal)<\/li>\n<\/ul>\n<\/li>\n<\/ul>\n<p>&nbsp;<\/p>\n","protected":false},"excerpt":{"rendered":"<p>Tesis doctoral de Aritz Ubarrechena Belandia Rfid (radio frequency identification) es una tecnolog\u00eda de comunicaci\u00f3n inal\u00e1mbrica que permite a los [&hellip;]<\/p>\n","protected":false},"author":1,"featured_media":0,"comment_status":"open","ping_status":"open","sticky":false,"template":"","format":"standard","meta":{"site-sidebar-layout":"default","site-content-layout":"","ast-site-content-layout":"","site-content-style":"default","site-sidebar-style":"default","ast-global-header-display":"","ast-banner-title-visibility":"","ast-main-header-display":"","ast-hfb-above-header-display":"","ast-hfb-below-header-display":"","ast-hfb-mobile-header-display":"","site-post-title":"","ast-breadcrumbs-content":"","ast-featured-img":"","footer-sml-layout":"","theme-transparent-header-meta":"","adv-header-id-meta":"","stick-header-meta":"","header-above-stick-meta":"","header-main-stick-meta":"","header-below-stick-meta":"","astra-migrate-meta-layouts":"default","ast-page-background-enabled":"default","ast-page-background-meta":{"desktop":{"background-color":"var(--ast-global-color-4)","background-image":"","background-repeat":"repeat","background-position":"center center","background-size":"auto","background-attachment":"scroll","background-type":"","background-media":"","overlay-type":"","overlay-color":"","overlay-gradient":""},"tablet":{"background-color":"","background-image":"","background-repeat":"repeat","background-position":"center center","background-size":"auto","background-attachment":"scroll","background-type":"","background-media":"","overlay-type":"","overlay-color":"","overlay-gradient":""},"mobile":{"background-color":"","background-image":"","background-repeat":"repeat","background-position":"center center","background-size":"auto","background-attachment":"scroll","background-type":"","background-media":"","overlay-type":"","overlay-color":"","overlay-gradient":""}},"ast-content-background-meta":{"desktop":{"background-color":"var(--ast-global-color-5)","background-image":"","background-repeat":"repeat","background-position":"center center","background-size":"auto","background-attachment":"scroll","background-type":"","background-media":"","overlay-type":"","overlay-color":"","overlay-gradient":""},"tablet":{"background-color":"var(--ast-global-color-5)","background-image":"","background-repeat":"repeat","background-position":"center center","background-size":"auto","background-attachment":"scroll","background-type":"","background-media":"","overlay-type":"","overlay-color":"","overlay-gradient":""},"mobile":{"background-color":"var(--ast-global-color-5)","background-image":"","background-repeat":"repeat","background-position":"center center","background-size":"auto","background-attachment":"scroll","background-type":"","background-media":"","overlay-type":"","overlay-color":"","overlay-gradient":""}},"footnotes":""},"categories":[9195,3705,40625,17749,15844],"tags":[38856,210210,63742,205685,82075,63743],"class_list":["post-103889","post","type-post","status-publish","format-standard","hentry","category-diseno-de-circuitos","category-dispositivos-semiconductores","category-dispositivos-termoelectricos","category-navarra","category-transistores","tag-antonio-hernandez-ballester","tag-aritz-ubarrechena-belandia","tag-erik-hernandez-jimenez","tag-jose-manuel-delgado-restituto","tag-pedro-crespo-bofill","tag-roque-jose-berenguer-perez"],"_links":{"self":[{"href":"https:\/\/www.deberes.net\/tesis\/wp-json\/wp\/v2\/posts\/103889","targetHints":{"allow":["GET"]}}],"collection":[{"href":"https:\/\/www.deberes.net\/tesis\/wp-json\/wp\/v2\/posts"}],"about":[{"href":"https:\/\/www.deberes.net\/tesis\/wp-json\/wp\/v2\/types\/post"}],"author":[{"embeddable":true,"href":"https:\/\/www.deberes.net\/tesis\/wp-json\/wp\/v2\/users\/1"}],"replies":[{"embeddable":true,"href":"https:\/\/www.deberes.net\/tesis\/wp-json\/wp\/v2\/comments?post=103889"}],"version-history":[{"count":0,"href":"https:\/\/www.deberes.net\/tesis\/wp-json\/wp\/v2\/posts\/103889\/revisions"}],"wp:attachment":[{"href":"https:\/\/www.deberes.net\/tesis\/wp-json\/wp\/v2\/media?parent=103889"}],"wp:term":[{"taxonomy":"category","embeddable":true,"href":"https:\/\/www.deberes.net\/tesis\/wp-json\/wp\/v2\/categories?post=103889"},{"taxonomy":"post_tag","embeddable":true,"href":"https:\/\/www.deberes.net\/tesis\/wp-json\/wp\/v2\/tags?post=103889"}],"curies":[{"name":"wp","href":"https:\/\/api.w.org\/{rel}","templated":true}]}}