{"id":103896,"date":"2018-03-11T10:26:37","date_gmt":"2018-03-11T10:26:37","guid":{"rendered":"https:\/\/www.deberes.net\/tesis\/sin-categoria\/joan-fuster-historia-y-utopa%c2%ada\/"},"modified":"2018-03-11T10:26:37","modified_gmt":"2018-03-11T10:26:37","slug":"joan-fuster-historia-y-utopa%c2%ada","status":"publish","type":"post","link":"https:\/\/www.deberes.net\/tesis\/filosofia\/joan-fuster-historia-y-utopa%c2%ada\/","title":{"rendered":"Joan fuster: historia y utop\u00eda"},"content":{"rendered":"<h2>Tesis doctoral de <strong> Antonio Perez Adsuar Belso <\/strong><\/h2>\n<p>Esta tesis tiene como objetivo analizar la obra y la trayectoria vital de joan fuster i ortells, el pensador pol\u00edtico y social Valenciano m\u00e1s influyente del siglo xx. Se divide fundamentalmente en tres partes.  en la primera se trata de recorrer la vida del autor pasando a mostrar como su trayectoria determin\u00f3 que se inclinara por una moral de tipo conservador y apostara por el proyecto pol\u00edtico de los pa\u00edses catalanes como salida para el pa\u00eds Valenciano del franquismo. En esta primera parte tambi\u00e9n se muestran las caracter\u00edsticas de su proyecto pol\u00edtico, marcado por su elitismo de fondo y por su apelaci\u00f3n al pueblo como agente transformador cuyo objetivo ha de ser la construcci\u00f3n nacional catalana en Valencia. Finalmente este primera parte incluye unos cap\u00edtulos dedicados al determinante papel del la historia en este proceso de conformaci\u00f3n nacional.  en la segunda parte nos centramos m\u00e1s en la faceta intelectual del autor. Se muestran el car\u00e1cter b\u00e1sicamente contradictorio de su pensamiento, su visi\u00f3n de la pol\u00edtica, su autoimagen y como ella es construida, y el car\u00e1cter dial\u00e9ctico de su pensamiento. Finalmente en esta segunda parte se encuentra un importante apartado que quiere poner de manifiesto las ra\u00edces del pensamiento fusteriano, que vienen determinadas fundamentalmente por el carlismo y la influencia de ortega y gasset y del catalanismo de prat de la riba y de eugeni d&apos;ors.  ya en la parte tercera se analiza la actuaci\u00f3n de joan fuster en la transici\u00f3n a la democracia espa\u00f1ola. Se hace una an\u00e1lisis hist\u00f3rico de la misma, con especial atenci\u00f3n a la transici\u00f3n en el pa\u00eds Valenciano. Seguidamente se muestra el papel jugado por fuster durante estos a\u00f1os y se explica el fracaso de su proyecto pol\u00edtico, incidiendo en la explicaci\u00f3n de las causas del mismo.  la tesis cuenta con una introducci\u00f3n que sit\u00faa al lector frente al problema y con una conclusi\u00f3n donde se ponen de manifiesto las nuevas perspectivas sobre joan fuster y se exponen una serie de propuestas de futuro en relaci\u00f3n a la identidad Valenciana.<\/p>\n<p>&nbsp;<\/p>\n<h3>Datos acad\u00e9micos de la tesis doctoral \u00ab<strong>Joan fuster: historia y utop\u00eda<\/strong>\u00ab<\/h3>\n<ul>\n<li><strong>T\u00edtulo de la tesis:<\/strong>\u00a0 Joan fuster: historia y utop\u00eda<\/li>\n<li><strong>Autor:<\/strong>\u00a0 Antonio Perez Adsuar Belso <\/li>\n<li><strong>Universidad:<\/strong>\u00a0 Murcia<\/li>\n<li><strong>Fecha de lectura de la tesis:<\/strong>\u00a0 27\/09\/2010<\/li>\n<\/ul>\n<p>&nbsp;<\/p>\n<h3>Direcci\u00f3n y tribunal<\/h3>\n<ul>\n<li><strong>Director de la tesis<\/strong>\n<ul>\n<li>Jos\u00e9 Luis Villaca\u00f1as Berlanga<\/li>\n<\/ul>\n<\/li>\n<li><strong>Tribunal<\/strong>\n<ul>\n<li>Presidente del tribunal: angel Prior olmos <\/li>\n<li>Antonio  de Murcia conesa (vocal)<\/li>\n<li>cayetano Mas galva\u00f1 (vocal)<\/li>\n<li>antoni Moll\u00e1 orts (vocal)<\/li>\n<\/ul>\n<\/li>\n<\/ul>\n<p>&nbsp;<\/p>\n","protected":false},"excerpt":{"rendered":"<p>Tesis doctoral de Antonio Perez Adsuar Belso Esta tesis tiene como objetivo analizar la obra y la trayectoria vital de [&hellip;]<\/p>\n","protected":false},"author":1,"featured_media":0,"comment_status":"open","ping_status":"open","sticky":false,"template":"","format":"standard","meta":{"site-sidebar-layout":"default","site-content-layout":"","ast-site-content-layout":"","site-content-style":"default","site-sidebar-style":"default","ast-global-header-display":"","ast-banner-title-visibility":"","ast-main-header-display":"","ast-hfb-above-header-display":"","ast-hfb-below-header-display":"","ast-hfb-mobile-header-display":"","site-post-title":"","ast-breadcrumbs-content":"","ast-featured-img":"","footer-sml-layout":"","theme-transparent-header-meta":"","adv-header-id-meta":"","stick-header-meta":"","header-above-stick-meta":"","header-main-stick-meta":"","header-below-stick-meta":"","astra-migrate-meta-layouts":"default","ast-page-background-enabled":"default","ast-page-background-meta":{"desktop":{"background-color":"var(--ast-global-color-4)","background-image":"","background-repeat":"repeat","background-position":"center center","background-size":"auto","background-attachment":"scroll","background-type":"","background-media":"","overlay-type":"","overlay-color":"","overlay-gradient":""},"tablet":{"background-color":"","background-image":"","background-repeat":"repeat","background-position":"center center","background-size":"auto","background-attachment":"scroll","background-type":"","background-media":"","overlay-type":"","overlay-color":"","overlay-gradient":""},"mobile":{"background-color":"","background-image":"","background-repeat":"repeat","background-position":"center center","background-size":"auto","background-attachment":"scroll","background-type":"","background-media":"","overlay-type":"","overlay-color":"","overlay-gradient":""}},"ast-content-background-meta":{"desktop":{"background-color":"var(--ast-global-color-5)","background-image":"","background-repeat":"repeat","background-position":"center center","background-size":"auto","background-attachment":"scroll","background-type":"","background-media":"","overlay-type":"","overlay-color":"","overlay-gradient":""},"tablet":{"background-color":"var(--ast-global-color-5)","background-image":"","background-repeat":"repeat","background-position":"center center","background-size":"auto","background-attachment":"scroll","background-type":"","background-media":"","overlay-type":"","overlay-color":"","overlay-gradient":""},"mobile":{"background-color":"var(--ast-global-color-5)","background-image":"","background-repeat":"repeat","background-position":"center center","background-size":"auto","background-attachment":"scroll","background-type":"","background-media":"","overlay-type":"","overlay-color":"","overlay-gradient":""}},"footnotes":""},"categories":[165,8235],"tags":[49675,210224,203460,210223,170413,12149],"class_list":["post-103896","post","type-post","status-publish","format-standard","hentry","category-filosofia","category-murcia","tag-angel-prior-olmos","tag-antoni-molla-orts","tag-antonio-de-murcia-conesa","tag-antonio-perez-adsuar-belso","tag-cayetano-mas-galvan","tag-jose-luis-villacanas-berlanga"],"_links":{"self":[{"href":"https:\/\/www.deberes.net\/tesis\/wp-json\/wp\/v2\/posts\/103896","targetHints":{"allow":["GET"]}}],"collection":[{"href":"https:\/\/www.deberes.net\/tesis\/wp-json\/wp\/v2\/posts"}],"about":[{"href":"https:\/\/www.deberes.net\/tesis\/wp-json\/wp\/v2\/types\/post"}],"author":[{"embeddable":true,"href":"https:\/\/www.deberes.net\/tesis\/wp-json\/wp\/v2\/users\/1"}],"replies":[{"embeddable":true,"href":"https:\/\/www.deberes.net\/tesis\/wp-json\/wp\/v2\/comments?post=103896"}],"version-history":[{"count":0,"href":"https:\/\/www.deberes.net\/tesis\/wp-json\/wp\/v2\/posts\/103896\/revisions"}],"wp:attachment":[{"href":"https:\/\/www.deberes.net\/tesis\/wp-json\/wp\/v2\/media?parent=103896"}],"wp:term":[{"taxonomy":"category","embeddable":true,"href":"https:\/\/www.deberes.net\/tesis\/wp-json\/wp\/v2\/categories?post=103896"},{"taxonomy":"post_tag","embeddable":true,"href":"https:\/\/www.deberes.net\/tesis\/wp-json\/wp\/v2\/tags?post=103896"}],"curies":[{"name":"wp","href":"https:\/\/api.w.org\/{rel}","templated":true}]}}