{"id":103902,"date":"2018-03-11T10:26:42","date_gmt":"2018-03-11T10:26:42","guid":{"rendered":"https:\/\/www.deberes.net\/tesis\/sin-categoria\/descriptores-geometricos-y-de-forma-aplicacion-a-la-caracterizacion-ultrasonica-de-materiales\/"},"modified":"2018-03-11T10:26:42","modified_gmt":"2018-03-11T10:26:42","slug":"descriptores-geometricos-y-de-forma-aplicacion-a-la-caracterizacion-ultrasonica-de-materiales","status":"publish","type":"post","link":"https:\/\/www.deberes.net\/tesis\/tecnologia-de-las-telecomunicaciones\/descriptores-geometricos-y-de-forma-aplicacion-a-la-caracterizacion-ultrasonica-de-materiales\/","title":{"rendered":"Descriptores geom\u00e9tricos y de forma: aplicaci\u00f3n a la caracterizaci\u00f3n ultras\u00f3nica de materiales"},"content":{"rendered":"<h2>Tesis doctoral de <strong> Soledad G\u00f3mez Garc\u00eda <\/strong><\/h2>\n<p>Entre otras aplicaciones, el grupo de tratamiento de se\u00f1al (gts) de la universidad polit\u00e9cnica de Valencia ha trabajado tradicionalmente en el campo de los ensayos no destructivos por ultrasonidos. El gts ha desarrollado sofisticados algoritmos de procesado de se\u00f1al para la detecci\u00f3n y caracterizaci\u00f3n en materiales dispersivos.  el procedimiento de inspecci\u00f3n ultras\u00f3nica de materiales implica la obtenci\u00f3n de un registro o se\u00f1al mediante un equipo emisor-receptor de ultrasonidos. Este registro ser\u00e1 posteriormente procesado para obtener informaci\u00f3n del material. La extracci\u00f3n de caracter\u00edsticas puede realizarse calculando par\u00e1metros temporales y\/o frecuenciales de los registros en cuesti\u00f3n. Estos par\u00e1metros contienen informaci\u00f3n que est\u00e1 relacionada con propiedades f\u00edsicas de los materiales y que podr\u00e1n ser empleados en definitiva para clasificar y caracterizar el material.  el objetivo de la tesis es el de ampliar el conjunto de par\u00e1metros que se han venido usando de manera tradicional en el grupo. Los nuevos par\u00e1metros proponen un cambio de perspectiva mediante el uso de t\u00e9cnicas basadas en el tratamiento digital de imagen. Se presenta una colecci\u00f3n de descriptores geom\u00e9tricos y de forma que ser\u00e1n aplicados a las im\u00e1genes obtenidas a partir de los diagramas tiempo-frecuencia. Los citados par\u00e1metros se aplicar\u00e1n junto con los par\u00e1metros que componen el modelo tradicional, o versiones modificadas de \u00e9stos, a la caracterizaci\u00f3n ultras\u00f3nica de materiales dispersivos blandos.  en la tesis se presenta un modelo matem\u00e1tico af\u00edn a los tipos de materiales que han sido evaluados en este trabajo. Se define as\u00ed un esquema que modela en el dominio de la frecuencia el registro de se\u00f1al procedente de la inspecci\u00f3n ultras\u00f3nica del material. Se proponen y estudian adem\u00e1s diferentes m\u00e9todos con el objetivo de llevar a cabo el an\u00e1lisis espectral de la se\u00f1al ultras\u00f3nica y se discuten diferentes alternativas para la obtenci\u00f3n y mejora de los diagramas tiempo-frecuencia.  se ha realizado un estudio de los estimadores m\u00e1s usados convencionalmente en el grupo para la extracci\u00f3n de caracter\u00edsticas en el dominio frecuencial y se han llevado a cabo modificaciones de \u00e9stos desde el punto de vista del tratamiento digital de imagen. Se ha desarrollado un simulador acorde al modelo matem\u00e1tico presentado. El objetivo del simulador es el de realizar una comparativa de los estimadores convencionales y sus correspondientes modificados y el de contrastar la validez de las mejoras propuestas.  finalmente se realiza un estudio de los descriptores geom\u00e9tricos y de forma propuestos en esta tesis y se valida su utilidad mediante aplicaci\u00f3n a la caracterizaci\u00f3n de diferentes tipos de materiales dispersivos blandos. Se ha demostrado la utilidad del conjunto de par\u00e1metros propuestos para la tarea de caracterizaci\u00f3n de este tipo de materiales.<\/p>\n<p>&nbsp;<\/p>\n<h3>Datos acad\u00e9micos de la tesis doctoral \u00ab<strong>Descriptores geom\u00e9tricos y de forma: aplicaci\u00f3n a la caracterizaci\u00f3n ultras\u00f3nica de materiales<\/strong>\u00ab<\/h3>\n<ul>\n<li><strong>T\u00edtulo de la tesis:<\/strong>\u00a0 Descriptores geom\u00e9tricos y de forma: aplicaci\u00f3n a la caracterizaci\u00f3n ultras\u00f3nica de materiales <\/li>\n<li><strong>Autor:<\/strong>\u00a0 Soledad G\u00f3mez Garc\u00eda <\/li>\n<li><strong>Universidad:<\/strong>\u00a0 Polit\u00e9cnica de Valencia<\/li>\n<li><strong>Fecha de lectura de la tesis:<\/strong>\u00a0 27\/09\/2010<\/li>\n<\/ul>\n<p>&nbsp;<\/p>\n<h3>Direcci\u00f3n y tribunal<\/h3>\n<ul>\n<li><strong>Director de la tesis<\/strong>\n<ul>\n<li>Ram\u00f3n Miralles Ric\u00f3s<\/li>\n<\/ul>\n<\/li>\n<li><strong>Tribunal<\/strong>\n<ul>\n<li>Presidente del tribunal: lu\u00eds Vergara dom\u00ednguez <\/li>\n<li>Juan Morales s\u00e1nchez (vocal)<\/li>\n<li>Manuel Rosa zurera (vocal)<\/li>\n<li>nicol\u00e1s Ruiz reyes (vocal)<\/li>\n<\/ul>\n<\/li>\n<\/ul>\n<p>&nbsp;<\/p>\n","protected":false},"excerpt":{"rendered":"<p>Tesis doctoral de Soledad G\u00f3mez Garc\u00eda Entre otras aplicaciones, el grupo de tratamiento de se\u00f1al (gts) de la universidad polit\u00e9cnica [&hellip;]<\/p>\n","protected":false},"author":1,"featured_media":0,"comment_status":"open","ping_status":"open","sticky":false,"template":"","format":"standard","meta":{"site-sidebar-layout":"default","site-content-layout":"","ast-site-content-layout":"","site-content-style":"default","site-sidebar-style":"default","ast-global-header-display":"","ast-banner-title-visibility":"","ast-main-header-display":"","ast-hfb-above-header-display":"","ast-hfb-below-header-display":"","ast-hfb-mobile-header-display":"","site-post-title":"","ast-breadcrumbs-content":"","ast-featured-img":"","footer-sml-layout":"","theme-transparent-header-meta":"","adv-header-id-meta":"","stick-header-meta":"","header-above-stick-meta":"","header-main-stick-meta":"","header-below-stick-meta":"","astra-migrate-meta-layouts":"default","ast-page-background-enabled":"default","ast-page-background-meta":{"desktop":{"background-color":"var(--ast-global-color-4)","background-image":"","background-repeat":"repeat","background-position":"center center","background-size":"auto","background-attachment":"scroll","background-type":"","background-media":"","overlay-type":"","overlay-color":"","overlay-gradient":""},"tablet":{"background-color":"","background-image":"","background-repeat":"repeat","background-position":"center center","background-size":"auto","background-attachment":"scroll","background-type":"","background-media":"","overlay-type":"","overlay-color":"","overlay-gradient":""},"mobile":{"background-color":"","background-image":"","background-repeat":"repeat","background-position":"center center","background-size":"auto","background-attachment":"scroll","background-type":"","background-media":"","overlay-type":"","overlay-color":"","overlay-gradient":""}},"ast-content-background-meta":{"desktop":{"background-color":"var(--ast-global-color-5)","background-image":"","background-repeat":"repeat","background-position":"center center","background-size":"auto","background-attachment":"scroll","background-type":"","background-media":"","overlay-type":"","overlay-color":"","overlay-gradient":""},"tablet":{"background-color":"var(--ast-global-color-5)","background-image":"","background-repeat":"repeat","background-position":"center center","background-size":"auto","background-attachment":"scroll","background-type":"","background-media":"","overlay-type":"","overlay-color":"","overlay-gradient":""},"mobile":{"background-color":"var(--ast-global-color-5)","background-image":"","background-repeat":"repeat","background-position":"center center","background-size":"auto","background-attachment":"scroll","background-type":"","background-media":"","overlay-type":"","overlay-color":"","overlay-gradient":""}},"footnotes":""},"categories":[16820,2489],"tags":[141166,31223,37659,40781,69767,210235],"class_list":["post-103902","post","type-post","status-publish","format-standard","hentry","category-politecnica-de-valencia","category-tecnologia-de-las-telecomunicaciones","tag-juan-morales-sanchez","tag-luis-vergara-dominguez","tag-manuel-rosa-zurera","tag-nicolas-ruiz-reyes","tag-ramon-miralles-ricos","tag-soledad-gomez-garcia"],"_links":{"self":[{"href":"https:\/\/www.deberes.net\/tesis\/wp-json\/wp\/v2\/posts\/103902","targetHints":{"allow":["GET"]}}],"collection":[{"href":"https:\/\/www.deberes.net\/tesis\/wp-json\/wp\/v2\/posts"}],"about":[{"href":"https:\/\/www.deberes.net\/tesis\/wp-json\/wp\/v2\/types\/post"}],"author":[{"embeddable":true,"href":"https:\/\/www.deberes.net\/tesis\/wp-json\/wp\/v2\/users\/1"}],"replies":[{"embeddable":true,"href":"https:\/\/www.deberes.net\/tesis\/wp-json\/wp\/v2\/comments?post=103902"}],"version-history":[{"count":0,"href":"https:\/\/www.deberes.net\/tesis\/wp-json\/wp\/v2\/posts\/103902\/revisions"}],"wp:attachment":[{"href":"https:\/\/www.deberes.net\/tesis\/wp-json\/wp\/v2\/media?parent=103902"}],"wp:term":[{"taxonomy":"category","embeddable":true,"href":"https:\/\/www.deberes.net\/tesis\/wp-json\/wp\/v2\/categories?post=103902"},{"taxonomy":"post_tag","embeddable":true,"href":"https:\/\/www.deberes.net\/tesis\/wp-json\/wp\/v2\/tags?post=103902"}],"curies":[{"name":"wp","href":"https:\/\/api.w.org\/{rel}","templated":true}]}}