{"id":103961,"date":"2018-03-11T10:26:42","date_gmt":"2018-03-11T10:26:42","guid":{"rendered":"https:\/\/www.deberes.net\/tesis\/sin-categoria\/mecanismes-implicats-en-la-diferenciacio-de-les-ca%c2%a8la%c2%b7lules-progenitores-endotelials-durant-el-remodelat-vascular-pulmonar\/"},"modified":"2018-03-11T10:26:42","modified_gmt":"2018-03-11T10:26:42","slug":"mecanismes-implicats-en-la-diferenciacio-de-les-ca%c2%a8la%c2%b7lules-progenitores-endotelials-durant-el-remodelat-vascular-pulmonar","status":"publish","type":"post","link":"https:\/\/www.deberes.net\/tesis\/ciencias-medicas\/mecanismes-implicats-en-la-diferenciacio-de-les-ca%c2%a8la%c2%b7lules-progenitores-endotelials-durant-el-remodelat-vascular-pulmonar\/","title":{"rendered":"Mecanismes implicats en la diferenciaci\u00f3 de les c\u00e9l\u00c2\u00b7lules progenitores endotelials durant el remodelat vascular pulmonar"},"content":{"rendered":"<h2>Tesis doctoral de <strong> Marta D\u00edez Cu\u00f1ado <\/strong><\/h2>\n<p>Mecanismos implicados en la diferenciaci\u00f3n de las c\u00e9lulas progenitoras endotelialesl durante el remodelado vascular pulmonar.<\/p>\n<p>&nbsp;<\/p>\n<h3>Datos acad\u00e9micos de la tesis doctoral \u00ab<strong>Mecanismes implicats en la diferenciaci\u00f3 de les c\u00e9l\u00c2\u00b7lules progenitores endotelials durant el remodelat vascular pulmonar<\/strong>\u00ab<\/h3>\n<ul>\n<li><strong>T\u00edtulo de la tesis:<\/strong>\u00a0 Mecanismes implicats en la diferenciaci\u00f3 de les c\u00e9l\u00c2\u00b7lules progenitores endotelials durant el remodelat vascular pulmonar <\/li>\n<li><strong>Autor:<\/strong>\u00a0 Marta D\u00edez Cu\u00f1ado <\/li>\n<li><strong>Universidad:<\/strong>\u00a0 Barcelona<\/li>\n<li><strong>Fecha de lectura de la tesis:<\/strong>\u00a0 28\/09\/2010<\/li>\n<\/ul>\n<p>&nbsp;<\/p>\n<h3>Direcci\u00f3n y tribunal<\/h3>\n<ul>\n<li><strong>Director de la tesis<\/strong>\n<ul>\n<li>Joan Albert Barber\u00e1 Mir<\/li>\n<\/ul>\n<\/li>\n<li><strong>Tribunal<\/strong>\n<ul>\n<li>Presidente del tribunal: ramon Farr\u00e9 ventura <\/li>\n<li>lina Badimon maestro (vocal)<\/li>\n<li>  (vocal)<\/li>\n<li>  (vocal)<\/li>\n<\/ul>\n<\/li>\n<\/ul>\n<p>&nbsp;<\/p>\n","protected":false},"excerpt":{"rendered":"<p>Tesis doctoral de Marta D\u00edez Cu\u00f1ado Mecanismos implicados en la diferenciaci\u00f3n de las c\u00e9lulas progenitoras endotelialesl durante el remodelado vascular [&hellip;]<\/p>\n","protected":false},"author":1,"featured_media":0,"comment_status":"open","ping_status":"open","sticky":false,"template":"","format":"standard","meta":{"site-sidebar-layout":"default","site-content-layout":"","ast-site-content-layout":"","site-content-style":"default","site-sidebar-style":"default","ast-global-header-display":"","ast-banner-title-visibility":"","ast-main-header-display":"","ast-hfb-above-header-display":"","ast-hfb-below-header-display":"","ast-hfb-mobile-header-display":"","site-post-title":"","ast-breadcrumbs-content":"","ast-featured-img":"","footer-sml-layout":"","theme-transparent-header-meta":"","adv-header-id-meta":"","stick-header-meta":"","header-above-stick-meta":"","header-main-stick-meta":"","header-below-stick-meta":"","astra-migrate-meta-layouts":"default","ast-page-background-enabled":"default","ast-page-background-meta":{"desktop":{"background-color":"var(--ast-global-color-4)","background-image":"","background-repeat":"repeat","background-position":"center center","background-size":"auto","background-attachment":"scroll","background-type":"","background-media":"","overlay-type":"","overlay-color":"","overlay-gradient":""},"tablet":{"background-color":"","background-image":"","background-repeat":"repeat","background-position":"center center","background-size":"auto","background-attachment":"scroll","background-type":"","background-media":"","overlay-type":"","overlay-color":"","overlay-gradient":""},"mobile":{"background-color":"","background-image":"","background-repeat":"repeat","background-position":"center center","background-size":"auto","background-attachment":"scroll","background-type":"","background-media":"","overlay-type":"","overlay-color":"","overlay-gradient":""}},"ast-content-background-meta":{"desktop":{"background-color":"var(--ast-global-color-5)","background-image":"","background-repeat":"repeat","background-position":"center center","background-size":"auto","background-attachment":"scroll","background-type":"","background-media":"","overlay-type":"","overlay-color":"","overlay-gradient":""},"tablet":{"background-color":"var(--ast-global-color-5)","background-image":"","background-repeat":"repeat","background-position":"center center","background-size":"auto","background-attachment":"scroll","background-type":"","background-media":"","overlay-type":"","overlay-color":"","overlay-gradient":""},"mobile":{"background-color":"var(--ast-global-color-5)","background-image":"","background-repeat":"repeat","background-position":"center center","background-size":"auto","background-attachment":"scroll","background-type":"","background-media":"","overlay-type":"","overlay-color":"","overlay-gradient":""}},"footnotes":""},"categories":[951,9],"tags":[56723,76981,210330,86169],"class_list":["post-103961","post","type-post","status-publish","format-standard","hentry","category-barcelona","category-ciencias-medicas","tag-joan-albert-barbera-mir","tag-lina-badimon-maestro","tag-marta-diez-cunado","tag-ramon-farre-ventura"],"_links":{"self":[{"href":"https:\/\/www.deberes.net\/tesis\/wp-json\/wp\/v2\/posts\/103961","targetHints":{"allow":["GET"]}}],"collection":[{"href":"https:\/\/www.deberes.net\/tesis\/wp-json\/wp\/v2\/posts"}],"about":[{"href":"https:\/\/www.deberes.net\/tesis\/wp-json\/wp\/v2\/types\/post"}],"author":[{"embeddable":true,"href":"https:\/\/www.deberes.net\/tesis\/wp-json\/wp\/v2\/users\/1"}],"replies":[{"embeddable":true,"href":"https:\/\/www.deberes.net\/tesis\/wp-json\/wp\/v2\/comments?post=103961"}],"version-history":[{"count":0,"href":"https:\/\/www.deberes.net\/tesis\/wp-json\/wp\/v2\/posts\/103961\/revisions"}],"wp:attachment":[{"href":"https:\/\/www.deberes.net\/tesis\/wp-json\/wp\/v2\/media?parent=103961"}],"wp:term":[{"taxonomy":"category","embeddable":true,"href":"https:\/\/www.deberes.net\/tesis\/wp-json\/wp\/v2\/categories?post=103961"},{"taxonomy":"post_tag","embeddable":true,"href":"https:\/\/www.deberes.net\/tesis\/wp-json\/wp\/v2\/tags?post=103961"}],"curies":[{"name":"wp","href":"https:\/\/api.w.org\/{rel}","templated":true}]}}