{"id":103970,"date":"2018-03-11T10:26:46","date_gmt":"2018-03-11T10:26:46","guid":{"rendered":"https:\/\/www.deberes.net\/tesis\/sin-categoria\/pragmatica-versatilidad-y-autorrepresentacion-en-el-epistolario-del-patriarca-focio\/"},"modified":"2018-03-11T10:26:46","modified_gmt":"2018-03-11T10:26:46","slug":"pragmatica-versatilidad-y-autorrepresentacion-en-el-epistolario-del-patriarca-focio","status":"publish","type":"post","link":"https:\/\/www.deberes.net\/tesis\/historia-medieval\/pragmatica-versatilidad-y-autorrepresentacion-en-el-epistolario-del-patriarca-focio\/","title":{"rendered":"Pragm\u00e1tica, versatilidad y autorrepresentaci\u00f3n en el epistolario del patriarca focio"},"content":{"rendered":"<h2>Tesis doctoral de <strong> Oscar Prieto Dominguez <\/strong><\/h2>\n<p>Esta tesis estudia tres conceptos claves en el epistolario de focio, dos veces patriarca de constantinopla (858-867 y 877-886). En ella se realiza un an\u00e1lisis en profundidad sobre la conformaci\u00f3n de este corpus, la preceptiva epistolar vigente en su \u00e9poca y el uso de la literatura como herramienta de poder pol\u00edtico. Para ello se maneja un gran volumen de bibliograf\u00eda (muy actualizada y relativa a los distintos campos implicados en esta investigaci\u00f3n), al mismo tiempo que se presentan distintos ap\u00e9ndices sobre la cronolog\u00eda de su autor, sobre los epistol\u00f3grafos de la \u00e9poca y, por supuesto, sobre el contenido de cada uno de los textos que forman parte del epistolario del patriarca focio. El resultado es una investigaci\u00f3n que destaca tanto por la dificultad del objeto de estudio como por el rigor en el que se ha llevado a cabo. Gracias a su car\u00e1cter pionero, arroja nuevas conclusiones sobre un tema tan fundamental como es la controvertida figura de focio y abre nuevas perspectivas de investigaci\u00f3n sobre uno de los periodos claves para la historia del imperio bizantino: los comienzos de la dinast\u00eda maced\u00f3nica.<\/p>\n<p>&nbsp;<\/p>\n<h3>Datos acad\u00e9micos de la tesis doctoral \u00ab<strong>Pragm\u00e1tica, versatilidad y autorrepresentaci\u00f3n en el epistolario del patriarca focio<\/strong>\u00ab<\/h3>\n<ul>\n<li><strong>T\u00edtulo de la tesis:<\/strong>\u00a0 Pragm\u00e1tica, versatilidad y autorrepresentaci\u00f3n en el epistolario del patriarca focio <\/li>\n<li><strong>Autor:<\/strong>\u00a0 Oscar Prieto Dominguez <\/li>\n<li><strong>Universidad:<\/strong>\u00a0 Valladolid<\/li>\n<li><strong>Fecha de lectura de la tesis:<\/strong>\u00a0 29\/09\/2010<\/li>\n<\/ul>\n<p>&nbsp;<\/p>\n<h3>Direcci\u00f3n y tribunal<\/h3>\n<ul>\n<li><strong>Director de la tesis<\/strong>\n<ul>\n<li>Patricia Varona Codeso<\/li>\n<\/ul>\n<\/li>\n<li><strong>Tribunal<\/strong>\n<ul>\n<li>Presidente del tribunal: manuel Garc\u00eda teijeiro <\/li>\n<li>athanasios Markopoulos (vocal)<\/li>\n<li>ramon Teja casuso (vocal)<\/li>\n<li>paolo Odorico (vocal)<\/li>\n<\/ul>\n<\/li>\n<\/ul>\n<p>&nbsp;<\/p>\n","protected":false},"excerpt":{"rendered":"<p>Tesis doctoral de Oscar Prieto Dominguez Esta tesis estudia tres conceptos claves en el epistolario de focio, dos veces patriarca [&hellip;]<\/p>\n","protected":false},"author":1,"featured_media":0,"comment_status":"open","ping_status":"open","sticky":false,"template":"","format":"standard","meta":{"site-sidebar-layout":"default","site-content-layout":"","ast-site-content-layout":"","site-content-style":"default","site-sidebar-style":"default","ast-global-header-display":"","ast-banner-title-visibility":"","ast-main-header-display":"","ast-hfb-above-header-display":"","ast-hfb-below-header-display":"","ast-hfb-mobile-header-display":"","site-post-title":"","ast-breadcrumbs-content":"","ast-featured-img":"","footer-sml-layout":"","theme-transparent-header-meta":"","adv-header-id-meta":"","stick-header-meta":"","header-above-stick-meta":"","header-main-stick-meta":"","header-below-stick-meta":"","astra-migrate-meta-layouts":"default","ast-page-background-enabled":"default","ast-page-background-meta":{"desktop":{"background-color":"var(--ast-global-color-4)","background-image":"","background-repeat":"repeat","background-position":"center center","background-size":"auto","background-attachment":"scroll","background-type":"","background-media":"","overlay-type":"","overlay-color":"","overlay-gradient":""},"tablet":{"background-color":"","background-image":"","background-repeat":"repeat","background-position":"center center","background-size":"auto","background-attachment":"scroll","background-type":"","background-media":"","overlay-type":"","overlay-color":"","overlay-gradient":""},"mobile":{"background-color":"","background-image":"","background-repeat":"repeat","background-position":"center center","background-size":"auto","background-attachment":"scroll","background-type":"","background-media":"","overlay-type":"","overlay-color":"","overlay-gradient":""}},"ast-content-background-meta":{"desktop":{"background-color":"var(--ast-global-color-5)","background-image":"","background-repeat":"repeat","background-position":"center center","background-size":"auto","background-attachment":"scroll","background-type":"","background-media":"","overlay-type":"","overlay-color":"","overlay-gradient":""},"tablet":{"background-color":"var(--ast-global-color-5)","background-image":"","background-repeat":"repeat","background-position":"center center","background-size":"auto","background-attachment":"scroll","background-type":"","background-media":"","overlay-type":"","overlay-color":"","overlay-gradient":""},"mobile":{"background-color":"var(--ast-global-color-5)","background-image":"","background-repeat":"repeat","background-position":"center center","background-size":"auto","background-attachment":"scroll","background-type":"","background-media":"","overlay-type":"","overlay-color":"","overlay-gradient":""}},"footnotes":""},"categories":[3967,713,119,2231,12451],"tags":[210346,9113,210344,210347,210345,7209],"class_list":["post-103970","post","type-post","status-publish","format-standard","hentry","category-historia-de-la-iglesia","category-historia-de-la-literatura","category-historia-medieval","category-sociologia-de-la-literatura","category-valladolid","tag-athanasios-markopoulos","tag-manuel-garcia-teijeiro","tag-oscar-prieto-dominguez","tag-paolo-odorico","tag-patricia-varona-codeso","tag-ramon-teja-casuso"],"_links":{"self":[{"href":"https:\/\/www.deberes.net\/tesis\/wp-json\/wp\/v2\/posts\/103970","targetHints":{"allow":["GET"]}}],"collection":[{"href":"https:\/\/www.deberes.net\/tesis\/wp-json\/wp\/v2\/posts"}],"about":[{"href":"https:\/\/www.deberes.net\/tesis\/wp-json\/wp\/v2\/types\/post"}],"author":[{"embeddable":true,"href":"https:\/\/www.deberes.net\/tesis\/wp-json\/wp\/v2\/users\/1"}],"replies":[{"embeddable":true,"href":"https:\/\/www.deberes.net\/tesis\/wp-json\/wp\/v2\/comments?post=103970"}],"version-history":[{"count":0,"href":"https:\/\/www.deberes.net\/tesis\/wp-json\/wp\/v2\/posts\/103970\/revisions"}],"wp:attachment":[{"href":"https:\/\/www.deberes.net\/tesis\/wp-json\/wp\/v2\/media?parent=103970"}],"wp:term":[{"taxonomy":"category","embeddable":true,"href":"https:\/\/www.deberes.net\/tesis\/wp-json\/wp\/v2\/categories?post=103970"},{"taxonomy":"post_tag","embeddable":true,"href":"https:\/\/www.deberes.net\/tesis\/wp-json\/wp\/v2\/tags?post=103970"}],"curies":[{"name":"wp","href":"https:\/\/api.w.org\/{rel}","templated":true}]}}