{"id":104030,"date":"2010-01-10T00:00:00","date_gmt":"2010-01-10T00:00:00","guid":{"rendered":"https:\/\/www.deberes.net\/tesis\/sin-categoria\/genero-y-derecho-el-sistema-penal-como-transformador-de-la-realidad-social\/"},"modified":"2010-01-10T00:00:00","modified_gmt":"2010-01-10T00:00:00","slug":"genero-y-derecho-el-sistema-penal-como-transformador-de-la-realidad-social","status":"publish","type":"post","link":"https:\/\/www.deberes.net\/tesis\/derecho-penal\/genero-y-derecho-el-sistema-penal-como-transformador-de-la-realidad-social\/","title":{"rendered":"G\u00e9nero y derecho. el sistema penal como transformador de la realidad social"},"content":{"rendered":"<h2>Tesis doctoral de <strong> Mar\u00eda na Sanchez Busso <\/strong><\/h2>\n<p>Entender al derecho penal, y m\u00e1s espec\u00edficamente a la propia ley punitiva, como una herramienta antidiscriminatoria resulta casi una contradicci\u00f3n o paradoja. Los discursos te\u00f3ricos feministas m\u00e1s recientes han evidenciado fuertemente la idea contradictoria de entender al poder punitivo como un instrumento que puede dar respuesta a las reivindicaciones de las mujeres. El sistema penal representa, en manos del estado, el medio m\u00e1s poderoso para el control social; pero contiene, asimismo, una visi\u00f3n del g\u00e9nero construida por diferentes mecanismos sociales. As\u00ed, preguntarnos si puede la ley penal combatir la desigualdad de g\u00e9nero, a primera vista, parece una contradicci\u00f3n en s\u00ed misma. No obstante, no podemos dejar de reconocer que el derecho -incluido el sistema penal- se constituye en la sociedad como el principal \u00e1mbito de percepci\u00f3n, recepci\u00f3n y discusi\u00f3n de las problem\u00e1ticas sociales. Su efectividad como medio de transmisi\u00f3n de valores y factor de cambio puede ser cuestionada pero nunca desechada. A\u00fan m\u00e1s, en el campo de las desigualdades de g\u00e9nero, el lenguaje del derecho ha tenido una importante funci\u00f3n pol\u00edtica: la de haber dado particular fuerza a las reivindicaciones de los movimientos de mujeres, que comenzaron a exigir para s\u00ed y para los dem\u00e1s el tratamiento y la satisfacci\u00f3n de nuevas necesidades materiales y morales.  en este sentido, la evoluci\u00f3n que el derecho penal espa\u00f1ol ha tenido frente al tratamiento del grave problema de la violencia intra-familiar de g\u00e9nero en los \u00faltimos a\u00f1os, es un buen ejemplo de esta idea. Gracias al tratamiento jur\u00eddico que el derecho espa\u00f1ol le ha dado, este fen\u00f3meno de la violencia de g\u00e9nero ha logrado salir a la luz, ha dejado de pertenecer al \u00e1mbito privado para posicionarse como un fen\u00f3meno social, un asunto de inter\u00e9s p\u00fablico que afecta a todos y que es digno de tutela por parte del derecho. es por ello que, y dentro de este contexto te\u00f3rico, este trabajo se dirige a comprender y analizar el conjunto de propuestas de cambio instauradas por la ley org\u00e1nica 1\/2004 de medidas de protecci\u00f3n integral contra la violencia de g\u00e9nero espa\u00f1ola de 29 de diciembre de 2004, a partir de estrategias metodol\u00f3gicas variadas: an\u00e1lisis normativos, descripciones estructurales de la administraci\u00f3n de justicia y enfoque comprensivos a partir de entrevistas semi estructurads y grupos de discusi\u00f3n de los principales protagonistas de los procesos judiciales de violencia de g\u00e9nero. Y todo este esquema metodol\u00f3gico acompa\u00f1ado de un similar an\u00e1lisis comparativo con instrumentos legales, contextos estructurales y an\u00e1lisis interpretativos de la provincia de c\u00f3rdoba de la rep\u00fablica argentina.<\/p>\n<p>&nbsp;<\/p>\n<h3>Datos acad\u00e9micos de la tesis doctoral \u00ab<strong>G\u00e9nero y derecho. el sistema penal como transformador de la realidad social<\/strong>\u00ab<\/h3>\n<ul>\n<li><strong>T\u00edtulo de la tesis:<\/strong>\u00a0 G\u00e9nero y derecho. el sistema penal como transformador de la realidad social <\/li>\n<li><strong>Autor:<\/strong>\u00a0 Mar\u00eda na Sanchez Busso <\/li>\n<li><strong>Universidad:<\/strong>\u00a0 Zaragoza<\/li>\n<li><strong>Fecha de lectura de la tesis:<\/strong>\u00a0 01\/10\/2010<\/li>\n<\/ul>\n<p>&nbsp;<\/p>\n<h3>Direcci\u00f3n y tribunal<\/h3>\n<ul>\n<li><strong>Director de la tesis<\/strong>\n<ul>\n<li>Manuel Calvo Garc\u00eda<\/li>\n<\/ul>\n<\/li>\n<li><strong>Tribunal<\/strong>\n<ul>\n<li>Presidente del tribunal: Jos\u00e9 ignacio Lacasta zabalza <\/li>\n<li>encarna Bodel\u00f3n  gonz\u00e1lez (vocal)<\/li>\n<li>Mar\u00eda  Jos\u00e9 A\u00f1on roig (vocal)<\/li>\n<li>patricia raquel Laurenzo copello (vocal)<\/li>\n<\/ul>\n<\/li>\n<\/ul>\n<p>&nbsp;<\/p>\n","protected":false},"excerpt":{"rendered":"<p>Tesis doctoral de Mar\u00eda na Sanchez Busso Entender al derecho penal, y m\u00e1s espec\u00edficamente a la propia ley punitiva, como [&hellip;]<\/p>\n","protected":false},"author":1,"featured_media":0,"comment_status":"open","ping_status":"open","sticky":false,"template":"","format":"standard","meta":{"site-sidebar-layout":"default","site-content-layout":"","ast-site-content-layout":"","site-content-style":"default","site-sidebar-style":"default","ast-global-header-display":"","ast-banner-title-visibility":"","ast-main-header-display":"","ast-hfb-above-header-display":"","ast-hfb-below-header-display":"","ast-hfb-mobile-header-display":"","site-post-title":"","ast-breadcrumbs-content":"","ast-featured-img":"","footer-sml-layout":"","theme-transparent-header-meta":"","adv-header-id-meta":"","stick-header-meta":"","header-above-stick-meta":"","header-main-stick-meta":"","header-below-stick-meta":"","astra-migrate-meta-layouts":"default","ast-page-background-enabled":"default","ast-page-background-meta":{"desktop":{"background-color":"var(--ast-global-color-4)","background-image":"","background-repeat":"repeat","background-position":"center center","background-size":"auto","background-attachment":"scroll","background-type":"","background-media":"","overlay-type":"","overlay-color":"","overlay-gradient":""},"tablet":{"background-color":"","background-image":"","background-repeat":"repeat","background-position":"center center","background-size":"auto","background-attachment":"scroll","background-type":"","background-media":"","overlay-type":"","overlay-color":"","overlay-gradient":""},"mobile":{"background-color":"","background-image":"","background-repeat":"repeat","background-position":"center center","background-size":"auto","background-attachment":"scroll","background-type":"","background-media":"","overlay-type":"","overlay-color":"","overlay-gradient":""}},"ast-content-background-meta":{"desktop":{"background-color":"var(--ast-global-color-5)","background-image":"","background-repeat":"repeat","background-position":"center center","background-size":"auto","background-attachment":"scroll","background-type":"","background-media":"","overlay-type":"","overlay-color":"","overlay-gradient":""},"tablet":{"background-color":"var(--ast-global-color-5)","background-image":"","background-repeat":"repeat","background-position":"center center","background-size":"auto","background-attachment":"scroll","background-type":"","background-media":"","overlay-type":"","overlay-color":"","overlay-gradient":""},"mobile":{"background-color":"var(--ast-global-color-5)","background-image":"","background-repeat":"repeat","background-position":"center center","background-size":"auto","background-attachment":"scroll","background-type":"","background-media":"","overlay-type":"","overlay-color":"","overlay-gradient":""}},"footnotes":""},"categories":[613,10352,13610],"tags":[84104,210446,82253,187059,210445,58869],"class_list":["post-104030","post","type-post","status-publish","format-standard","hentry","category-derecho-penal","category-sociologia-juridica","category-zaragoza","tag-encarna-bodelon-gonzalez","tag-jose-ignacio-lacasta-zabalza","tag-manuel-calvo-garcia","tag-maria-jose-anon-roig","tag-maria-na-sanchez-busso","tag-patricia-raquel-laurenzo-copello"],"_links":{"self":[{"href":"https:\/\/www.deberes.net\/tesis\/wp-json\/wp\/v2\/posts\/104030","targetHints":{"allow":["GET"]}}],"collection":[{"href":"https:\/\/www.deberes.net\/tesis\/wp-json\/wp\/v2\/posts"}],"about":[{"href":"https:\/\/www.deberes.net\/tesis\/wp-json\/wp\/v2\/types\/post"}],"author":[{"embeddable":true,"href":"https:\/\/www.deberes.net\/tesis\/wp-json\/wp\/v2\/users\/1"}],"replies":[{"embeddable":true,"href":"https:\/\/www.deberes.net\/tesis\/wp-json\/wp\/v2\/comments?post=104030"}],"version-history":[{"count":0,"href":"https:\/\/www.deberes.net\/tesis\/wp-json\/wp\/v2\/posts\/104030\/revisions"}],"wp:attachment":[{"href":"https:\/\/www.deberes.net\/tesis\/wp-json\/wp\/v2\/media?parent=104030"}],"wp:term":[{"taxonomy":"category","embeddable":true,"href":"https:\/\/www.deberes.net\/tesis\/wp-json\/wp\/v2\/categories?post=104030"},{"taxonomy":"post_tag","embeddable":true,"href":"https:\/\/www.deberes.net\/tesis\/wp-json\/wp\/v2\/tags?post=104030"}],"curies":[{"name":"wp","href":"https:\/\/api.w.org\/{rel}","templated":true}]}}