{"id":104109,"date":"2010-06-10T00:00:00","date_gmt":"2010-06-10T00:00:00","guid":{"rendered":"https:\/\/www.deberes.net\/tesis\/sin-categoria\/el-sindicalismo-en-el-divan-interrogantes-basicos-sobre-elsindicalismo-en-el-siglo-xxi\/"},"modified":"2010-06-10T00:00:00","modified_gmt":"2010-06-10T00:00:00","slug":"el-sindicalismo-en-el-divan-interrogantes-basicos-sobre-elsindicalismo-en-el-siglo-xxi","status":"publish","type":"post","link":"https:\/\/www.deberes.net\/tesis\/derecho-del-trabajo-y-de-la-seguridad-social\/el-sindicalismo-en-el-divan-interrogantes-basicos-sobre-elsindicalismo-en-el-siglo-xxi\/","title":{"rendered":"El sindicalismo en el divan. interrogantes b\u00e1sicos sobre elsindicalismo en el siglo xxi"},"content":{"rendered":"<h2>Tesis doctoral de <strong> Virginia Leite Henrique <\/strong><\/h2>\n<p>La tesis el sindicalismo en el div\u00e1n. Interrogantes b\u00e1sicos sobre el sindicato en el siglo xxi, presentada a la facultad de derecho y ciencias sociales de la universidad de castilla-la mancha, busca desvelar c\u00f3mo las transformaciones del mundo del trabajo han afectado al sindicalismo, analizando el papel del estado en tales transformaciones y la propia configuraci\u00f3n de los sindicatos en tal contexto.             los objetivos espec\u00edficos del trabajo son: a)\taprehender el contexto pol\u00edtico, econ\u00f3mico, social y jur\u00eddico de la actualidad y sus efectos en la organizaci\u00f3n y gesti\u00f3n del trabajo;  b)\tanalizar la categor\u00eda trabajo, destacando su centralidad; c)\tanalizar el estado en cuanto instituci\u00f3n contradictoria, de apoyo al capital y, al mismo tiempo, garante de los derechos sociales; d)\texaminar el sindicalismo en cuanto movimiento social; e)\tpresentar las tendencias y los caminos para el sindicalismo.             el objetivo de la tesis es el examen de los desaf\u00edos que se plantean al sindicalismo espa\u00f1ol y brasile\u00f1o en el mundo de hoy, presentando algunos caminos para enfrentar tales cuestiones.             a partir del estudio del escenario del mundo del trabajo en las \u00faltimas d\u00e9cadas del siglo xx y primeras del siglo xx, con \u00e9nfasis en el papel del trabajo y del estado en tal contexto, se llega a la categor\u00eda abstracta del sindicato, analizando su conceptualizaci\u00f3n como movimiento social.              en seguida, se presentan algunas opciones a este sindicalismo, basadas en la conformaci\u00f3n de movimiento social del mismo.              por \u00faltimo, se busca o\u00edr las entidades sindicales, con el fin de verificar su visi\u00f3n acerca de las tem\u00e1ticas desarrolladas en el trabajo.             la tesis est\u00e1 dividida en cuatro cap\u00edtulos y dos ap\u00e9ndices, adem\u00e1s de la introducci\u00f3n y la conclusi\u00f3n.             en el primer cap\u00edtulo es estudiada la situaci\u00f3n actual del sindicalismo en brasil y en el mundo, procurando describir el escenario donde se encuentra el sindicalismo en la actualidad.             en el segundo  cap\u00edtulo se intenta examinar la situaci\u00f3n del sindicalismo en latinoam\u00e9rica, con \u00e9nfasis para la situaci\u00f3n brasile\u00f1a, y en espa\u00f1a, en t\u00e9rminos estructurales y su actuaci\u00f3n como sujeto pol\u00edtico, defini\u00e9ndose, al final, la condici\u00f3n de sindicalismo en cuanto movimiento social.             el cap\u00edtulo tercero presenta algunas tendencias y propuestas al movimiento sindical.             en el cuarto cap\u00edtulo se busca o\u00edr y analizar la visi\u00f3n del sindicalismo brasile\u00f1o y espa\u00f1ol por los dirigentes de las centrales sindicales de brasil y espa\u00f1a, en lo que se refiere a las principales tem\u00e1ticas analizadas en los cap\u00edtulos precedentes.             al final, son expuestas las consideraciones finales, buscando responder a las preguntas-claves expuestas en los cap\u00edtulos.             la preocupaci\u00f3n que dirige el trabajo de investigaci\u00f3n es la de asimilar el sindicalismo en cuanto movimiento social<\/p>\n<p>&nbsp;<\/p>\n<h3>Datos acad\u00e9micos de la tesis doctoral \u00ab<strong>El sindicalismo en el divan. interrogantes b\u00e1sicos sobre elsindicalismo en el siglo xxi<\/strong>\u00ab<\/h3>\n<ul>\n<li><strong>T\u00edtulo de la tesis:<\/strong>\u00a0 El sindicalismo en el divan. interrogantes b\u00e1sicos sobre elsindicalismo en el siglo xxi <\/li>\n<li><strong>Autor:<\/strong>\u00a0 Virginia Leite Henrique <\/li>\n<li><strong>Universidad:<\/strong>\u00a0 Castilla-la mancha<\/li>\n<li><strong>Fecha de lectura de la tesis:<\/strong>\u00a0 06\/10\/2010<\/li>\n<\/ul>\n<p>&nbsp;<\/p>\n<h3>Direcci\u00f3n y tribunal<\/h3>\n<ul>\n<li><strong>Director de la tesis<\/strong>\n<ul>\n<li>Antonio Baylos Grau<\/li>\n<\/ul>\n<\/li>\n<li><strong>Tribunal<\/strong>\n<ul>\n<li>Presidente del tribunal: joaquin Aparicio tovar <\/li>\n<li>Jos\u00e9 eduardo De resende chaves junior (vocal)<\/li>\n<li>\u00e1ngel gerardo Pisarello prados (vocal)<\/li>\n<li>enrique Olivas cabanillas (vocal)<\/li>\n<\/ul>\n<\/li>\n<\/ul>\n<p>&nbsp;<\/p>\n","protected":false},"excerpt":{"rendered":"<p>Tesis doctoral de Virginia Leite Henrique La tesis el sindicalismo en el div\u00e1n. Interrogantes b\u00e1sicos sobre el sindicato en el [&hellip;]<\/p>\n","protected":false},"author":1,"featured_media":0,"comment_status":"open","ping_status":"open","sticky":false,"template":"","format":"standard","meta":{"site-sidebar-layout":"default","site-content-layout":"","ast-site-content-layout":"","site-content-style":"default","site-sidebar-style":"default","ast-global-header-display":"","ast-banner-title-visibility":"","ast-main-header-display":"","ast-hfb-above-header-display":"","ast-hfb-below-header-display":"","ast-hfb-mobile-header-display":"","site-post-title":"","ast-breadcrumbs-content":"","ast-featured-img":"","footer-sml-layout":"","theme-transparent-header-meta":"","adv-header-id-meta":"","stick-header-meta":"","header-above-stick-meta":"","header-main-stick-meta":"","header-below-stick-meta":"","astra-migrate-meta-layouts":"default","ast-page-background-enabled":"default","ast-page-background-meta":{"desktop":{"background-color":"var(--ast-global-color-4)","background-image":"","background-repeat":"repeat","background-position":"center center","background-size":"auto","background-attachment":"scroll","background-type":"","background-media":"","overlay-type":"","overlay-color":"","overlay-gradient":""},"tablet":{"background-color":"","background-image":"","background-repeat":"repeat","background-position":"center center","background-size":"auto","background-attachment":"scroll","background-type":"","background-media":"","overlay-type":"","overlay-color":"","overlay-gradient":""},"mobile":{"background-color":"","background-image":"","background-repeat":"repeat","background-position":"center center","background-size":"auto","background-attachment":"scroll","background-type":"","background-media":"","overlay-type":"","overlay-color":"","overlay-gradient":""}},"ast-content-background-meta":{"desktop":{"background-color":"var(--ast-global-color-5)","background-image":"","background-repeat":"repeat","background-position":"center center","background-size":"auto","background-attachment":"scroll","background-type":"","background-media":"","overlay-type":"","overlay-color":"","overlay-gradient":""},"tablet":{"background-color":"var(--ast-global-color-5)","background-image":"","background-repeat":"repeat","background-position":"center center","background-size":"auto","background-attachment":"scroll","background-type":"","background-media":"","overlay-type":"","overlay-color":"","overlay-gradient":""},"mobile":{"background-color":"var(--ast-global-color-5)","background-image":"","background-repeat":"repeat","background-position":"center center","background-size":"auto","background-attachment":"scroll","background-type":"","background-media":"","overlay-type":"","overlay-color":"","overlay-gradient":""}},"footnotes":""},"categories":[18451,2170],"tags":[101983,18714,17372,39408,210573,210572],"class_list":["post-104109","post","type-post","status-publish","format-standard","hentry","category-castilla-la-mancha","category-derecho-del-trabajo-y-de-la-seguridad-social","tag-angel-gerardo-pisarello-prados","tag-antonio-baylos-grau","tag-enrique-olivas-cabanillas","tag-joaquin-aparicio-tovar","tag-jose-eduardo-de-resende-chaves-junior","tag-virginia-leite-henrique"],"_links":{"self":[{"href":"https:\/\/www.deberes.net\/tesis\/wp-json\/wp\/v2\/posts\/104109","targetHints":{"allow":["GET"]}}],"collection":[{"href":"https:\/\/www.deberes.net\/tesis\/wp-json\/wp\/v2\/posts"}],"about":[{"href":"https:\/\/www.deberes.net\/tesis\/wp-json\/wp\/v2\/types\/post"}],"author":[{"embeddable":true,"href":"https:\/\/www.deberes.net\/tesis\/wp-json\/wp\/v2\/users\/1"}],"replies":[{"embeddable":true,"href":"https:\/\/www.deberes.net\/tesis\/wp-json\/wp\/v2\/comments?post=104109"}],"version-history":[{"count":0,"href":"https:\/\/www.deberes.net\/tesis\/wp-json\/wp\/v2\/posts\/104109\/revisions"}],"wp:attachment":[{"href":"https:\/\/www.deberes.net\/tesis\/wp-json\/wp\/v2\/media?parent=104109"}],"wp:term":[{"taxonomy":"category","embeddable":true,"href":"https:\/\/www.deberes.net\/tesis\/wp-json\/wp\/v2\/categories?post=104109"},{"taxonomy":"post_tag","embeddable":true,"href":"https:\/\/www.deberes.net\/tesis\/wp-json\/wp\/v2\/tags?post=104109"}],"curies":[{"name":"wp","href":"https:\/\/api.w.org\/{rel}","templated":true}]}}