{"id":104122,"date":"2010-07-10T00:00:00","date_gmt":"2010-07-10T00:00:00","guid":{"rendered":"https:\/\/www.deberes.net\/tesis\/sin-categoria\/preparacion-comunitaria-y-contextos-de-intervencion-social-en-salud\/"},"modified":"2010-07-10T00:00:00","modified_gmt":"2010-07-10T00:00:00","slug":"preparacion-comunitaria-y-contextos-de-intervencion-social-en-salud","status":"publish","type":"post","link":"https:\/\/www.deberes.net\/tesis\/salud-publica\/preparacion-comunitaria-y-contextos-de-intervencion-social-en-salud\/","title":{"rendered":"Preparaci\u00f3n comunitaria y contextos de intervenci\u00f3n social en salud"},"content":{"rendered":"<h2>Tesis doctoral de <strong> Daniel Holgado Ramos <\/strong><\/h2>\n<p>Esta investigaci\u00f3n examina la interacci\u00f3n entre factores organizativos y comunitarios en atenci\u00f3n primaria en salud (aps), y su impacto sobre el rol y la pr\u00e1ctica profesional de los trabajadores sociales en los centros de salud de andaluc\u00eda. Para ello, se han realizado tres estudios que nos han permitido explorar por un lado las caracter\u00edsticas de los contextos comunitarios (preparaci\u00f3n comunitaria para el cambio, participaci\u00f3n social, etc\u00e9tera) de los centros de salud y, por otro el ajuste de la pr\u00e1ctica profesional a estos contextos. Igualmente se han descrito los principales procesos organizativos y grupales de los centros y equipos de salud en aps, as\u00ed como la percepci\u00f3n diferencial de estos procesos por parte de profesionales sanitarios y no sanitarios.  el objetivo del primer estudio fue la evaluaci\u00f3n de la preparaci\u00f3n comunitaria de los contextos comunitarios de los centros de aps en andaluc\u00eda. Para ello se entrevistaron 81 trabajadores sociales de centros de salud en andaluc\u00eda. Los resultados mostraron que los contextos comunitarios evaluados se ajustaban a tres perfiles de preparaci\u00f3n para el cambio: un contexto biom\u00e9dico, un contexto t\u00e9cnico-asistencial y un contexto comunitario.  el segundo estudio tuvo como objetivo general la evaluaci\u00f3n de la relaci\u00f3n entre la pr\u00e1ctica profesional de los trabajadores sociales de aps y los factores organizativos de los centros de salud. Para ello se evaluaron 40 centros de salud en los que se entrevistaron 80 informantes clave. En los resultados se obtuvo una descripci\u00f3n detallada del rol del trabajador social. Adem\u00e1s se mostr\u00f3 c\u00f3mo su integraci\u00f3n en los equipos de salud estaba relacionada con las demandas percibidas, por el peso de la atenci\u00f3n individualizada en las funciones desarrolladas y por el sentido de pertenencia al centro de salud.  en el tercer estudio se explor\u00f3 la relaci\u00f3n entre el contexto comunitario de intervenci\u00f3n, las caracter\u00edsticas organizativas del centro de salud y la pr\u00e1ctica profesional del trabajador social de aps. En este caso, se trat\u00f3 de un estudio guiado por los resultados encontrados anteriormente. A trav\u00e9s de 10 estudios de caso con informantes clave, se evalu\u00f3 la interacci\u00f3n entre el contexto comunitario y los factores organizativos en la pr\u00e1ctica profesional del trabajador social.<\/p>\n<p>&nbsp;<\/p>\n<h3>Datos acad\u00e9micos de la tesis doctoral \u00ab<strong>Preparaci\u00f3n comunitaria y contextos de intervenci\u00f3n social en salud<\/strong>\u00ab<\/h3>\n<ul>\n<li><strong>T\u00edtulo de la tesis:<\/strong>\u00a0 Preparaci\u00f3n comunitaria y contextos de intervenci\u00f3n social en salud <\/li>\n<li><strong>Autor:<\/strong>\u00a0 Daniel Holgado Ramos <\/li>\n<li><strong>Universidad:<\/strong>\u00a0 Sevilla<\/li>\n<li><strong>Fecha de lectura de la tesis:<\/strong>\u00a0 07\/10\/2010<\/li>\n<\/ul>\n<p>&nbsp;<\/p>\n<h3>Direcci\u00f3n y tribunal<\/h3>\n<ul>\n<li><strong>Director de la tesis<\/strong>\n<ul>\n<li>Isidro Maya Jariego<\/li>\n<\/ul>\n<\/li>\n<li><strong>Tribunal<\/strong>\n<ul>\n<li>Presidente del tribunal: manuel Garc\u00eda ramirez <\/li>\n<li>Jos\u00e9 Luis Molina gonzalez (vocal)<\/li>\n<li>Antonio Aguilera jim\u00e9nez (vocal)<\/li>\n<li>Marta Gil lacruz (vocal)<\/li>\n<\/ul>\n<\/li>\n<\/ul>\n<p>&nbsp;<\/p>\n","protected":false},"excerpt":{"rendered":"<p>Tesis doctoral de Daniel Holgado Ramos Esta investigaci\u00f3n examina la interacci\u00f3n entre factores organizativos y comunitarios en atenci\u00f3n primaria en [&hellip;]<\/p>\n","protected":false},"author":1,"featured_media":0,"comment_status":"open","ping_status":"open","sticky":false,"template":"","format":"standard","meta":{"site-sidebar-layout":"default","site-content-layout":"","ast-site-content-layout":"","site-content-style":"default","site-sidebar-style":"default","ast-global-header-display":"","ast-banner-title-visibility":"","ast-main-header-display":"","ast-hfb-above-header-display":"","ast-hfb-below-header-display":"","ast-hfb-mobile-header-display":"","site-post-title":"","ast-breadcrumbs-content":"","ast-featured-img":"","footer-sml-layout":"","theme-transparent-header-meta":"","adv-header-id-meta":"","stick-header-meta":"","header-above-stick-meta":"","header-main-stick-meta":"","header-below-stick-meta":"","astra-migrate-meta-layouts":"default","ast-page-background-enabled":"default","ast-page-background-meta":{"desktop":{"background-color":"var(--ast-global-color-4)","background-image":"","background-repeat":"repeat","background-position":"center center","background-size":"auto","background-attachment":"scroll","background-type":"","background-media":"","overlay-type":"","overlay-color":"","overlay-gradient":""},"tablet":{"background-color":"","background-image":"","background-repeat":"repeat","background-position":"center center","background-size":"auto","background-attachment":"scroll","background-type":"","background-media":"","overlay-type":"","overlay-color":"","overlay-gradient":""},"mobile":{"background-color":"","background-image":"","background-repeat":"repeat","background-position":"center center","background-size":"auto","background-attachment":"scroll","background-type":"","background-media":"","overlay-type":"","overlay-color":"","overlay-gradient":""}},"ast-content-background-meta":{"desktop":{"background-color":"var(--ast-global-color-5)","background-image":"","background-repeat":"repeat","background-position":"center center","background-size":"auto","background-attachment":"scroll","background-type":"","background-media":"","overlay-type":"","overlay-color":"","overlay-gradient":""},"tablet":{"background-color":"var(--ast-global-color-5)","background-image":"","background-repeat":"repeat","background-position":"center center","background-size":"auto","background-attachment":"scroll","background-type":"","background-media":"","overlay-type":"","overlay-color":"","overlay-gradient":""},"mobile":{"background-color":"var(--ast-global-color-5)","background-image":"","background-repeat":"repeat","background-position":"center center","background-size":"auto","background-attachment":"scroll","background-type":"","background-media":"","overlay-type":"","overlay-color":"","overlay-gradient":""}},"footnotes":""},"categories":[90062,996,967,36711,10715],"tags":[155941,210591,86900,44750,193034,50999],"class_list":["post-104122","post","type-post","status-publish","format-standard","hentry","category-organizacion-comunitaria","category-psicologia-social","category-salud-publica","category-servicios-sanitarios","category-sevilla","tag-antonio-aguilera-jimenez","tag-daniel-holgado-ramos","tag-isidro-maya-jariego","tag-jose-luis-molina-gonzalez","tag-manuel-garcia-ramirez","tag-marta-gil-lacruz"],"_links":{"self":[{"href":"https:\/\/www.deberes.net\/tesis\/wp-json\/wp\/v2\/posts\/104122","targetHints":{"allow":["GET"]}}],"collection":[{"href":"https:\/\/www.deberes.net\/tesis\/wp-json\/wp\/v2\/posts"}],"about":[{"href":"https:\/\/www.deberes.net\/tesis\/wp-json\/wp\/v2\/types\/post"}],"author":[{"embeddable":true,"href":"https:\/\/www.deberes.net\/tesis\/wp-json\/wp\/v2\/users\/1"}],"replies":[{"embeddable":true,"href":"https:\/\/www.deberes.net\/tesis\/wp-json\/wp\/v2\/comments?post=104122"}],"version-history":[{"count":0,"href":"https:\/\/www.deberes.net\/tesis\/wp-json\/wp\/v2\/posts\/104122\/revisions"}],"wp:attachment":[{"href":"https:\/\/www.deberes.net\/tesis\/wp-json\/wp\/v2\/media?parent=104122"}],"wp:term":[{"taxonomy":"category","embeddable":true,"href":"https:\/\/www.deberes.net\/tesis\/wp-json\/wp\/v2\/categories?post=104122"},{"taxonomy":"post_tag","embeddable":true,"href":"https:\/\/www.deberes.net\/tesis\/wp-json\/wp\/v2\/tags?post=104122"}],"curies":[{"name":"wp","href":"https:\/\/api.w.org\/{rel}","templated":true}]}}