{"id":104168,"date":"2010-08-10T00:00:00","date_gmt":"2010-08-10T00:00:00","guid":{"rendered":"https:\/\/www.deberes.net\/tesis\/sin-categoria\/modelado-de-un-ambiente-inteligente-un-entorno-consciente-del-contexto-a-traves-del-etiquetado\/"},"modified":"2010-08-10T00:00:00","modified_gmt":"2010-08-10T00:00:00","slug":"modelado-de-un-ambiente-inteligente-un-entorno-consciente-del-contexto-a-traves-del-etiquetado","status":"publish","type":"post","link":"https:\/\/www.deberes.net\/tesis\/informatica\/modelado-de-un-ambiente-inteligente-un-entorno-consciente-del-contexto-a-traves-del-etiquetado\/","title":{"rendered":"Modelado de un ambiente inteligente: un entorno consciente del contexto a trav\u00e9s del etiquetado"},"content":{"rendered":"<h2>Tesis doctoral de <strong> Salvador Wilfrido Nava Diaz <\/strong><\/h2>\n<p>La inteligencia ambiental plantea distribuir la computaci\u00f3n en diversos dispositivos capaces de reaccionar a la presencia de los usuarios. En esta direcci\u00f3n, los entornos conscientes del contexto pueden responder consecuentemente de manera no intrusiva, mediante la vinculaci\u00f3n de informaci\u00f3n contextual y de mecanismos que faciliten la interacci\u00f3n con las entidades relevantes del entorno. esta tesis se ha centrado en proponer un marco de trabajo y una arquitectura que permite el dise\u00f1o y modelado de entornos capaces de percibir la consciencia del contexto a trav\u00e9s del etiquetado. En esta propuesta se ha realizado un an\u00e1lisis de dominio relacionado con la consciencia del contexto. En \u00e9l se definen las entidades relevantes del entorno, como \u00e1reas, dispositivos, objetos y usuarios, as\u00ed como la obtenci\u00f3n de informaci\u00f3n de contexto adquirida de las acciones ejercidas con dichas entidades. De esta manera, la arquitectura puede dar soporte y proporcionar servicios adaptativos (impl\u00edcitos), no s\u00f3lo al usuario que interact\u00faa con las entidades en un determinado momento, sino que adem\u00e1s otros usuarios que no hayan participado en dicha interacci\u00f3n pueden recibir servicios conscientes del contexto posteriormente. por otro lado, el modelo incluye una gram\u00e1tica para representar el comportamiento din\u00e1mico, una clasificaci\u00f3n de las interacciones que pueden producirse y los mecanismos para implementar los servicios conscientes del contexto a trav\u00e9s del etiquetado. con las aportaciones de esta tesis se pretende contribuir con un modelo que sea capaz de aprovechar las acciones realizadas por los usuarios y, a trav\u00e9s de ellas, ofrecer m\u00e1s y mejores servicios de manera impl\u00edcita, para que les ayuden en el desarrollo de sus actividades. B\u00e1sicamente, estas prestaciones se activan mediante la vinculaci\u00f3n de la informaci\u00f3n contextual con las entidades relevantes del entorno y mediante mecanismos capaces de dar el soporte necesario para producir los servicios conscientes del contexto a trav\u00e9s del etiquetado. As\u00ed, el esfuerzo realizado por parte de los usuarios se reduce considerablemente.<\/p>\n<p>&nbsp;<\/p>\n<h3>Datos acad\u00e9micos de la tesis doctoral \u00ab<strong>Modelado de un ambiente inteligente: un entorno consciente del contexto a trav\u00e9s del etiquetado<\/strong>\u00ab<\/h3>\n<ul>\n<li><strong>T\u00edtulo de la tesis:<\/strong>\u00a0 Modelado de un ambiente inteligente: un entorno consciente del contexto a trav\u00e9s del etiquetado <\/li>\n<li><strong>Autor:<\/strong>\u00a0 Salvador Wilfrido Nava Diaz <\/li>\n<li><strong>Universidad:<\/strong>\u00a0 Castilla-la mancha<\/li>\n<li><strong>Fecha de lectura de la tesis:<\/strong>\u00a0 08\/10\/2010<\/li>\n<\/ul>\n<p>&nbsp;<\/p>\n<h3>Direcci\u00f3n y tribunal<\/h3>\n<ul>\n<li><strong>Director de la tesis<\/strong>\n<ul>\n<li>Ram\u00f3n Herv\u00e1s Lucas<\/li>\n<\/ul>\n<\/li>\n<li><strong>Tribunal<\/strong>\n<ul>\n<li>Presidente del tribunal: Miguel angel Gomez nieto <\/li>\n<li>xavier Alaman roldan (vocal)<\/li>\n<li>diego Lopez de ipi\u00f1a gonzalez de artaza (vocal)<\/li>\n<li>mario Mu\u00f1oz organero (vocal)<\/li>\n<\/ul>\n<\/li>\n<\/ul>\n<p>&nbsp;<\/p>\n","protected":false},"excerpt":{"rendered":"<p>Tesis doctoral de Salvador Wilfrido Nava Diaz La inteligencia ambiental plantea distribuir la computaci\u00f3n en diversos dispositivos capaces de reaccionar [&hellip;]<\/p>\n","protected":false},"author":1,"featured_media":0,"comment_status":"open","ping_status":"open","sticky":false,"template":"","format":"standard","meta":{"site-sidebar-layout":"default","site-content-layout":"","ast-site-content-layout":"","site-content-style":"default","site-sidebar-style":"default","ast-global-header-display":"","ast-banner-title-visibility":"","ast-main-header-display":"","ast-hfb-above-header-display":"","ast-hfb-below-header-display":"","ast-hfb-mobile-header-display":"","site-post-title":"","ast-breadcrumbs-content":"","ast-featured-img":"","footer-sml-layout":"","theme-transparent-header-meta":"","adv-header-id-meta":"","stick-header-meta":"","header-above-stick-meta":"","header-main-stick-meta":"","header-below-stick-meta":"","astra-migrate-meta-layouts":"default","ast-page-background-enabled":"default","ast-page-background-meta":{"desktop":{"background-color":"var(--ast-global-color-4)","background-image":"","background-repeat":"repeat","background-position":"center center","background-size":"auto","background-attachment":"scroll","background-type":"","background-media":"","overlay-type":"","overlay-color":"","overlay-gradient":""},"tablet":{"background-color":"","background-image":"","background-repeat":"repeat","background-position":"center center","background-size":"auto","background-attachment":"scroll","background-type":"","background-media":"","overlay-type":"","overlay-color":"","overlay-gradient":""},"mobile":{"background-color":"","background-image":"","background-repeat":"repeat","background-position":"center center","background-size":"auto","background-attachment":"scroll","background-type":"","background-media":"","overlay-type":"","overlay-color":"","overlay-gradient":""}},"ast-content-background-meta":{"desktop":{"background-color":"var(--ast-global-color-5)","background-image":"","background-repeat":"repeat","background-position":"center center","background-size":"auto","background-attachment":"scroll","background-type":"","background-media":"","overlay-type":"","overlay-color":"","overlay-gradient":""},"tablet":{"background-color":"var(--ast-global-color-5)","background-image":"","background-repeat":"repeat","background-position":"center center","background-size":"auto","background-attachment":"scroll","background-type":"","background-media":"","overlay-type":"","overlay-color":"","overlay-gradient":""},"mobile":{"background-color":"var(--ast-global-color-5)","background-image":"","background-repeat":"repeat","background-position":"center center","background-size":"auto","background-attachment":"scroll","background-type":"","background-media":"","overlay-type":"","overlay-color":"","overlay-gradient":""}},"footnotes":""},"categories":[18451,13880],"tags":[190248,82764,99240,191701,210661,68922],"class_list":["post-104168","post","type-post","status-publish","format-standard","hentry","category-castilla-la-mancha","category-informatica","tag-diego-lopez-de-ipina-gonzalez-de-artaza","tag-mario-munoz-organero","tag-miguel-angel-gomez-nieto","tag-ramon-hervas-lucas","tag-salvador-wilfrido-nava-diaz","tag-xavier-alaman-roldan"],"_links":{"self":[{"href":"https:\/\/www.deberes.net\/tesis\/wp-json\/wp\/v2\/posts\/104168","targetHints":{"allow":["GET"]}}],"collection":[{"href":"https:\/\/www.deberes.net\/tesis\/wp-json\/wp\/v2\/posts"}],"about":[{"href":"https:\/\/www.deberes.net\/tesis\/wp-json\/wp\/v2\/types\/post"}],"author":[{"embeddable":true,"href":"https:\/\/www.deberes.net\/tesis\/wp-json\/wp\/v2\/users\/1"}],"replies":[{"embeddable":true,"href":"https:\/\/www.deberes.net\/tesis\/wp-json\/wp\/v2\/comments?post=104168"}],"version-history":[{"count":0,"href":"https:\/\/www.deberes.net\/tesis\/wp-json\/wp\/v2\/posts\/104168\/revisions"}],"wp:attachment":[{"href":"https:\/\/www.deberes.net\/tesis\/wp-json\/wp\/v2\/media?parent=104168"}],"wp:term":[{"taxonomy":"category","embeddable":true,"href":"https:\/\/www.deberes.net\/tesis\/wp-json\/wp\/v2\/categories?post=104168"},{"taxonomy":"post_tag","embeddable":true,"href":"https:\/\/www.deberes.net\/tesis\/wp-json\/wp\/v2\/tags?post=104168"}],"curies":[{"name":"wp","href":"https:\/\/api.w.org\/{rel}","templated":true}]}}