{"id":104242,"date":"2018-03-11T10:27:07","date_gmt":"2018-03-11T10:27:07","guid":{"rendered":"https:\/\/www.deberes.net\/tesis\/sin-categoria\/sistemas-bioinspirados-de-analisis-de-voz\/"},"modified":"2018-03-11T10:27:07","modified_gmt":"2018-03-11T10:27:07","slug":"sistemas-bioinspirados-de-analisis-de-voz","status":"publish","type":"post","link":"https:\/\/www.deberes.net\/tesis\/acustica\/sistemas-bioinspirados-de-analisis-de-voz\/","title":{"rendered":"Sistemas bioinspirados de an\u00e1lisis de voz"},"content":{"rendered":"<h2>Tesis doctoral de <strong> Lina Rosique Lopez <\/strong><\/h2>\n<p>La audici\u00f3n es la capacidad de captar e interpretar el sonido percibiendo  las oscilaciones que le llegan desde el exterior a trav\u00e9s del o\u00eddo externo y medio. Nuestro o\u00eddo realiza a continuaci\u00f3n, el an\u00e1lisis de las ondas mediante un sistema de filtros mec\u00e1nicos y neuronales. En el receptor auditivo la informaci\u00f3n ac\u00fastica procedente del exterior se transforma en mensaje neural auditivo que recorre la v\u00eda auditiva hasta alcanzar la corteza cerebral.  este complejo sistema es el que permite la capacidad de reconocer sonidos, como puede ser la voz. \tel reconocimiento autom\u00e1tico de locutores se define como el proceso de reconocer, sin intervenci\u00f3n de ninguna figura humana, a qui\u00e9n est\u00e1 hablando bas\u00e1ndose en caracter\u00edsticas personales incluidas en las se\u00f1ales de voz.  La mayor\u00eda de las investigaciones que se llevan a cabo hoy en d\u00eda, tienen como punto de partida la se\u00f1al de voz como una se\u00f1al anal\u00f3gica, la cual es digitalizada, procedi\u00e9ndose despu\u00e9s a su an\u00e1lisis mediante complicados algoritmos que intentan extraer las caracter\u00edsticas individuales de la voz.  \tparalelamente, en los \u00faltimos a\u00f1os, se han desarrollado una serie de programas inform\u00e1ticos o modelos computacionales, cuya funci\u00f3n ha sido la de imitar la fisiolog\u00eda del sistema auditivo, realizando el an\u00e1lisis de las ondas sonoras como lo har\u00eda un o\u00eddo humano. La principal aportaci\u00f3n de estos  modelos es el procesamiento de  las se\u00f1ales ac\u00fasticas, actuando de manera intermedia entre la experimentaci\u00f3n y la teor\u00eda.  uno de los modelos estudiados y en el cual se basa nuestra investigaci\u00f3n es el banco de filtros triple resonancia no lineal (trnl), expuesto en el cap\u00edtulo anterior. Dichos filtros han sido creados por la unidad de computaci\u00f3n auditiva y psicoac\u00fastica del laboratorio de la universidad de salamanca, y han sido aplicados a complejos programas computacionales para su uso, siendo el resultado el modelo bioinspirado de o\u00eddo interno. el banco de filtros trnl permite reproducir la respuesta de la membrana basilar de regiones para las cuales se carece de registros experimentales, as\u00ed como simular la excitaci\u00f3n de toda membrana basilar frente a est\u00edmulos complejos, imitando en gran manera  la funci\u00f3n del o\u00eddo interno humano. las aplicaciones de estos modelos al campo del reconocimiento de locutores y a la medicina forense, no ha sido realizada hasta el momento, siendo la principal aplicaci\u00f3n de estos modelos al campo de la ac\u00fastica y su uso en pr\u00f3tesis auditivas o implantes cocleares.  es por ello que la realizaci\u00f3n del siguiente trabajo, presenta importancia, ya que es la primera vez, que se realiza un estudio aplicado al reconocimiento de locutores, utilizando un modelo bioinspirado de o\u00eddo interno, el cual realiza un an\u00e1lisis de la voz, de una forma fisiol\u00f3gica y aproxim\u00e1ndose en lo posible a como lo har\u00eda el o\u00eddo  humano. en nuestro estudio esperamos aportar una mejora apreciable respecto a los programas de reconocimiento de voz utilizados con anterioridad, convirtiendo al modelo bioispirado de o\u00eddo interno en una herramienta \u00fatil a la hora de reconocer las voces de una serie de hablantes, siendo capaz de discernir de entre ellas, cuales corresponden a locutores iguales (comparaciones intralocutores) y cu\u00e1les de ellas corresponden a diferentes locutores (comparaciones interlocutores). los resultados obtenidos en el trabajo, se basan en el an\u00e1lisis de las voces de 100 locutores, pertenecientes a la base de datos &quot;ahumada&quot;, y posteriormente mediante m\u00e9todos estad\u00edsticos hemos comprobado su eficacia. \tnuestras conclusiones finales est\u00e1n centradas sobre tres variables principales: v20, v25 y v30, las cuales ser\u00e1n representada gr\u00e1ficamente, con estad\u00edsticos descriptivos, observando la diferencia entre las comparaciones intralocutores e interlocutores, con una distinci\u00f3n clara de la agrupaci\u00f3n de los resultados. posteriormente y tras  la obtenci\u00f3n y  comparaci\u00f3n de la totalidad de los datos, llegamos as\u00ed a la recta final del trabajo, con la  validaci\u00f3n del m\u00e9todo a estudio con las curvas de rendimiento diagn\u00f3stico (cor), y la obtenci\u00f3n de la sensibilidad y especificidad del m\u00e9todo, el cual se mostr\u00f3 muy satisfactorio, siendo los valores cercanos al 99%.<\/p>\n<p>&nbsp;<\/p>\n<h3>Datos acad\u00e9micos de la tesis doctoral \u00ab<strong>Sistemas bioinspirados de an\u00e1lisis de voz<\/strong>\u00ab<\/h3>\n<ul>\n<li><strong>T\u00edtulo de la tesis:<\/strong>\u00a0 Sistemas bioinspirados de an\u00e1lisis de voz <\/li>\n<li><strong>Autor:<\/strong>\u00a0 Lina Rosique Lopez <\/li>\n<li><strong>Universidad:<\/strong>\u00a0 Murcia<\/li>\n<li><strong>Fecha de lectura de la tesis:<\/strong>\u00a0 15\/10\/2010<\/li>\n<\/ul>\n<p>&nbsp;<\/p>\n<h3>Direcci\u00f3n y tribunal<\/h3>\n<ul>\n<li><strong>Director de la tesis<\/strong>\n<ul>\n<li>Jos\u00e9 Luis Ramon Garcia<\/li>\n<\/ul>\n<\/li>\n<li><strong>Tribunal<\/strong>\n<ul>\n<li>Presidente del tribunal: Carlos Sprekelsen gasso <\/li>\n<li>vicente Garceran hernandez (vocal)<\/li>\n<li>Francisco Argudo marco (vocal)<\/li>\n<li>Jos\u00e9 Manuel Ferr\u00e1ndez vicente (vocal)<\/li>\n<\/ul>\n<\/li>\n<\/ul>\n<p>&nbsp;<\/p>\n","protected":false},"excerpt":{"rendered":"<p>Tesis doctoral de Lina Rosique Lopez La audici\u00f3n es la capacidad de captar e interpretar el sonido percibiendo las oscilaciones [&hellip;]<\/p>\n","protected":false},"author":1,"featured_media":0,"comment_status":"open","ping_status":"open","sticky":false,"template":"","format":"standard","meta":{"site-sidebar-layout":"default","site-content-layout":"","ast-site-content-layout":"","site-content-style":"default","site-sidebar-style":"default","ast-global-header-display":"","ast-banner-title-visibility":"","ast-main-header-display":"","ast-hfb-above-header-display":"","ast-hfb-below-header-display":"","ast-hfb-mobile-header-display":"","site-post-title":"","ast-breadcrumbs-content":"","ast-featured-img":"","footer-sml-layout":"","theme-transparent-header-meta":"","adv-header-id-meta":"","stick-header-meta":"","header-above-stick-meta":"","header-main-stick-meta":"","header-below-stick-meta":"","astra-migrate-meta-layouts":"default","ast-page-background-enabled":"default","ast-page-background-meta":{"desktop":{"background-color":"var(--ast-global-color-4)","background-image":"","background-repeat":"repeat","background-position":"center center","background-size":"auto","background-attachment":"scroll","background-type":"","background-media":"","overlay-type":"","overlay-color":"","overlay-gradient":""},"tablet":{"background-color":"","background-image":"","background-repeat":"repeat","background-position":"center center","background-size":"auto","background-attachment":"scroll","background-type":"","background-media":"","overlay-type":"","overlay-color":"","overlay-gradient":""},"mobile":{"background-color":"","background-image":"","background-repeat":"repeat","background-position":"center center","background-size":"auto","background-attachment":"scroll","background-type":"","background-media":"","overlay-type":"","overlay-color":"","overlay-gradient":""}},"ast-content-background-meta":{"desktop":{"background-color":"var(--ast-global-color-5)","background-image":"","background-repeat":"repeat","background-position":"center center","background-size":"auto","background-attachment":"scroll","background-type":"","background-media":"","overlay-type":"","overlay-color":"","overlay-gradient":""},"tablet":{"background-color":"var(--ast-global-color-5)","background-image":"","background-repeat":"repeat","background-position":"center center","background-size":"auto","background-attachment":"scroll","background-type":"","background-media":"","overlay-type":"","overlay-color":"","overlay-gradient":""},"mobile":{"background-color":"var(--ast-global-color-5)","background-image":"","background-repeat":"repeat","background-position":"center center","background-size":"auto","background-attachment":"scroll","background-type":"","background-media":"","overlay-type":"","overlay-color":"","overlay-gradient":""}},"footnotes":""},"categories":[5190,8235],"tags":[8721,8725,93759,189230,210781,175377],"class_list":["post-104242","post","type-post","status-publish","format-standard","hentry","category-acustica","category-murcia","tag-carlos-sprekelsen-gasso","tag-francisco-argudo-marco","tag-jose-luis-ramon-garcia","tag-jose-manuel-ferrandez-vicente","tag-lina-rosique-lopez","tag-vicente-garceran-hernandez"],"_links":{"self":[{"href":"https:\/\/www.deberes.net\/tesis\/wp-json\/wp\/v2\/posts\/104242","targetHints":{"allow":["GET"]}}],"collection":[{"href":"https:\/\/www.deberes.net\/tesis\/wp-json\/wp\/v2\/posts"}],"about":[{"href":"https:\/\/www.deberes.net\/tesis\/wp-json\/wp\/v2\/types\/post"}],"author":[{"embeddable":true,"href":"https:\/\/www.deberes.net\/tesis\/wp-json\/wp\/v2\/users\/1"}],"replies":[{"embeddable":true,"href":"https:\/\/www.deberes.net\/tesis\/wp-json\/wp\/v2\/comments?post=104242"}],"version-history":[{"count":0,"href":"https:\/\/www.deberes.net\/tesis\/wp-json\/wp\/v2\/posts\/104242\/revisions"}],"wp:attachment":[{"href":"https:\/\/www.deberes.net\/tesis\/wp-json\/wp\/v2\/media?parent=104242"}],"wp:term":[{"taxonomy":"category","embeddable":true,"href":"https:\/\/www.deberes.net\/tesis\/wp-json\/wp\/v2\/categories?post=104242"},{"taxonomy":"post_tag","embeddable":true,"href":"https:\/\/www.deberes.net\/tesis\/wp-json\/wp\/v2\/tags?post=104242"}],"curies":[{"name":"wp","href":"https:\/\/api.w.org\/{rel}","templated":true}]}}