{"id":104354,"date":"2018-03-11T10:27:18","date_gmt":"2018-03-11T10:27:18","guid":{"rendered":""},"modified":"2018-03-11T10:27:18","modified_gmt":"2018-03-11T10:27:18","slug":"el-regimen-constitucional-de-la-propiedad-privada-y-su-garanta%c2%ada-en-colombia-analisis-fundamentado-en-el-estudio-de-la-garanta%c2%ada-de-la-propiedad-privada-en-los-ordenamientos-constitucionale","status":"publish","type":"post","link":"https:\/\/www.deberes.net\/tesis\/derecho-administrativo\/el-regimen-constitucional-de-la-propiedad-privada-y-su-garanta%c2%ada-en-colombia-analisis-fundamentado-en-el-estudio-de-la-garanta%c2%ada-de-la-propiedad-privada-en-los-ordenamientos-constitucionale\/","title":{"rendered":"El r\u00e9gimen constitucional de la propiedad privada y su garant\u00edaen colombia. an\u00e1lisis fundamentado en el estudio de la garant\u00edade la propiedad privada en los ordenamientos constitucionales alem\u00e1n y espa\u00f1ol."},"content":{"rendered":"<h2>Tesis doctoral de <strong> Hector Jes\u00fas Santaella Quintero <\/strong><\/h2>\n<p>El r\u00e9gimen constitucional de la propiedad privada y su garant\u00eda en colombia. An\u00e1lisis fundamentado en el estudio de la garant\u00eda de la propiedad privada en los ordenamientos constitucionales alem\u00e1n y espa\u00f1ol.<\/p>\n<p>&nbsp;<\/p>\n<h3>Datos acad\u00e9micos de la tesis doctoral \u00ab<strong>El r\u00e9gimen constitucional de la propiedad privada y su garant\u00edaen colombia. an\u00e1lisis fundamentado en el estudio de la garant\u00edade la propiedad privada en los ordenamientos constitucionales alem\u00e1n y espa\u00f1ol.<\/strong>\u00ab<\/h3>\n<ul>\n<li><strong>T\u00edtulo de la tesis:<\/strong>\u00a0 El r\u00e9gimen constitucional de la propiedad privada y su garant\u00edaen colombia. an\u00e1lisis fundamentado en el estudio de la garant\u00edade la propiedad privada en los ordenamientos constitucionales alem\u00e1n y espa\u00f1ol. <\/li>\n<li><strong>Autor:<\/strong>\u00a0 Hector Jes\u00fas Santaella Quintero <\/li>\n<li><strong>Universidad:<\/strong>\u00a0 Aut\u00f3noma de Madrid<\/li>\n<li><strong>Fecha de lectura de la tesis:<\/strong>\u00a0 20\/10\/2010<\/li>\n<\/ul>\n<p>&nbsp;<\/p>\n<h3>Direcci\u00f3n y tribunal<\/h3>\n<ul>\n<li><strong>Director de la tesis<\/strong>\n<ul>\n<li>Alfredo Gallego Anabitarte<\/li>\n<\/ul>\n<\/li>\n<li><strong>Tribunal<\/strong>\n<ul>\n<li>Presidente del tribunal: Jos\u00e9 Luis Meilan gil <\/li>\n<li>Fernando Rey mart\u00ednez (vocal)<\/li>\n<li>Juan  Carlos Exp\u00f3sito v\u00e9lez (vocal)<\/li>\n<li>\u00e1ngel Men\u00e9ndez rexach (vocal)<\/li>\n<\/ul>\n<\/li>\n<\/ul>\n<p>&nbsp;<\/p>\n","protected":false},"excerpt":{"rendered":"<p>Tesis doctoral de Hector Jes\u00fas Santaella Quintero El r\u00e9gimen constitucional de la propiedad privada y su garant\u00eda en colombia. An\u00e1lisis [&hellip;]<\/p>\n","protected":false},"author":1,"featured_media":0,"comment_status":"open","ping_status":"open","sticky":false,"template":"","format":"standard","meta":{"site-sidebar-layout":"default","site-content-layout":"","ast-site-content-layout":"","site-content-style":"default","site-sidebar-style":"default","ast-global-header-display":"","ast-banner-title-visibility":"","ast-main-header-display":"","ast-hfb-above-header-display":"","ast-hfb-below-header-display":"","ast-hfb-mobile-header-display":"","site-post-title":"","ast-breadcrumbs-content":"","ast-featured-img":"","footer-sml-layout":"","theme-transparent-header-meta":"","adv-header-id-meta":"","stick-header-meta":"","header-above-stick-meta":"","header-main-stick-meta":"","header-below-stick-meta":"","astra-migrate-meta-layouts":"default","ast-page-background-enabled":"default","ast-page-background-meta":{"desktop":{"background-color":"var(--ast-global-color-4)","background-image":"","background-repeat":"repeat","background-position":"center center","background-size":"auto","background-attachment":"scroll","background-type":"","background-media":"","overlay-type":"","overlay-color":"","overlay-gradient":""},"tablet":{"background-color":"","background-image":"","background-repeat":"repeat","background-position":"center center","background-size":"auto","background-attachment":"scroll","background-type":"","background-media":"","overlay-type":"","overlay-color":"","overlay-gradient":""},"mobile":{"background-color":"","background-image":"","background-repeat":"repeat","background-position":"center center","background-size":"auto","background-attachment":"scroll","background-type":"","background-media":"","overlay-type":"","overlay-color":"","overlay-gradient":""}},"ast-content-background-meta":{"desktop":{"background-color":"var(--ast-global-color-5)","background-image":"","background-repeat":"repeat","background-position":"center center","background-size":"auto","background-attachment":"scroll","background-type":"","background-media":"","overlay-type":"","overlay-color":"","overlay-gradient":""},"tablet":{"background-color":"var(--ast-global-color-5)","background-image":"","background-repeat":"repeat","background-position":"center center","background-size":"auto","background-attachment":"scroll","background-type":"","background-media":"","overlay-type":"","overlay-color":"","overlay-gradient":""},"mobile":{"background-color":"var(--ast-global-color-5)","background-image":"","background-repeat":"repeat","background-position":"center center","background-size":"auto","background-attachment":"scroll","background-type":"","background-media":"","overlay-type":"","overlay-color":"","overlay-gradient":""}},"footnotes":""},"categories":[1442,11777],"tags":[14617,14619,118126,210957,11039,44614],"class_list":["post-104354","post","type-post","status-publish","format-standard","hentry","category-derecho-administrativo","category-filosofia-del-derecho","tag-alfredo-gallego-anabitarte","tag-angel-menendez-rexach","tag-fernando-rey-Martinez","tag-hector-jesus-santaella-quintero","tag-jose-luis-meilan-gil","tag-juan-carlos-exposito-velez"],"_links":{"self":[{"href":"https:\/\/www.deberes.net\/tesis\/wp-json\/wp\/v2\/posts\/104354","targetHints":{"allow":["GET"]}}],"collection":[{"href":"https:\/\/www.deberes.net\/tesis\/wp-json\/wp\/v2\/posts"}],"about":[{"href":"https:\/\/www.deberes.net\/tesis\/wp-json\/wp\/v2\/types\/post"}],"author":[{"embeddable":true,"href":"https:\/\/www.deberes.net\/tesis\/wp-json\/wp\/v2\/users\/1"}],"replies":[{"embeddable":true,"href":"https:\/\/www.deberes.net\/tesis\/wp-json\/wp\/v2\/comments?post=104354"}],"version-history":[{"count":0,"href":"https:\/\/www.deberes.net\/tesis\/wp-json\/wp\/v2\/posts\/104354\/revisions"}],"wp:attachment":[{"href":"https:\/\/www.deberes.net\/tesis\/wp-json\/wp\/v2\/media?parent=104354"}],"wp:term":[{"taxonomy":"category","embeddable":true,"href":"https:\/\/www.deberes.net\/tesis\/wp-json\/wp\/v2\/categories?post=104354"},{"taxonomy":"post_tag","embeddable":true,"href":"https:\/\/www.deberes.net\/tesis\/wp-json\/wp\/v2\/tags?post=104354"}],"curies":[{"name":"wp","href":"https:\/\/api.w.org\/{rel}","templated":true}]}}