{"id":104433,"date":"2018-03-11T10:27:24","date_gmt":"2018-03-11T10:27:24","guid":{"rendered":"https:\/\/www.deberes.net\/tesis\/sin-categoria\/el-pensamiento-magico-en-la-obra-de-gabriel-garca%c2%ada-marquez\/"},"modified":"2018-03-11T10:27:24","modified_gmt":"2018-03-11T10:27:24","slug":"el-pensamiento-magico-en-la-obra-de-gabriel-garca%c2%ada-marquez","status":"publish","type":"post","link":"https:\/\/www.deberes.net\/tesis\/linguistica\/el-pensamiento-magico-en-la-obra-de-gabriel-garca%c2%ada-marquez\/","title":{"rendered":"El pensamiento m\u00e1gico en la obra de gabriel garc\u00edamarquez"},"content":{"rendered":"<h2>Tesis doctoral de <strong> Margarita Borrero Blanco <\/strong><\/h2>\n<p>Documentar la importancia que tienen en la obra de gabriel garc\u00eda m\u00e1rquez aspectos que se pueden agrupar bajo el paraguas del pensamiento m\u00e1gico, como son la adivinaci\u00f3n, las supersticiones y la hechicer\u00eda.<\/p>\n<p>&nbsp;<\/p>\n<h3>Datos acad\u00e9micos de la tesis doctoral \u00ab<strong>El pensamiento m\u00e1gico en la obra de gabriel garc\u00edamarquez<\/strong>\u00ab<\/h3>\n<ul>\n<li><strong>T\u00edtulo de la tesis:<\/strong>\u00a0 El pensamiento m\u00e1gico en la obra de gabriel garc\u00edamarquez <\/li>\n<li><strong>Autor:<\/strong>\u00a0 Margarita Borrero Blanco <\/li>\n<li><strong>Universidad:<\/strong>\u00a0 Aut\u00f3noma de Madrid<\/li>\n<li><strong>Fecha de lectura de la tesis:<\/strong>\u00a0 22\/10\/2010<\/li>\n<\/ul>\n<p>&nbsp;<\/p>\n<h3>Direcci\u00f3n y tribunal<\/h3>\n<ul>\n<li><strong>Director de la tesis<\/strong>\n<ul>\n<li>Javier Rodriguez Peque\u00f1o<\/li>\n<\/ul>\n<\/li>\n<li><strong>Tribunal<\/strong>\n<ul>\n<li>Presidente del tribunal: teodosio Fernandez rodriguez <\/li>\n<li>Manuel Martinez arnaldos (vocal)<\/li>\n<li>Mar\u00eda Rubio mart\u00edn (vocal)<\/li>\n<li>tomas Albaladejo mayordomo (vocal)<\/li>\n<\/ul>\n<\/li>\n<\/ul>\n<p>&nbsp;<\/p>\n","protected":false},"excerpt":{"rendered":"<p>Tesis doctoral de Margarita Borrero Blanco Documentar la importancia que tienen en la obra de gabriel garc\u00eda m\u00e1rquez aspectos que [&hellip;]<\/p>\n","protected":false},"author":1,"featured_media":0,"comment_status":"open","ping_status":"open","sticky":false,"template":"","format":"standard","meta":{"site-sidebar-layout":"default","site-content-layout":"","ast-site-content-layout":"","site-content-style":"default","site-sidebar-style":"default","ast-global-header-display":"","ast-banner-title-visibility":"","ast-main-header-display":"","ast-hfb-above-header-display":"","ast-hfb-below-header-display":"","ast-hfb-mobile-header-display":"","site-post-title":"","ast-breadcrumbs-content":"","ast-featured-img":"","footer-sml-layout":"","theme-transparent-header-meta":"","adv-header-id-meta":"","stick-header-meta":"","header-above-stick-meta":"","header-main-stick-meta":"","header-below-stick-meta":"","astra-migrate-meta-layouts":"default","ast-page-background-enabled":"default","ast-page-background-meta":{"desktop":{"background-color":"var(--ast-global-color-4)","background-image":"","background-repeat":"repeat","background-position":"center center","background-size":"auto","background-attachment":"scroll","background-type":"","background-media":"","overlay-type":"","overlay-color":"","overlay-gradient":""},"tablet":{"background-color":"","background-image":"","background-repeat":"repeat","background-position":"center center","background-size":"auto","background-attachment":"scroll","background-type":"","background-media":"","overlay-type":"","overlay-color":"","overlay-gradient":""},"mobile":{"background-color":"","background-image":"","background-repeat":"repeat","background-position":"center center","background-size":"auto","background-attachment":"scroll","background-type":"","background-media":"","overlay-type":"","overlay-color":"","overlay-gradient":""}},"ast-content-background-meta":{"desktop":{"background-color":"var(--ast-global-color-5)","background-image":"","background-repeat":"repeat","background-position":"center center","background-size":"auto","background-attachment":"scroll","background-type":"","background-media":"","overlay-type":"","overlay-color":"","overlay-gradient":""},"tablet":{"background-color":"var(--ast-global-color-5)","background-image":"","background-repeat":"repeat","background-position":"center center","background-size":"auto","background-attachment":"scroll","background-type":"","background-media":"","overlay-type":"","overlay-color":"","overlay-gradient":""},"mobile":{"background-color":"var(--ast-global-color-5)","background-image":"","background-repeat":"repeat","background-position":"center center","background-size":"auto","background-attachment":"scroll","background-type":"","background-media":"","overlay-type":"","overlay-color":"","overlay-gradient":""}},"footnotes":""},"categories":[636,59],"tags":[55470,25110,211074,32446,4849,4759],"class_list":["post-104433","post","type-post","status-publish","format-standard","hentry","category-lengua-y-literatura","category-linguistica","tag-javier-rodriguez-pequeno","tag-manuel-Martinez-arnaldos","tag-margarita-borrero-blanco","tag-maria-rubio-martin","tag-teodosio-fernandez-rodriguez","tag-tomas-albaladejo-mayordomo"],"_links":{"self":[{"href":"https:\/\/www.deberes.net\/tesis\/wp-json\/wp\/v2\/posts\/104433","targetHints":{"allow":["GET"]}}],"collection":[{"href":"https:\/\/www.deberes.net\/tesis\/wp-json\/wp\/v2\/posts"}],"about":[{"href":"https:\/\/www.deberes.net\/tesis\/wp-json\/wp\/v2\/types\/post"}],"author":[{"embeddable":true,"href":"https:\/\/www.deberes.net\/tesis\/wp-json\/wp\/v2\/users\/1"}],"replies":[{"embeddable":true,"href":"https:\/\/www.deberes.net\/tesis\/wp-json\/wp\/v2\/comments?post=104433"}],"version-history":[{"count":0,"href":"https:\/\/www.deberes.net\/tesis\/wp-json\/wp\/v2\/posts\/104433\/revisions"}],"wp:attachment":[{"href":"https:\/\/www.deberes.net\/tesis\/wp-json\/wp\/v2\/media?parent=104433"}],"wp:term":[{"taxonomy":"category","embeddable":true,"href":"https:\/\/www.deberes.net\/tesis\/wp-json\/wp\/v2\/categories?post=104433"},{"taxonomy":"post_tag","embeddable":true,"href":"https:\/\/www.deberes.net\/tesis\/wp-json\/wp\/v2\/tags?post=104433"}],"curies":[{"name":"wp","href":"https:\/\/api.w.org\/{rel}","templated":true}]}}