{"id":104504,"date":"2018-03-11T10:27:35","date_gmt":"2018-03-11T10:27:35","guid":{"rendered":"https:\/\/www.deberes.net\/tesis\/sin-categoria\/virus-respiratorio-sicintial-y-asma\/"},"modified":"2018-03-11T10:27:35","modified_gmt":"2018-03-11T10:27:35","slug":"virus-respiratorio-sicintial-y-asma","status":"publish","type":"post","link":"https:\/\/www.deberes.net\/tesis\/pediatria\/virus-respiratorio-sicintial-y-asma\/","title":{"rendered":"Virus respiratorio sicintial y asma"},"content":{"rendered":"<h2>Tesis doctoral de <strong> Mar\u00eda  Asuncion Mejias Montijano <\/strong><\/h2>\n<p>Virus respiratorio sicintial y asma resumen: el virus respiratorio sincitial (vrs), representa la primera causa de hospitalizaci\u00f3n en lactantes en paises desarrollados. Aunque en la mayor\u00eda de los casos la evoluci\u00f3n a corto y largo plazo es favorable, un subgrupo importante de ni\u00f1os, la mayor\u00eda de ellos sin factores de riesgo conocidos, desarrollar\u00e1 episodios posteriores de sibilancias recurrentes. Los mecanismos asociados al desarrollo de la hiperreactividasd bronquial (hrb) se desconocen. El modelo experimental de vrs, ha permitido el estudio de forma controlada, de la din\u00e1mica de la infecci\u00f3n por vrs, as\u00ed como valorar el impacto de las cargas virales y mediadores inflamatorios en las pruebas de funci\u00f3n pulmonar. Objetivos: caracterizar la morbilidad respiratoria aguda y cr\u00f3nica ocasionada por el vrs en modelos experimentales y determinar si la administraci\u00f3n de anticuerpos monoclonales frente a la glicoproteina f del virus pueden modular tanto la fase aguda de la enfermedad como la morbilidad cr\u00f3nica asociada al desarrollo de hrb e inflamaci\u00f3n pulmonar persistente. Material y m\u00e9todos: ratones adultos (7-8 semanas) se inocularon con vrs 107 pfu\/ml o medio est\u00e9ril. Veinticuatro horas antes (profilaxis; -24 h) \u00f3 48 horas tras la inoculaci\u00f3n (tratamiento; +48h) un subgrupo de ratones recibi\u00f3 v\u00eda intraperitoneal palivizumab o motavizumab, anticuerpos monoclonales neutralizantes frente al vrs. Se midi\u00f3 durante la fase aguda (d\u00edas 1 y 5) y cr\u00f3nica (d\u00edas 42-70): cargas virales en el aparato respiratorio, la inflamaci\u00f3n pulmonar o neumon\u00eda, pruebas de funci\u00f3n pulmonar (obstrucci\u00f3n de la v\u00eda a\u00e9rea en la fase aguda) e hrb tras provocaci\u00f3n con metilcolina (fase cr\u00f3nica), as\u00ed como diferentes citoquinas proinflamatorias a nivel sist\u00e9mico y pulmonar. Resultados: la administraci\u00f3n tanto de palivizumab pero sobre todo la de motavizumab de forma profil\u00e1ctica, disminuy\u00f3 significativamente las cargas virales en el tracto respiratorio lo que se asoci\u00f3 con: a) mejor\u00eda significativa de la obstrucci\u00f3n de la v\u00eda a\u00e9rea y prevenci\u00f3n del desarrollo de la hrb. B) disminuci\u00f3n significativa de la inflamaci\u00f3n pulmonar en las fases aguda y cr\u00f3nica c) concentraciones de interfer\u00f3n-gamma, mip-1a, lnterleuquina-10 (il-10), rantes, eotaxina y factor de necrosis tumoral (tnf- a) significativamente disminuidas tanto en suero como en el lavado broncoalveolar. Conclusiones. Estos estudios han demostrado que la disminuci\u00f3n de la replicaci\u00f3n del vrs con el uso de los anticuerpos monoclonales, se asoci\u00f3 a una mejor\u00eda significativa de los marcadores cl\u00ednicos, funcionales e inmunol\u00f3gicos asociados con la gravedad de la infecci\u00f3n aguda por vrs y con el desarrollo de morbilidad pulmonar cr\u00f3nica. Han demostrado, tambi\u00e9n, que anticuerpos con mayor potencia se asocian a resultados cl\u00ednicos superiores. Es importante que los nuevos estudios enfocados a caracterizar la relaci\u00f3n entre la bronquiolitis por el vrs y la morbilidad cr\u00f3nica asociada a esta infecci\u00f3n, incorporen las nuevas modalidades terap\u00e9uticas dirigidas a la prevenci\u00f3n y tratamiento de la infecci\u00f3n por vrs en la infancia.<\/p>\n<p>&nbsp;<\/p>\n<h3>Datos acad\u00e9micos de la tesis doctoral \u00ab<strong>Virus respiratorio sicintial y asma<\/strong>\u00ab<\/h3>\n<ul>\n<li><strong>T\u00edtulo de la tesis:<\/strong>\u00a0 Virus respiratorio sicintial y asma <\/li>\n<li><strong>Autor:<\/strong>\u00a0 Mar\u00eda  Asuncion Mejias Montijano <\/li>\n<li><strong>Universidad:<\/strong>\u00a0 M\u00e1laga<\/li>\n<li><strong>Fecha de lectura de la tesis:<\/strong>\u00a0 27\/10\/2010<\/li>\n<\/ul>\n<p>&nbsp;<\/p>\n<h3>Direcci\u00f3n y tribunal<\/h3>\n<ul>\n<li><strong>Director de la tesis<\/strong>\n<ul>\n<li>Francisco Javier P\u00e9rez Fr\u00edas<\/li>\n<\/ul>\n<\/li>\n<li><strong>Tribunal<\/strong>\n<ul>\n<li>Presidente del tribunal: Antonio Martinez valverde <\/li>\n<li>angeles Ruiz extremera (vocal)<\/li>\n<li>teresa Hernandez sampelayo (vocal)<\/li>\n<li>Manuel S\u00e1nchez luna (vocal)<\/li>\n<\/ul>\n<\/li>\n<\/ul>\n<p>&nbsp;<\/p>\n","protected":false},"excerpt":{"rendered":"<p>Tesis doctoral de Mar\u00eda Asuncion Mejias Montijano Virus respiratorio sicintial y asma resumen: el virus respiratorio sincitial (vrs), representa la [&hellip;]<\/p>\n","protected":false},"author":1,"featured_media":0,"comment_status":"open","ping_status":"open","sticky":false,"template":"","format":"standard","meta":{"site-sidebar-layout":"default","site-content-layout":"","ast-site-content-layout":"","site-content-style":"default","site-sidebar-style":"default","ast-global-header-display":"","ast-banner-title-visibility":"","ast-main-header-display":"","ast-hfb-above-header-display":"","ast-hfb-below-header-display":"","ast-hfb-mobile-header-display":"","site-post-title":"","ast-breadcrumbs-content":"","ast-featured-img":"","footer-sml-layout":"","theme-transparent-header-meta":"","adv-header-id-meta":"","stick-header-meta":"","header-above-stick-meta":"","header-main-stick-meta":"","header-below-stick-meta":"","astra-migrate-meta-layouts":"default","ast-page-background-enabled":"default","ast-page-background-meta":{"desktop":{"background-color":"var(--ast-global-color-4)","background-image":"","background-repeat":"repeat","background-position":"center center","background-size":"auto","background-attachment":"scroll","background-type":"","background-media":"","overlay-type":"","overlay-color":"","overlay-gradient":""},"tablet":{"background-color":"","background-image":"","background-repeat":"repeat","background-position":"center center","background-size":"auto","background-attachment":"scroll","background-type":"","background-media":"","overlay-type":"","overlay-color":"","overlay-gradient":""},"mobile":{"background-color":"","background-image":"","background-repeat":"repeat","background-position":"center center","background-size":"auto","background-attachment":"scroll","background-type":"","background-media":"","overlay-type":"","overlay-color":"","overlay-gradient":""}},"ast-content-background-meta":{"desktop":{"background-color":"var(--ast-global-color-5)","background-image":"","background-repeat":"repeat","background-position":"center center","background-size":"auto","background-attachment":"scroll","background-type":"","background-media":"","overlay-type":"","overlay-color":"","overlay-gradient":""},"tablet":{"background-color":"var(--ast-global-color-5)","background-image":"","background-repeat":"repeat","background-position":"center center","background-size":"auto","background-attachment":"scroll","background-type":"","background-media":"","overlay-type":"","overlay-color":"","overlay-gradient":""},"mobile":{"background-color":"var(--ast-global-color-5)","background-image":"","background-repeat":"repeat","background-position":"center center","background-size":"auto","background-attachment":"scroll","background-type":"","background-media":"","overlay-type":"","overlay-color":"","overlay-gradient":""}},"footnotes":""},"categories":[7834,161],"tags":[26624,2402,59925,48565,211189,202739],"class_list":["post-104504","post","type-post","status-publish","format-standard","hentry","category-malaga","category-pediatria","tag-angeles-ruiz-extremera","tag-antonio-Martinez-valverde","tag-francisco-javier-perez-frias","tag-manuel-sanchez-luna","tag-maria-asuncion-mejias-montijano","tag-teresa-hernandez-sampelayo"],"_links":{"self":[{"href":"https:\/\/www.deberes.net\/tesis\/wp-json\/wp\/v2\/posts\/104504","targetHints":{"allow":["GET"]}}],"collection":[{"href":"https:\/\/www.deberes.net\/tesis\/wp-json\/wp\/v2\/posts"}],"about":[{"href":"https:\/\/www.deberes.net\/tesis\/wp-json\/wp\/v2\/types\/post"}],"author":[{"embeddable":true,"href":"https:\/\/www.deberes.net\/tesis\/wp-json\/wp\/v2\/users\/1"}],"replies":[{"embeddable":true,"href":"https:\/\/www.deberes.net\/tesis\/wp-json\/wp\/v2\/comments?post=104504"}],"version-history":[{"count":0,"href":"https:\/\/www.deberes.net\/tesis\/wp-json\/wp\/v2\/posts\/104504\/revisions"}],"wp:attachment":[{"href":"https:\/\/www.deberes.net\/tesis\/wp-json\/wp\/v2\/media?parent=104504"}],"wp:term":[{"taxonomy":"category","embeddable":true,"href":"https:\/\/www.deberes.net\/tesis\/wp-json\/wp\/v2\/categories?post=104504"},{"taxonomy":"post_tag","embeddable":true,"href":"https:\/\/www.deberes.net\/tesis\/wp-json\/wp\/v2\/tags?post=104504"}],"curies":[{"name":"wp","href":"https:\/\/api.w.org\/{rel}","templated":true}]}}