{"id":104561,"date":"2018-03-11T10:27:35","date_gmt":"2018-03-11T10:27:35","guid":{"rendered":""},"modified":"2018-03-11T10:27:35","modified_gmt":"2018-03-11T10:27:35","slug":"filamentos-elasticos-de-elastolefina-de-alta-durabilidad-obtenidos-a-partir-de-copola%c2%admeros-de-bloque-de-etileno-octeno-de-b-aja-densidad-mediante-la-tecnologa%c2%ada-de-polimerizacion-por-transf","status":"publish","type":"post","link":"https:\/\/www.deberes.net\/tesis\/politecnica-de-catalunya\/filamentos-elasticos-de-elastolefina-de-alta-durabilidad-obtenidos-a-partir-de-copola%c2%admeros-de-bloque-de-etileno-octeno-de-b-aja-densidad-mediante-la-tecnologa%c2%ada-de-polimerizacion-por-transf\/","title":{"rendered":"Filamentos el\u00e1sticos de elastolefina de alta durabilidad obtenidos a partir de copol\u00edmeros de bloque de etileno-octeno de b aja densidad mediante la tecnolog\u00eda de polimerizaci\u00f3n por transferencia de cadena para aplicaciones en indumentaria de uso profesio"},"content":{"rendered":"<h2>Tesis doctoral de <strong> Pablo Verdu Blasco <\/strong><\/h2>\n<p>En la actualidad el mercado carece de prendas el\u00e1sticas para uso  profesional puesto que los elastanos habitualmente utilizados son  inestables frente a altas temperaturas y qu\u00edmicos agresivos, e.G.  termofijado, mantenimiento de indumentaria industrial etc.  recientemente se han venido utilizado filamentos olef\u00ednicos  obtenidos a partir de copol\u00edmeros al azar de etileno-octeno (dow  xla fibers producidos por the dow chemical company). Aunque m\u00e1s  resistentes a las temperaturas debido a la reticulaci\u00f3n, su bajo  punto de fusi\u00f3n, alrededor de 50\u00c2\u00bac, limita el comportamiento  el\u00e1stico en tejidos pesados y tupidos para indumentaria  profesional.    la investigaci\u00f3n tiene por objeto la obtenci\u00f3n de monofilamentos  el\u00e1sticos a partir copol\u00edmeros de bloque de etileno-octeno (cuyo  punto de fusi\u00f3n es m\u00e1s elevado) y con \u00e9stos, tejidos para  indumentaria profesional que ofrezcan mayor fuerza  de  encogimiento a las temperaturas t\u00edpicas de los pre-tratamientos,  tintura y acabado (50\u00c2\u00bac-120\u00c2\u00bac). El objetivo es hacer que los  tejidos encojan m\u00e1s durante las operaciones en h\u00famedo bajo  temperatura para mejorar as\u00ed su elasticidad y aumentar el peso en  comparaci\u00f3n con los tejidos actuales manufacturados con los  convencionales copol\u00edmeros homog\u00e9neos de etileno-octeno  reticulados     los tejidos deber\u00e1n garantizar las siguientes propiedades durante  todo su ciclo de vida: estabilidad dimensional, relaci\u00f3n  elasticidad-crecimiento mejorado, resistencia qu\u00edmica,  resistencia t\u00e9rmica, durabilidad ante los lavados industriales y  un mejor confort termofisiol\u00f3gico y sensorial.<\/p>\n<p>&nbsp;<\/p>\n<h3>Datos acad\u00e9micos de la tesis doctoral \u00ab<strong>Filamentos el\u00e1sticos de elastolefina de alta durabilidad obtenidos a partir de copol\u00edmeros de bloque de etileno-octeno de b aja densidad mediante la tecnolog\u00eda de polimerizaci\u00f3n por transferencia de cadena para aplicaciones en indumentaria de uso profesio<\/strong>\u00ab<\/h3>\n<ul>\n<li><strong>T\u00edtulo de la tesis:<\/strong>\u00a0 Filamentos el\u00e1sticos de elastolefina de alta durabilidad obtenidos a partir de copol\u00edmeros de bloque de etileno-octeno de b aja densidad mediante la tecnolog\u00eda de polimerizaci\u00f3n por transferencia de cadena para aplicaciones en indumentaria de uso profesio <\/li>\n<li><strong>Autor:<\/strong>\u00a0 Pablo Verdu Blasco <\/li>\n<li><strong>Universidad:<\/strong>\u00a0 Polit\u00e9cnica de catalunya<\/li>\n<li><strong>Fecha de lectura de la tesis:<\/strong>\u00a0 29\/10\/2010<\/li>\n<\/ul>\n<p>&nbsp;<\/p>\n<h3>Direcci\u00f3n y tribunal<\/h3>\n<ul>\n<li><strong>Director de la tesis<\/strong>\n<ul>\n<li>Diana Cayuela Mar\u00edn<\/li>\n<\/ul>\n<\/li>\n<li><strong>Tribunal<\/strong>\n<ul>\n<li>Presidente del tribunal: josefina Maillo garrido <\/li>\n<li>Mar\u00eda angeles Bonet aracil (vocal)<\/li>\n<li>  (vocal)<\/li>\n<li>  (vocal)<\/li>\n<\/ul>\n<\/li>\n<\/ul>\n<p>&nbsp;<\/p>\n","protected":false},"excerpt":{"rendered":"<p>Tesis doctoral de Pablo Verdu Blasco En la actualidad el mercado carece de prendas el\u00e1sticas para uso profesional puesto que [&hellip;]<\/p>\n","protected":false},"author":1,"featured_media":0,"comment_status":"open","ping_status":"open","sticky":false,"template":"","format":"standard","meta":{"site-sidebar-layout":"default","site-content-layout":"","ast-site-content-layout":"","site-content-style":"default","site-sidebar-style":"default","ast-global-header-display":"","ast-banner-title-visibility":"","ast-main-header-display":"","ast-hfb-above-header-display":"","ast-hfb-below-header-display":"","ast-hfb-mobile-header-display":"","site-post-title":"","ast-breadcrumbs-content":"","ast-featured-img":"","footer-sml-layout":"","theme-transparent-header-meta":"","adv-header-id-meta":"","stick-header-meta":"","header-above-stick-meta":"","header-main-stick-meta":"","header-below-stick-meta":"","astra-migrate-meta-layouts":"default","ast-page-background-enabled":"default","ast-page-background-meta":{"desktop":{"background-color":"var(--ast-global-color-4)","background-image":"","background-repeat":"repeat","background-position":"center center","background-size":"auto","background-attachment":"scroll","background-type":"","background-media":"","overlay-type":"","overlay-color":"","overlay-gradient":""},"tablet":{"background-color":"","background-image":"","background-repeat":"repeat","background-position":"center center","background-size":"auto","background-attachment":"scroll","background-type":"","background-media":"","overlay-type":"","overlay-color":"","overlay-gradient":""},"mobile":{"background-color":"","background-image":"","background-repeat":"repeat","background-position":"center center","background-size":"auto","background-attachment":"scroll","background-type":"","background-media":"","overlay-type":"","overlay-color":"","overlay-gradient":""}},"ast-content-background-meta":{"desktop":{"background-color":"var(--ast-global-color-5)","background-image":"","background-repeat":"repeat","background-position":"center center","background-size":"auto","background-attachment":"scroll","background-type":"","background-media":"","overlay-type":"","overlay-color":"","overlay-gradient":""},"tablet":{"background-color":"var(--ast-global-color-5)","background-image":"","background-repeat":"repeat","background-position":"center center","background-size":"auto","background-attachment":"scroll","background-type":"","background-media":"","overlay-type":"","overlay-color":"","overlay-gradient":""},"mobile":{"background-color":"var(--ast-global-color-5)","background-image":"","background-repeat":"repeat","background-position":"center center","background-size":"auto","background-attachment":"scroll","background-type":"","background-media":"","overlay-type":"","overlay-color":"","overlay-gradient":""}},"footnotes":""},"categories":[15596,15740],"tags":[58403,105577,65147,211282],"class_list":["post-104561","post","type-post","status-publish","format-standard","hentry","category-politecnica-de-catalunya","category-tecnologia-textil","tag-diana-cayuela-marin","tag-josefina-maillo-garrido","tag-maria-angeles-bonet-aracil","tag-pablo-verdu-blasco"],"_links":{"self":[{"href":"https:\/\/www.deberes.net\/tesis\/wp-json\/wp\/v2\/posts\/104561","targetHints":{"allow":["GET"]}}],"collection":[{"href":"https:\/\/www.deberes.net\/tesis\/wp-json\/wp\/v2\/posts"}],"about":[{"href":"https:\/\/www.deberes.net\/tesis\/wp-json\/wp\/v2\/types\/post"}],"author":[{"embeddable":true,"href":"https:\/\/www.deberes.net\/tesis\/wp-json\/wp\/v2\/users\/1"}],"replies":[{"embeddable":true,"href":"https:\/\/www.deberes.net\/tesis\/wp-json\/wp\/v2\/comments?post=104561"}],"version-history":[{"count":0,"href":"https:\/\/www.deberes.net\/tesis\/wp-json\/wp\/v2\/posts\/104561\/revisions"}],"wp:attachment":[{"href":"https:\/\/www.deberes.net\/tesis\/wp-json\/wp\/v2\/media?parent=104561"}],"wp:term":[{"taxonomy":"category","embeddable":true,"href":"https:\/\/www.deberes.net\/tesis\/wp-json\/wp\/v2\/categories?post=104561"},{"taxonomy":"post_tag","embeddable":true,"href":"https:\/\/www.deberes.net\/tesis\/wp-json\/wp\/v2\/tags?post=104561"}],"curies":[{"name":"wp","href":"https:\/\/api.w.org\/{rel}","templated":true}]}}