{"id":104562,"date":"2018-03-11T10:27:39","date_gmt":"2018-03-11T10:27:39","guid":{"rendered":"https:\/\/www.deberes.net\/tesis\/sin-categoria\/lo-local-en-lo-global-paradojas-posmodernas-del-lugar\/"},"modified":"2018-03-11T10:27:39","modified_gmt":"2018-03-11T10:27:39","slug":"lo-local-en-lo-global-paradojas-posmodernas-del-lugar","status":"publish","type":"post","link":"https:\/\/www.deberes.net\/tesis\/historia\/lo-local-en-lo-global-paradojas-posmodernas-del-lugar\/","title":{"rendered":"Lo local en lo global. paradojas posmodernas del lugar."},"content":{"rendered":"<h2>Tesis doctoral de <strong> Laura Fernandez Gibellini <\/strong><\/h2>\n<p>Esta tesis contempla c\u00f3mo existen hoy dos modos de globalizaci\u00f3n que circulan unidos: uno con un sentido epistemol\u00f3gico inherente al pensamiento occidental \u00c2\u00bfque conlleva la intensificaci\u00f3n de la concepci\u00f3n del mundo como un todo- y otro que es consec uencia del desarrollo del capitalismo tard\u00edo en que nos vemos inmersos. Ambas acepciones resultan ya imposibles de separarse, generando nociones encontradas del habitar que se articulan entre lo local y lo global, y as\u00ed se muestra en la producci\u00f3n ar t\u00edstica m\u00e1s actual. Este hecho implica el auge de una realidad parad\u00f3jica donde la misma situaci\u00f3n mundial es concebida, interpretada y comprendida desde dos acepciones casi antag\u00f3nicas. De esta forma es bajo la segunda concepci\u00f3n de la globalizaci\u00f3n  desde la que surge lo local como una estructura de permanencia que incurre en el rescate de un falso folclore y una recuperaci\u00f3n del suelo patrio, a la vez que reincide en la pervivencia de una intensificada colonizaci\u00f3n cultural propia del capitali smo. Es as\u00ed entre la voluntad de recuperar una simulada vinculaci\u00f3n a un territorio (y a un folclore y a una identidad) y la particular necesidad de trascender el espacio local hacia uno compartido, global donde se construye el habitar de la posmoder nidad.  es por esta doble naturaleza de la globalizaci\u00f3n por la que surgen multitud de t\u00f3picos, tal y como se manifestar\u00e1 en esta tesis. Dado este orden de cosas, algunos artistas seguir\u00e1n senderos m\u00e1s o menos trillados, parciales en su visi\u00f3n y perp etuando los t\u00f3picos, mientras que algunos otros, muchos de ellos recogidos en las recapitulaciones de este texto, desarrollar\u00e1n posicionamientos m\u00e1s complejos, m\u00e1s transversales \u00c2\u00bfarticulando sus propuestas en las paradojas que se desenvuelven entre l o local y lo global de la posmodernidad.<\/p>\n<p>&nbsp;<\/p>\n<h3>Datos acad\u00e9micos de la tesis doctoral \u00ab<strong>Lo local en lo global. paradojas posmodernas del lugar.<\/strong>\u00ab<\/h3>\n<ul>\n<li><strong>T\u00edtulo de la tesis:<\/strong>\u00a0 Lo local en lo global. paradojas posmodernas del lugar. <\/li>\n<li><strong>Autor:<\/strong>\u00a0 Laura Fernandez Gibellini <\/li>\n<li><strong>Universidad:<\/strong>\u00a0 Complutense de Madrid<\/li>\n<li><strong>Fecha de lectura de la tesis:<\/strong>\u00a0 29\/10\/2010<\/li>\n<\/ul>\n<p>&nbsp;<\/p>\n<h3>Direcci\u00f3n y tribunal<\/h3>\n<ul>\n<li><strong>Director de la tesis<\/strong>\n<ul>\n<li>Mar\u00eda Antonia Raquejo Grado<\/li>\n<\/ul>\n<\/li>\n<li><strong>Tribunal<\/strong>\n<ul>\n<li>Presidente del tribunal: aurora Fern\u00e1ndez polanco <\/li>\n<li>Javier Chavarria diaz (vocal)<\/li>\n<li>ramon Salas lamamie de clairac (vocal)<\/li>\n<li>sagrario Aznar almazan (vocal)<\/li>\n<\/ul>\n<\/li>\n<\/ul>\n<p>&nbsp;<\/p>\n","protected":false},"excerpt":{"rendered":"<p>Tesis doctoral de Laura Fernandez Gibellini Esta tesis contempla c\u00f3mo existen hoy dos modos de globalizaci\u00f3n que circulan unidos: uno [&hellip;]<\/p>\n","protected":false},"author":1,"featured_media":0,"comment_status":"open","ping_status":"open","sticky":false,"template":"","format":"standard","meta":{"site-sidebar-layout":"default","site-content-layout":"","ast-site-content-layout":"","site-content-style":"default","site-sidebar-style":"default","ast-global-header-display":"","ast-banner-title-visibility":"","ast-main-header-display":"","ast-hfb-above-header-display":"","ast-hfb-below-header-display":"","ast-hfb-mobile-header-display":"","site-post-title":"","ast-breadcrumbs-content":"","ast-featured-img":"","footer-sml-layout":"","theme-transparent-header-meta":"","adv-header-id-meta":"","stick-header-meta":"","header-above-stick-meta":"","header-main-stick-meta":"","header-below-stick-meta":"","astra-migrate-meta-layouts":"default","ast-page-background-enabled":"default","ast-page-background-meta":{"desktop":{"background-color":"var(--ast-global-color-4)","background-image":"","background-repeat":"repeat","background-position":"center center","background-size":"auto","background-attachment":"scroll","background-type":"","background-media":"","overlay-type":"","overlay-color":"","overlay-gradient":""},"tablet":{"background-color":"","background-image":"","background-repeat":"repeat","background-position":"center center","background-size":"auto","background-attachment":"scroll","background-type":"","background-media":"","overlay-type":"","overlay-color":"","overlay-gradient":""},"mobile":{"background-color":"","background-image":"","background-repeat":"repeat","background-position":"center center","background-size":"auto","background-attachment":"scroll","background-type":"","background-media":"","overlay-type":"","overlay-color":"","overlay-gradient":""}},"ast-content-background-meta":{"desktop":{"background-color":"var(--ast-global-color-5)","background-image":"","background-repeat":"repeat","background-position":"center center","background-size":"auto","background-attachment":"scroll","background-type":"","background-media":"","overlay-type":"","overlay-color":"","overlay-gradient":""},"tablet":{"background-color":"var(--ast-global-color-5)","background-image":"","background-repeat":"repeat","background-position":"center center","background-size":"auto","background-attachment":"scroll","background-type":"","background-media":"","overlay-type":"","overlay-color":"","overlay-gradient":""},"mobile":{"background-color":"var(--ast-global-color-5)","background-image":"","background-repeat":"repeat","background-position":"center center","background-size":"auto","background-attachment":"scroll","background-type":"","background-media":"","overlay-type":"","overlay-color":"","overlay-gradient":""}},"footnotes":""},"categories":[986,104],"tags":[64220,177654,211283,140136,10453,64219],"class_list":["post-104562","post","type-post","status-publish","format-standard","hentry","category-complutense-de-madrid","category-historia","tag-aurora-fernandez-polanco","tag-javier-chavarria-diaz","tag-laura-fernandez-gibellini","tag-maria-antonia-raquejo-grado","tag-ramon-salas-lamamie-de-clairac","tag-sagrario-aznar-almazan"],"_links":{"self":[{"href":"https:\/\/www.deberes.net\/tesis\/wp-json\/wp\/v2\/posts\/104562","targetHints":{"allow":["GET"]}}],"collection":[{"href":"https:\/\/www.deberes.net\/tesis\/wp-json\/wp\/v2\/posts"}],"about":[{"href":"https:\/\/www.deberes.net\/tesis\/wp-json\/wp\/v2\/types\/post"}],"author":[{"embeddable":true,"href":"https:\/\/www.deberes.net\/tesis\/wp-json\/wp\/v2\/users\/1"}],"replies":[{"embeddable":true,"href":"https:\/\/www.deberes.net\/tesis\/wp-json\/wp\/v2\/comments?post=104562"}],"version-history":[{"count":0,"href":"https:\/\/www.deberes.net\/tesis\/wp-json\/wp\/v2\/posts\/104562\/revisions"}],"wp:attachment":[{"href":"https:\/\/www.deberes.net\/tesis\/wp-json\/wp\/v2\/media?parent=104562"}],"wp:term":[{"taxonomy":"category","embeddable":true,"href":"https:\/\/www.deberes.net\/tesis\/wp-json\/wp\/v2\/categories?post=104562"},{"taxonomy":"post_tag","embeddable":true,"href":"https:\/\/www.deberes.net\/tesis\/wp-json\/wp\/v2\/tags?post=104562"}],"curies":[{"name":"wp","href":"https:\/\/api.w.org\/{rel}","templated":true}]}}