{"id":104636,"date":"2010-03-11T00:00:00","date_gmt":"2010-03-11T00:00:00","guid":{"rendered":"https:\/\/www.deberes.net\/tesis\/sin-categoria\/artes-y-disciplinas-en-la-educacion-para-la-paz-segun-juan-luis-vives\/"},"modified":"2010-03-11T00:00:00","modified_gmt":"2010-03-11T00:00:00","slug":"artes-y-disciplinas-en-la-educacion-para-la-paz-segun-juan-luis-vives","status":"publish","type":"post","link":"https:\/\/www.deberes.net\/tesis\/historia-de-la-educacion\/artes-y-disciplinas-en-la-educacion-para-la-paz-segun-juan-luis-vives\/","title":{"rendered":"\u00abartes y disciplinas en la educaci\u00f3n para la paz seg\u00fan juan luis vives\u00bb."},"content":{"rendered":"<h2>Tesis doctoral de <strong> Mar\u00eda Eugenia Ocampo Granados <\/strong><\/h2>\n<p>Se analizan los escritos de juan luis vives (1492) para establecer las relaciones entre la obra pol\u00edtica, que tiene como tema fundamental la concordia y la paz, y la obra enciclop\u00e9dica vivista que considera las finalidades, contenido y m\u00e9todo del conjunto de artes y disciplinas ordenandas al ordenadas al cultivo del ingenio. Se esclarece cu\u00e1l es la aportaci\u00f3n de la obra enciclop\u00e9dica vivista en lo general y de las disciplinas human\u00edsticas en particular &#8211; gram\u00e1tica, dial\u00e9ctica, ret\u00f3rica, historia y filosof\u00eda moral &#8211; a la educaci\u00f3n para la paz a la que se orientan sus escritos pol\u00edticos. La aportaci\u00f3n de juan luis vives en este campo se puede resumir como: la interdisciplinariedad en las humanidades: m\u00e9todo y contenido del humanismo c\u00edvico vivista. De la tesis as\u00ed planteada se obtienen pautas para la reflexi\u00f3n y la acci\u00f3n en la educaci\u00f3n c\u00edvica contempor\u00e1nea.<\/p>\n<p>&nbsp;<\/p>\n<h3>Datos acad\u00e9micos de la tesis doctoral \u00ab<strong>\u00abartes y disciplinas en la educaci\u00f3n para la paz seg\u00fan juan luis vives\u00bb.<\/strong>\u00ab<\/h3>\n<ul>\n<li><strong>T\u00edtulo de la tesis:<\/strong>\u00a0 \u00abartes y disciplinas en la educaci\u00f3n para la paz seg\u00fan juan luis vives\u00bb. <\/li>\n<li><strong>Autor:<\/strong>\u00a0 Mar\u00eda Eugenia Ocampo Granados <\/li>\n<li><strong>Universidad:<\/strong>\u00a0 Navarra<\/li>\n<li><strong>Fecha de lectura de la tesis:<\/strong>\u00a0 03\/11\/2010<\/li>\n<\/ul>\n<p>&nbsp;<\/p>\n<h3>Direcci\u00f3n y tribunal<\/h3>\n<ul>\n<li><strong>Director de la tesis<\/strong>\n<ul>\n<li>Aurora Bernal Martinez De Soria<\/li>\n<\/ul>\n<\/li>\n<li><strong>Tribunal<\/strong>\n<ul>\n<li>Presidente del tribunal: le\u00f3n Esteban mateo <\/li>\n<li>marco Antonio Coronel ramos (vocal)<\/li>\n<li>Francisco Javier Vergara ciordia (vocal)<\/li>\n<li>f\u00e9lix Francisco Santolaria sierra (vocal)<\/li>\n<\/ul>\n<\/li>\n<\/ul>\n<p>&nbsp;<\/p>\n","protected":false},"excerpt":{"rendered":"<p>Tesis doctoral de Mar\u00eda Eugenia Ocampo Granados Se analizan los escritos de juan luis vives (1492) para establecer las relaciones [&hellip;]<\/p>\n","protected":false},"author":1,"featured_media":0,"comment_status":"open","ping_status":"open","sticky":false,"template":"","format":"standard","meta":{"site-sidebar-layout":"default","site-content-layout":"","ast-site-content-layout":"","site-content-style":"default","site-sidebar-style":"default","ast-global-header-display":"","ast-banner-title-visibility":"","ast-main-header-display":"","ast-hfb-above-header-display":"","ast-hfb-below-header-display":"","ast-hfb-mobile-header-display":"","site-post-title":"","ast-breadcrumbs-content":"","ast-featured-img":"","footer-sml-layout":"","theme-transparent-header-meta":"","adv-header-id-meta":"","stick-header-meta":"","header-above-stick-meta":"","header-main-stick-meta":"","header-below-stick-meta":"","astra-migrate-meta-layouts":"default","ast-page-background-enabled":"default","ast-page-background-meta":{"desktop":{"background-color":"var(--ast-global-color-4)","background-image":"","background-repeat":"repeat","background-position":"center center","background-size":"auto","background-attachment":"scroll","background-type":"","background-media":"","overlay-type":"","overlay-color":"","overlay-gradient":""},"tablet":{"background-color":"","background-image":"","background-repeat":"repeat","background-position":"center center","background-size":"auto","background-attachment":"scroll","background-type":"","background-media":"","overlay-type":"","overlay-color":"","overlay-gradient":""},"mobile":{"background-color":"","background-image":"","background-repeat":"repeat","background-position":"center center","background-size":"auto","background-attachment":"scroll","background-type":"","background-media":"","overlay-type":"","overlay-color":"","overlay-gradient":""}},"ast-content-background-meta":{"desktop":{"background-color":"var(--ast-global-color-5)","background-image":"","background-repeat":"repeat","background-position":"center center","background-size":"auto","background-attachment":"scroll","background-type":"","background-media":"","overlay-type":"","overlay-color":"","overlay-gradient":""},"tablet":{"background-color":"var(--ast-global-color-5)","background-image":"","background-repeat":"repeat","background-position":"center center","background-size":"auto","background-attachment":"scroll","background-type":"","background-media":"","overlay-type":"","overlay-color":"","overlay-gradient":""},"mobile":{"background-color":"var(--ast-global-color-5)","background-image":"","background-repeat":"repeat","background-position":"center center","background-size":"auto","background-attachment":"scroll","background-type":"","background-media":"","overlay-type":"","overlay-color":"","overlay-gradient":""}},"footnotes":""},"categories":[311,17749,11958],"tags":[17850,75623,17236,10155,211410,211409],"class_list":["post-104636","post","type-post","status-publish","format-standard","hentry","category-historia-de-la-educacion","category-navarra","category-teorias-educativas","tag-aurora-bernal-Martinez-de-soria","tag-felix-francisco-santolaria-sierra","tag-francisco-javier-vergara-ciordia","tag-leon-esteban-mateo","tag-marco-antonio-coronel-ramos","tag-maria-eugenia-ocampo-granados"],"_links":{"self":[{"href":"https:\/\/www.deberes.net\/tesis\/wp-json\/wp\/v2\/posts\/104636","targetHints":{"allow":["GET"]}}],"collection":[{"href":"https:\/\/www.deberes.net\/tesis\/wp-json\/wp\/v2\/posts"}],"about":[{"href":"https:\/\/www.deberes.net\/tesis\/wp-json\/wp\/v2\/types\/post"}],"author":[{"embeddable":true,"href":"https:\/\/www.deberes.net\/tesis\/wp-json\/wp\/v2\/users\/1"}],"replies":[{"embeddable":true,"href":"https:\/\/www.deberes.net\/tesis\/wp-json\/wp\/v2\/comments?post=104636"}],"version-history":[{"count":0,"href":"https:\/\/www.deberes.net\/tesis\/wp-json\/wp\/v2\/posts\/104636\/revisions"}],"wp:attachment":[{"href":"https:\/\/www.deberes.net\/tesis\/wp-json\/wp\/v2\/media?parent=104636"}],"wp:term":[{"taxonomy":"category","embeddable":true,"href":"https:\/\/www.deberes.net\/tesis\/wp-json\/wp\/v2\/categories?post=104636"},{"taxonomy":"post_tag","embeddable":true,"href":"https:\/\/www.deberes.net\/tesis\/wp-json\/wp\/v2\/tags?post=104636"}],"curies":[{"name":"wp","href":"https:\/\/api.w.org\/{rel}","templated":true}]}}