{"id":104642,"date":"2010-03-11T00:00:00","date_gmt":"2010-03-11T00:00:00","guid":{"rendered":"https:\/\/www.deberes.net\/tesis\/sin-categoria\/fenomenologa%c2%ada-y-dialectica-en-la-obra-de-merleau-ponty\/"},"modified":"2010-03-11T00:00:00","modified_gmt":"2010-03-11T00:00:00","slug":"fenomenologa%c2%ada-y-dialectica-en-la-obra-de-merleau-ponty","status":"publish","type":"post","link":"https:\/\/www.deberes.net\/tesis\/barcelona\/fenomenologa%c2%ada-y-dialectica-en-la-obra-de-merleau-ponty\/","title":{"rendered":"Fenomenolog\u00eda y dial\u00e9ctica en la obra de merleau-ponty"},"content":{"rendered":"<h2>Tesis doctoral de <strong> Joan B\u00c1\u00a4hr Fabregas <\/strong><\/h2>\n<p>El examen de la conciencia concluye en un cofuncionamiento entre conciencias que no podemos pensar prescindiendo de una intercorporeidad, que a su vez para hacerse efectiva precisar\u00e1 de una comunicaci\u00f3n entre cuerpos mediada por un lenguaje, y esta es en esencia la tesis que defendemos; en definitiva, cofuncionamiento, intercorporeidad y comunicaci\u00f3n se presentan unidos inextricablemente. Donde la culminaci\u00f3n de esta relaci\u00f3n se entronca en un reconocimiento del otro como aut\u00e9nticamente otro.<\/p>\n<p>&nbsp;<\/p>\n<h3>Datos acad\u00e9micos de la tesis doctoral \u00ab<strong>Fenomenolog\u00eda y dial\u00e9ctica en la obra de merleau-ponty<\/strong>\u00ab<\/h3>\n<ul>\n<li><strong>T\u00edtulo de la tesis:<\/strong>\u00a0 Fenomenolog\u00eda y dial\u00e9ctica en la obra de merleau-ponty <\/li>\n<li><strong>Autor:<\/strong>\u00a0 Joan B\u00c1\u00a4hr Fabregas <\/li>\n<li><strong>Universidad:<\/strong>\u00a0 Barcelona<\/li>\n<li><strong>Fecha de lectura de la tesis:<\/strong>\u00a0 03\/11\/2010<\/li>\n<\/ul>\n<p>&nbsp;<\/p>\n<h3>Direcci\u00f3n y tribunal<\/h3>\n<ul>\n<li><strong>Director de la tesis<\/strong>\n<ul>\n<li>Jos\u00e9 Luis Arce Carrascoso<\/li>\n<\/ul>\n<\/li>\n<li><strong>Tribunal<\/strong>\n<ul>\n<li>Presidente del tribunal: eudaldo Forment giralt <\/li>\n<li>karina pilar Trilles calvo (vocal)<\/li>\n<li>  (vocal)<\/li>\n<li>  (vocal)<\/li>\n<\/ul>\n<\/li>\n<\/ul>\n<p>&nbsp;<\/p>\n","protected":false},"excerpt":{"rendered":"<p>Tesis doctoral de Joan B\u00c1\u00a4hr Fabregas El examen de la conciencia concluye en un cofuncionamiento entre conciencias que no podemos [&hellip;]<\/p>\n","protected":false},"author":1,"featured_media":0,"comment_status":"open","ping_status":"open","sticky":false,"template":"","format":"standard","meta":{"site-sidebar-layout":"default","site-content-layout":"","ast-site-content-layout":"","site-content-style":"default","site-sidebar-style":"default","ast-global-header-display":"","ast-banner-title-visibility":"","ast-main-header-display":"","ast-hfb-above-header-display":"","ast-hfb-below-header-display":"","ast-hfb-mobile-header-display":"","site-post-title":"","ast-breadcrumbs-content":"","ast-featured-img":"","footer-sml-layout":"","theme-transparent-header-meta":"","adv-header-id-meta":"","stick-header-meta":"","header-above-stick-meta":"","header-main-stick-meta":"","header-below-stick-meta":"","astra-migrate-meta-layouts":"default","ast-page-background-enabled":"default","ast-page-background-meta":{"desktop":{"background-color":"var(--ast-global-color-4)","background-image":"","background-repeat":"repeat","background-position":"center center","background-size":"auto","background-attachment":"scroll","background-type":"","background-media":"","overlay-type":"","overlay-color":"","overlay-gradient":""},"tablet":{"background-color":"","background-image":"","background-repeat":"repeat","background-position":"center center","background-size":"auto","background-attachment":"scroll","background-type":"","background-media":"","overlay-type":"","overlay-color":"","overlay-gradient":""},"mobile":{"background-color":"","background-image":"","background-repeat":"repeat","background-position":"center center","background-size":"auto","background-attachment":"scroll","background-type":"","background-media":"","overlay-type":"","overlay-color":"","overlay-gradient":""}},"ast-content-background-meta":{"desktop":{"background-color":"var(--ast-global-color-5)","background-image":"","background-repeat":"repeat","background-position":"center center","background-size":"auto","background-attachment":"scroll","background-type":"","background-media":"","overlay-type":"","overlay-color":"","overlay-gradient":""},"tablet":{"background-color":"var(--ast-global-color-5)","background-image":"","background-repeat":"repeat","background-position":"center center","background-size":"auto","background-attachment":"scroll","background-type":"","background-media":"","overlay-type":"","overlay-color":"","overlay-gradient":""},"mobile":{"background-color":"var(--ast-global-color-5)","background-image":"","background-repeat":"repeat","background-position":"center center","background-size":"auto","background-attachment":"scroll","background-type":"","background-media":"","overlay-type":"","overlay-color":"","overlay-gradient":""}},"footnotes":""},"categories":[951,6428,25876],"tags":[1188,211420,1062,211421],"class_list":["post-104642","post","type-post","status-publish","format-standard","hentry","category-barcelona","category-metafisica-y-ontologia","category-teoria-de-la-percepcion","tag-eudaldo-forment-giralt","tag-joan-bahr-fabregas","tag-jose-luis-arce-carrascoso","tag-karina-pilar-trilles-calvo"],"_links":{"self":[{"href":"https:\/\/www.deberes.net\/tesis\/wp-json\/wp\/v2\/posts\/104642","targetHints":{"allow":["GET"]}}],"collection":[{"href":"https:\/\/www.deberes.net\/tesis\/wp-json\/wp\/v2\/posts"}],"about":[{"href":"https:\/\/www.deberes.net\/tesis\/wp-json\/wp\/v2\/types\/post"}],"author":[{"embeddable":true,"href":"https:\/\/www.deberes.net\/tesis\/wp-json\/wp\/v2\/users\/1"}],"replies":[{"embeddable":true,"href":"https:\/\/www.deberes.net\/tesis\/wp-json\/wp\/v2\/comments?post=104642"}],"version-history":[{"count":0,"href":"https:\/\/www.deberes.net\/tesis\/wp-json\/wp\/v2\/posts\/104642\/revisions"}],"wp:attachment":[{"href":"https:\/\/www.deberes.net\/tesis\/wp-json\/wp\/v2\/media?parent=104642"}],"wp:term":[{"taxonomy":"category","embeddable":true,"href":"https:\/\/www.deberes.net\/tesis\/wp-json\/wp\/v2\/categories?post=104642"},{"taxonomy":"post_tag","embeddable":true,"href":"https:\/\/www.deberes.net\/tesis\/wp-json\/wp\/v2\/tags?post=104642"}],"curies":[{"name":"wp","href":"https:\/\/api.w.org\/{rel}","templated":true}]}}