{"id":104645,"date":"2010-03-11T00:00:00","date_gmt":"2010-03-11T00:00:00","guid":{"rendered":"https:\/\/www.deberes.net\/tesis\/sin-categoria\/analisis-de-la-formacion-profesional-para-el-empleo-y-su-implicacion-en-el-mercado-laboral-de-la-ciudad-de-elche-alicante\/"},"modified":"2010-03-11T00:00:00","modified_gmt":"2010-03-11T00:00:00","slug":"analisis-de-la-formacion-profesional-para-el-empleo-y-su-implicacion-en-el-mercado-laboral-de-la-ciudad-de-elche-alicante","status":"publish","type":"post","link":"https:\/\/www.deberes.net\/tesis\/formacion-profesional\/analisis-de-la-formacion-profesional-para-el-empleo-y-su-implicacion-en-el-mercado-laboral-de-la-ciudad-de-elche-alicante\/","title":{"rendered":"An\u00e1lisis de la formaci\u00f3n profesional para el empleo y su implicaci\u00f3n en el mercado laboral de la ciudad de elche (alicante)"},"content":{"rendered":"<h2>Tesis doctoral de <strong> Jos\u00e9 Mar\u00eda Sola Reche <\/strong><\/h2>\n<p>Esta tesis doctoral analiza y describe los cursos impartidos de formaci\u00f3n profesional para el empleo prioritariamente para trabajadores desempleados en el centro servef de formaci\u00f3n de elche (alicante) y en centros colaboradores y su incidencia en el contexto laboral.  el presente trabajo est\u00e1 organizado en dos bloques, en el primer bloque se encuentra el marco te\u00f3rico que es la base del resto de la investigaci\u00f3n y que est\u00e1 integrado por cuatro cap\u00edtulos:  el cap\u00edtulo primero comienza con un an\u00e1lisis sobre la formaci\u00f3n y su nivel de relevancia en la vida de las personas, as\u00ed como el reconocimiento que recibe por parte de numerosos organismos internacionales. Tambi\u00e9n realizamos un estudio del concepto del aprendizaje permanente, desde sus or\u00edgenes hasta su implantaci\u00f3n en europa y espa\u00f1a como un principio b\u00e1sico para ingresar en la sociedad del conocimiento y lograr un alto \u00edndice de cohesi\u00f3n social.  el cap\u00edtulo segundo desarrolla las relaciones existentes entre la formaci\u00f3n y el empleo, considerando las competencias profesionales propuestas por los autores como claves para el \u00e9xito socio-laboral, y analizando los nuevos yacimientos de empleo anunciados por la uni\u00f3n europea como gu\u00eda para la generaci\u00f3n de futuros puestos de trabajo as\u00ed como la adecuaci\u00f3n formativa para cubrir estas nuevas necesidades. Tambi\u00e9n se desglosan en este cap\u00edtulo la orientaci\u00f3n profesional y la orientaci\u00f3n educativa, como aspectos vitales para el futuro desarrollo profesional de los trabajadores.  el cap\u00edtulo tercero estudia el concepto de formaci\u00f3n profesional, desde sus or\u00edgenes en los ee.Uu., Pasando por europa, donde pormenorizamos los principales organismos e instituciones que se ocupan de la formaci\u00f3n profesional, los distintos programas ligados a la misma (programa de aprendizaje permanente 2007-2013), as\u00ed como un recorrido por los sistemas de formaci\u00f3n profesional europeos m\u00e1s significativos, y finalizando en el \u00e1mbito estatal, incidiendo en los aspectos m\u00e1s importantes de la normativa que lo regula.  en el cap\u00edtulo cuarto se exponen las principales caracter\u00edsticas de la formaci\u00f3n profesional para el empleo en la comunidad aut\u00f3noma Valenciana, desarrollando las diversas acciones formativas relacionadas con las pol\u00edticas de empleo que realiza el servicio Valenciano de empleo y formaci\u00f3n, y analizando dos instrumentos concretos para mejorar el empleo y la formaci\u00f3n, el pacto Valenciano por el crecimiento y el empleo ii, de nivel auton\u00f3mico, y el pacto local por el empleo de la ciudad de elche (alicante).  el segundo bloque contiene el estudio emp\u00edrico, que se desglosa en el cap\u00edtulo quinto donde se presentan la metodolog\u00eda y el dise\u00f1o de la investigaci\u00f3n, inici\u00e1ndose con el marco geogr\u00e1fico y socioecon\u00f3mico en el que tiene contexto el estudio, as\u00ed como, los objetivos, la muestra y los instrumentos para obtener la informaci\u00f3n y analizar los resultados; el cap\u00edtulo sexto, en el que se analizan e interpretan los datos desde una perspectiva cuantitativa y cualitativa; y el cap\u00edtulo s\u00e9ptimo en el que se recogen las conclusiones y se apuntan futuras l\u00edneas de investigaci\u00f3n.  por \u00faltimo se incluye la bibliograf\u00eda utilizada y los anexos.<\/p>\n<p>&nbsp;<\/p>\n<h3>Datos acad\u00e9micos de la tesis doctoral \u00ab<strong>An\u00e1lisis de la formaci\u00f3n profesional para el empleo y su implicaci\u00f3n en el mercado laboral de la ciudad de elche (alicante)<\/strong>\u00ab<\/h3>\n<ul>\n<li><strong>T\u00edtulo de la tesis:<\/strong>\u00a0 An\u00e1lisis de la formaci\u00f3n profesional para el empleo y su implicaci\u00f3n en el mercado laboral de la ciudad de elche (alicante) <\/li>\n<li><strong>Autor:<\/strong>\u00a0 Jos\u00e9 Mar\u00eda Sola Reche <\/li>\n<li><strong>Universidad:<\/strong>\u00a0 Granada<\/li>\n<li><strong>Fecha de lectura de la tesis:<\/strong>\u00a0 03\/11\/2010<\/li>\n<\/ul>\n<p>&nbsp;<\/p>\n<h3>Direcci\u00f3n y tribunal<\/h3>\n<ul>\n<li><strong>Director de la tesis<\/strong>\n<ul>\n<li>Manuel Lorenzo Delgado<\/li>\n<\/ul>\n<\/li>\n<li><strong>Tribunal<\/strong>\n<ul>\n<li>Presidente del tribunal: quintina Mart\u00edn moreno <\/li>\n<li>olga Mar\u00eda Alegre de la rosa (vocal)<\/li>\n<li>Francisco Javier Hinojo lucena (vocal)<\/li>\n<li>M\u00aa dolores Fernandez perez (vocal)<\/li>\n<\/ul>\n<\/li>\n<\/ul>\n<p>&nbsp;<\/p>\n","protected":false},"excerpt":{"rendered":"<p>Tesis doctoral de Jos\u00e9 Mar\u00eda Sola Reche Esta tesis doctoral analiza y describe los cursos impartidos de formaci\u00f3n profesional para [&hellip;]<\/p>\n","protected":false},"author":1,"featured_media":0,"comment_status":"open","ping_status":"open","sticky":false,"template":"","format":"standard","meta":{"site-sidebar-layout":"default","site-content-layout":"","ast-site-content-layout":"","site-content-style":"default","site-sidebar-style":"default","ast-global-header-display":"","ast-banner-title-visibility":"","ast-main-header-display":"","ast-hfb-above-header-display":"","ast-hfb-below-header-display":"","ast-hfb-mobile-header-display":"","site-post-title":"","ast-breadcrumbs-content":"","ast-featured-img":"","footer-sml-layout":"","theme-transparent-header-meta":"","adv-header-id-meta":"","stick-header-meta":"","header-above-stick-meta":"","header-main-stick-meta":"","header-below-stick-meta":"","astra-migrate-meta-layouts":"default","ast-page-background-enabled":"default","ast-page-background-meta":{"desktop":{"background-color":"var(--ast-global-color-4)","background-image":"","background-repeat":"repeat","background-position":"center center","background-size":"auto","background-attachment":"scroll","background-type":"","background-media":"","overlay-type":"","overlay-color":"","overlay-gradient":""},"tablet":{"background-color":"","background-image":"","background-repeat":"repeat","background-position":"center center","background-size":"auto","background-attachment":"scroll","background-type":"","background-media":"","overlay-type":"","overlay-color":"","overlay-gradient":""},"mobile":{"background-color":"","background-image":"","background-repeat":"repeat","background-position":"center center","background-size":"auto","background-attachment":"scroll","background-type":"","background-media":"","overlay-type":"","overlay-color":"","overlay-gradient":""}},"ast-content-background-meta":{"desktop":{"background-color":"var(--ast-global-color-5)","background-image":"","background-repeat":"repeat","background-position":"center center","background-size":"auto","background-attachment":"scroll","background-type":"","background-media":"","overlay-type":"","overlay-color":"","overlay-gradient":""},"tablet":{"background-color":"var(--ast-global-color-5)","background-image":"","background-repeat":"repeat","background-position":"center center","background-size":"auto","background-attachment":"scroll","background-type":"","background-media":"","overlay-type":"","overlay-color":"","overlay-gradient":""},"mobile":{"background-color":"var(--ast-global-color-5)","background-image":"","background-repeat":"repeat","background-position":"center center","background-size":"auto","background-attachment":"scroll","background-type":"","background-media":"","overlay-type":"","overlay-color":"","overlay-gradient":""}},"footnotes":""},"categories":[24023,1183],"tags":[148295,211426,8686,204466,37754,81153],"class_list":["post-104645","post","type-post","status-publish","format-standard","hentry","category-desempleo","category-formacion-profesional","tag-francisco-javier-hinojo-lucena","tag-jose-maria-sola-reche","tag-manuel-lorenzo-delgado","tag-ma-dolores-fernandez-perez","tag-olga-maria-alegre-de-la-rosa","tag-quintina-martin-moreno"],"_links":{"self":[{"href":"https:\/\/www.deberes.net\/tesis\/wp-json\/wp\/v2\/posts\/104645","targetHints":{"allow":["GET"]}}],"collection":[{"href":"https:\/\/www.deberes.net\/tesis\/wp-json\/wp\/v2\/posts"}],"about":[{"href":"https:\/\/www.deberes.net\/tesis\/wp-json\/wp\/v2\/types\/post"}],"author":[{"embeddable":true,"href":"https:\/\/www.deberes.net\/tesis\/wp-json\/wp\/v2\/users\/1"}],"replies":[{"embeddable":true,"href":"https:\/\/www.deberes.net\/tesis\/wp-json\/wp\/v2\/comments?post=104645"}],"version-history":[{"count":0,"href":"https:\/\/www.deberes.net\/tesis\/wp-json\/wp\/v2\/posts\/104645\/revisions"}],"wp:attachment":[{"href":"https:\/\/www.deberes.net\/tesis\/wp-json\/wp\/v2\/media?parent=104645"}],"wp:term":[{"taxonomy":"category","embeddable":true,"href":"https:\/\/www.deberes.net\/tesis\/wp-json\/wp\/v2\/categories?post=104645"},{"taxonomy":"post_tag","embeddable":true,"href":"https:\/\/www.deberes.net\/tesis\/wp-json\/wp\/v2\/tags?post=104645"}],"curies":[{"name":"wp","href":"https:\/\/api.w.org\/{rel}","templated":true}]}}