{"id":104706,"date":"2010-05-11T00:00:00","date_gmt":"2010-05-11T00:00:00","guid":{"rendered":"https:\/\/www.deberes.net\/tesis\/sin-categoria\/los-derechos-colectivos-del-juez-un-estudio-de-derecho-positivo-comparado-europeo-y-norteamericano-con-el-derecho-positivo-espanol\/"},"modified":"2010-05-11T00:00:00","modified_gmt":"2010-05-11T00:00:00","slug":"los-derechos-colectivos-del-juez-un-estudio-de-derecho-positivo-comparado-europeo-y-norteamericano-con-el-derecho-positivo-espanol","status":"publish","type":"post","link":"https:\/\/www.deberes.net\/tesis\/derecho-del-trabajo-y-de-la-seguridad-social\/los-derechos-colectivos-del-juez-un-estudio-de-derecho-positivo-comparado-europeo-y-norteamericano-con-el-derecho-positivo-espanol\/","title":{"rendered":"Los derechos colectivos del juez. un estudio de derecho positivo comparado, europeo y norteamericano, con el derecho positivo espa\u00f1ol"},"content":{"rendered":"<h2>Tesis doctoral de <strong> Lara Mar\u00eda Mun\u00edn S\u00e1nchez <\/strong><\/h2>\n<p>En esta tesis doctoral se investiga un tema todav\u00eda novedoso: la existencia de derechos colectivos judiciales. El estudio parte de la distinci\u00f3n de tres grandes grupos de los derechos colectivos: la asociaci\u00f3n (comprendiendo la sindicaci\u00f3n), la negociaci\u00f3n colectiva y la huelga. Cada uno de ellos se analiza en tres planos: internacional, nacional y comparado. En el primero se pretende localizar la normativa existente y la posible referencia que a los miembros de la judicatura pudiese existir (tratados, convenios, acuerdos o resoluciones; sobre todo de la onu y oit), as\u00ed como las asociaciones judiciales internacionales. El segundo (referido al derecho espa\u00f1ol) investiga si le pueden ser atribuidos dichos derechos laborales a los jueces espa\u00f1oles, sus principales asociaciones, que protagonizaron las dos huelgas judiciales de 2009, y la naturaleza de sus \u00c2\u00abnegociaciones\u00c2\u00bb con el ministerio de justicia. Y el tercero se orienta a valorar (en una perspectiva del derecho comparado) las posibilidades que se ofrecen en los reg\u00edmenes jur\u00eddicos m\u00e1s significativos de la atribuci\u00f3n a los jueces de los mismos derechos colectivos, que han sido objeto de investigaci\u00f3n en los otros dos planos. Estos reg\u00edmenes son: italia, francia, portugal, gran breta\u00f1a y estados unidos de am\u00e9rica.<\/p>\n<p>&nbsp;<\/p>\n<h3>Datos acad\u00e9micos de la tesis doctoral \u00ab<strong>Los derechos colectivos del juez. un estudio de derecho positivo comparado, europeo y norteamericano, con el derecho positivo espa\u00f1ol<\/strong>\u00ab<\/h3>\n<ul>\n<li><strong>T\u00edtulo de la tesis:<\/strong>\u00a0 Los derechos colectivos del juez. un estudio de derecho positivo comparado, europeo y norteamericano, con el derecho positivo espa\u00f1ol <\/li>\n<li><strong>Autor:<\/strong>\u00a0 Lara Mar\u00eda Mun\u00edn S\u00e1nchez <\/li>\n<li><strong>Universidad:<\/strong>\u00a0 A coru\u00f1a<\/li>\n<li><strong>Fecha de lectura de la tesis:<\/strong>\u00a0 05\/11\/2010<\/li>\n<\/ul>\n<p>&nbsp;<\/p>\n<h3>Direcci\u00f3n y tribunal<\/h3>\n<ul>\n<li><strong>Director de la tesis<\/strong>\n<ul>\n<li>Alberto Arufe Varela<\/li>\n<\/ul>\n<\/li>\n<li><strong>Tribunal<\/strong>\n<ul>\n<li>Presidente del tribunal: germ\u00e1n jos\u00e9 Barreiro gonz\u00e1lez <\/li>\n<li>Jes\u00fas Palmou lorenzo (vocal)<\/li>\n<li>Jos\u00e9 Mar\u00eda Botana l\u00f3pez (vocal)<\/li>\n<li>Javier Garate castro (vocal)<\/li>\n<\/ul>\n<\/li>\n<\/ul>\n<p>&nbsp;<\/p>\n","protected":false},"excerpt":{"rendered":"<p>Tesis doctoral de Lara Mar\u00eda Mun\u00edn S\u00e1nchez En esta tesis doctoral se investiga un tema todav\u00eda novedoso: la existencia de [&hellip;]<\/p>\n","protected":false},"author":1,"featured_media":0,"comment_status":"open","ping_status":"open","sticky":false,"template":"","format":"standard","meta":{"site-sidebar-layout":"default","site-content-layout":"","ast-site-content-layout":"","site-content-style":"default","site-sidebar-style":"default","ast-global-header-display":"","ast-banner-title-visibility":"","ast-main-header-display":"","ast-hfb-above-header-display":"","ast-hfb-below-header-display":"","ast-hfb-mobile-header-display":"","site-post-title":"","ast-breadcrumbs-content":"","ast-featured-img":"","footer-sml-layout":"","theme-transparent-header-meta":"","adv-header-id-meta":"","stick-header-meta":"","header-above-stick-meta":"","header-main-stick-meta":"","header-below-stick-meta":"","astra-migrate-meta-layouts":"default","ast-page-background-enabled":"default","ast-page-background-meta":{"desktop":{"background-color":"var(--ast-global-color-4)","background-image":"","background-repeat":"repeat","background-position":"center center","background-size":"auto","background-attachment":"scroll","background-type":"","background-media":"","overlay-type":"","overlay-color":"","overlay-gradient":""},"tablet":{"background-color":"","background-image":"","background-repeat":"repeat","background-position":"center center","background-size":"auto","background-attachment":"scroll","background-type":"","background-media":"","overlay-type":"","overlay-color":"","overlay-gradient":""},"mobile":{"background-color":"","background-image":"","background-repeat":"repeat","background-position":"center center","background-size":"auto","background-attachment":"scroll","background-type":"","background-media":"","overlay-type":"","overlay-color":"","overlay-gradient":""}},"ast-content-background-meta":{"desktop":{"background-color":"var(--ast-global-color-5)","background-image":"","background-repeat":"repeat","background-position":"center center","background-size":"auto","background-attachment":"scroll","background-type":"","background-media":"","overlay-type":"","overlay-color":"","overlay-gradient":""},"tablet":{"background-color":"var(--ast-global-color-5)","background-image":"","background-repeat":"repeat","background-position":"center center","background-size":"auto","background-attachment":"scroll","background-type":"","background-media":"","overlay-type":"","overlay-color":"","overlay-gradient":""},"mobile":{"background-color":"var(--ast-global-color-5)","background-image":"","background-repeat":"repeat","background-position":"center center","background-size":"auto","background-attachment":"scroll","background-type":"","background-media":"","overlay-type":"","overlay-color":"","overlay-gradient":""}},"footnotes":""},"categories":[18576,4927,2170,5899],"tags":[136176,31978,24531,127368,197683,211518],"class_list":["post-104706","post","type-post","status-publish","format-standard","hentry","category-a-coruna","category-derecho-comparado","category-derecho-del-trabajo-y-de-la-seguridad-social","category-tribunales","tag-alberto-arufe-varela","tag-german-jose-barreiro-gonzalez","tag-javier-garate-castro","tag-jesus-palmou-lorenzo","tag-jose-maria-botana-lopez","tag-lara-maria-munin-sanchez"],"_links":{"self":[{"href":"https:\/\/www.deberes.net\/tesis\/wp-json\/wp\/v2\/posts\/104706","targetHints":{"allow":["GET"]}}],"collection":[{"href":"https:\/\/www.deberes.net\/tesis\/wp-json\/wp\/v2\/posts"}],"about":[{"href":"https:\/\/www.deberes.net\/tesis\/wp-json\/wp\/v2\/types\/post"}],"author":[{"embeddable":true,"href":"https:\/\/www.deberes.net\/tesis\/wp-json\/wp\/v2\/users\/1"}],"replies":[{"embeddable":true,"href":"https:\/\/www.deberes.net\/tesis\/wp-json\/wp\/v2\/comments?post=104706"}],"version-history":[{"count":0,"href":"https:\/\/www.deberes.net\/tesis\/wp-json\/wp\/v2\/posts\/104706\/revisions"}],"wp:attachment":[{"href":"https:\/\/www.deberes.net\/tesis\/wp-json\/wp\/v2\/media?parent=104706"}],"wp:term":[{"taxonomy":"category","embeddable":true,"href":"https:\/\/www.deberes.net\/tesis\/wp-json\/wp\/v2\/categories?post=104706"},{"taxonomy":"post_tag","embeddable":true,"href":"https:\/\/www.deberes.net\/tesis\/wp-json\/wp\/v2\/tags?post=104706"}],"curies":[{"name":"wp","href":"https:\/\/api.w.org\/{rel}","templated":true}]}}