{"id":104737,"date":"2010-06-11T00:00:00","date_gmt":"2010-06-11T00:00:00","guid":{"rendered":"https:\/\/www.deberes.net\/tesis\/sin-categoria\/la-tierra-de-campos-zamorana-organizacion-social-de-un-ambito-comarcal-en-la-edad-media-siglos-x-xv\/"},"modified":"2010-06-11T00:00:00","modified_gmt":"2010-06-11T00:00:00","slug":"la-tierra-de-campos-zamorana-organizacion-social-de-un-ambito-comarcal-en-la-edad-media-siglos-x-xv","status":"publish","type":"post","link":"https:\/\/www.deberes.net\/tesis\/historia-medieval\/la-tierra-de-campos-zamorana-organizacion-social-de-un-ambito-comarcal-en-la-edad-media-siglos-x-xv\/","title":{"rendered":"La tierra de campos zamorana: organizaci\u00f3n social de un \u00e1mbito comarcal en la edad media (siglos x-xv)"},"content":{"rendered":"<h2>Tesis doctoral de <strong> C\u00e9sar Guti\u00e9rrez Vidal <\/strong><\/h2>\n<p>El trabajo pretende analizar la sociedad medieval a trav\u00e9s del paradigma comarcal de la tierra de campos zamorana, utilizando una metodolog\u00eda basada en la organizaci\u00f3n social del espacio y en la larga duraci\u00f3n (entre los siglos x y xv). mediante esta perspectiva se ha confirmado la hip\u00f3tesis de una continua evoluci\u00f3n social (en el sentido de continuas transformaciones, que no tiene por qu\u00e9 ser igual a progreso), frente a los cambios bruscos, que se manifiesta tanto en el poblamiento de la regi\u00f3n -organizaci\u00f3n del espacio agrario, despoblaci\u00f3n- como en la propia evoluci\u00f3n social -transici\u00f3n hacia la feudalizaci\u00f3n, transformaciones del se\u00f1or\u00edo-.     de la misma manera el estudio pretend\u00eda superar algunos t\u00f3picos y paradigmas que han estado, hasta hace bien poco, bastante arraigados en nuestra historiograf\u00eda. As\u00ed, desde el punto de vista de la continuidad del poblamiento en la cuenca del duero, se habla de control, ocupaci\u00f3n y reorganizaci\u00f3n, en vez de reconquista, colonizaci\u00f3n y repoblaci\u00f3n.      partiendo de esa base, la combinaci\u00f3n de la larga duraci\u00f3n y la organizaci\u00f3n social del espacio, permite observar algunas tendencias en el poblamiento de la comarca, extensibles al conjunto de la regi\u00f3n. Esas tendencias generales del poblamiento estar\u00edan caracterizadas por la expansi\u00f3n, la concentraci\u00f3n y la jerarquizaci\u00f3n.      el nacimiento de la aldea podr\u00eda ser considerado el punto de partida de una evoluci\u00f3n que tuvo lugar en el poblamiento a lo largo de toda la edad media, cuyo resultado fue la progresiva concentraci\u00f3n del h\u00e1bitat, desde una dispersi\u00f3n bastante acentuada en la alta edad media, hacia una cada vez mayor concentraci\u00f3n, auspiciada fundamentalmente por la monarqu\u00eda a trav\u00e9s de la fundaci\u00f3n de villas reales -tambi\u00e9n por los se\u00f1ores a trav\u00e9s de villas nuevas-, acentuada por la progresiva despoblaci\u00f3n de lugares -sobre todo en la baja edad media-, cuyos pobladores ir\u00edan a parar a esos otros n\u00facleos cercanos de mayor entidad.     la verificaci\u00f3n de esta din\u00e1mica, en relaci\u00f3n con el estudio del poblamiento, no es sino el reflejo de la evoluci\u00f3n social que se estaba produciendo en la regi\u00f3n. En primer lugar, a\u00fan a falta de un trabajo arqueol\u00f3gico de mayor calado, parece completamente aceptada la continuidad poblacional en el valle del duero, frente a un surgimiento ex novo durante la colonizaci\u00f3n. Y ser\u00eda a partir de esta continuidad de donde arranca el proceso de feudalizaci\u00f3n, pero desde el interior, no como resultado de la disoluci\u00f3n del orden gentilicio en el norte de la pen\u00ednsula. As\u00ed, ser\u00eda en el conjunto de villas, articuladas en territorios, con un centro que ejercer\u00eda de cabeza del territorio, donde se observa el inicio del proceso. \u00e9stas ser\u00edan comunidades firmemente asentadas, que ocupaban el espacio, con el respaldo y bajo la jerarqu\u00eda de ese centro principal, aunque no se dar\u00eda a\u00fan una organizaci\u00f3n pol\u00edtico-administrativa, ni un poder real fuerte sobre la zona. A partir de ah\u00ed se iniciaba el proceso de feudalizaci\u00f3n, de jerarquizaci\u00f3n interna de las comunidades. En \u00e9l fueron fundamentales los factores end\u00f3genos, que contribuyeron a la disoluci\u00f3n de las antiguas estructuras sociales, sobre todo, la aparici\u00f3n de peque\u00f1as comunidades mon\u00e1sticas, inicialmente independientes, pero que luego pasar\u00e1n a depender de otros grandes centros mon\u00e1sticos. Paralelamente se produjo el surgimiento en el interior de las comunidades de una clase de propietarios, que fueron acumulando un patrimonio importante, lo que les situaba en una posici\u00f3n econ\u00f3mica superior al resto de la comunidad.     el propio grupo de propietarios favoreci\u00f3 la injerencia paulatina de poderes externos en la comunidad, ya que \u00e9stos les serv\u00edan de puntos de referencia frente al poder comunitario, grupal, lo que contribuy\u00f3 igualmente a la consolidaci\u00f3n del proceso de feudalizaci\u00f3n. M\u00e1s tarde, esta aristocracia local participar\u00eda en el control de los mecanismos de poder, suministrando al poder central una serie de oficiales menores, que en virtud del ejercicio del cargo, elevaban su estatus personal.      la evoluci\u00f3n posterior que sufre la organizaci\u00f3n social, pol\u00edtico-administrativa y territorial, en \u00e9poca feudal, de nuevo es paralela a la del poblamiento. Partimos de una organizaci\u00f3n del territorio, en \u00e9poca altomedieval, caracterizada por la vinculaci\u00f3n de la mayor parte de territorios a antiguos castros o centros fortificados, y el af\u00e1n jerarquizador en aquellos espacios, debido a la pervivencia de esquemas anteriores a la reorganizaci\u00f3n del territorio. El esquema estar\u00eda constituido, b\u00e1sicamente, por el binomio entidades supralocales-asentamientos concretos.     de forma paralela a la vertebraci\u00f3n social y pol\u00edtico-administrativa del territorio, se estaba desarrollando una nueva organizaci\u00f3n eclesi\u00e1stica, articulada en torno a las parroquias y los obispados, aunque en el mismo contexto que la reorganizaci\u00f3n territorial, auspiciada en buena medida por la monarqu\u00eda. La configuraci\u00f3n definitiva de esta organizaci\u00f3n se producir\u00eda con la implantaci\u00f3n de las di\u00f3cesis, a partir del siglo xii. Aunque este proceso se desarrollar\u00eda tambi\u00e9n en un contexto com\u00fan al resto del occidente europeo, para mejorar el control episcopal de las iglesias y las di\u00f3cesis, en un movimiento reformador que pretend\u00eda sustraer las iglesias de la influencia de los laicos, la reforma gregoriana.     finalmente, la organizaci\u00f3n se\u00f1orial vendr\u00eda a completar un panorama muy complejo, entrelaz\u00e1ndose las distintas jurisdicciones en un mismo espacio, manifestando la existencia de diferentes poderes que actuaban sobre \u00e9l: el rey, sus representantes, las jerarqu\u00edas eclesi\u00e1sticas, la nobleza, los concejos.       en cada una de las etapas analizadas se analiza con mayor profundidad la evoluci\u00f3n del dominio territorial y el se\u00f1or\u00edo solariego, con una primera fase de formaci\u00f3n, hasta el siglo xi; luego, entre mediados del siglo xi y el siglo xiii se producir\u00eda la consolidaci\u00f3n de la gran propiedad y de los grandes linajes leoneses; y, por \u00faltimo, los siglos xiv y xv, que ser\u00eda un periodo caracterizado por la se\u00f1orializaci\u00f3n.      m\u00e1s all\u00e1 del realengo-abadengo-solariego-behetr\u00eda -categor\u00edas que responden a un cariz puramente metodol\u00f3gico-, el se\u00f1or\u00edo se presenta como una realidad m\u00e1s compleja, donde predomina el condominio. Adem\u00e1s, se asumen otras variables, igualmente relevantes: la articulaci\u00f3n del se\u00f1or\u00edo a una escala supralocal, no s\u00f3lo local; la coexistencia de diversas realidades, con se\u00f1ores singulares y diviseros; el dominio se\u00f1orial sobre propiedades y dependientes en alguna aldea y, por encima, el se\u00f1or\u00edo jurisdiccional del rey sobre todos los vasallos; el que en una aldea o alfoz de realengo pod\u00eda haber vasallos de otro se\u00f1or; en fin, la coexistencia entre el realengo y el se\u00f1or\u00edo del rey, las behetr\u00edas y el se\u00f1or\u00edo pleno o exclusivo solariego o abadengo.     este elevado grado de fragmentaci\u00f3n del se\u00f1or\u00edo llevaba aparejada la constante amenaza para los se\u00f1ores de la movilidad campesina. De ah\u00ed las continuas disposiciones en contra de la misma, fundamentalmente a partir de la curia de villalpando, de 1089, o las subsiguientes de benavente en 1181, 1202 y 1228.  en todo caso, desde mediados del siglo xi, aproximadamente, hab\u00edan comenzado a implantarse, de forma generalizada, relaciones de dependencia en el tejido social leon\u00e9s, aunque resulte bastante complejo definir con claridad la situaci\u00f3n espec\u00edfica de los distintos grupos de hombres dependientes, en virtud de criterios de movilidad y libre disposici\u00f3n de bienes, con innumerables situaciones intermedias.      en relaci\u00f3n con todos estos aspectos, tambi\u00e9n el estudio presenta alguna particularidad, como es la de su aprehensi\u00f3n a partir de los derechos o bienes situados en este \u00e1mbito geogr\u00e1fico particular, el de la tierra de campos zamorana, y no, como suele ser habitual, a partir del an\u00e1lisis de algunos linajes, ramas familiares, patrimonios mon\u00e1sticos, etc.      la conclusi\u00f3n final ser\u00eda la diversidad y multiplicidad se\u00f1orial. En un principio, predominaron los se\u00f1ores eclesi\u00e1sticos, y entre ellos, los episcopales, para pasar luego, en la baja edad media, a un predominio de los se\u00f1or\u00edos nobiliarios. Los se\u00f1ores eclesi\u00e1sticos adquirieron un mayor protagonismo y relevancia, desde el punto de vista se\u00f1orial, al disponer de numerosos espacios acotados, que sobresal\u00edan tanto por sus dimensiones como por su importancia.<\/p>\n<p>&nbsp;<\/p>\n<h3>Datos acad\u00e9micos de la tesis doctoral \u00ab<strong>La tierra de campos zamorana: organizaci\u00f3n social de un \u00e1mbito comarcal en la edad media (siglos x-xv)<\/strong>\u00ab<\/h3>\n<ul>\n<li><strong>T\u00edtulo de la tesis:<\/strong>\u00a0 La tierra de campos zamorana: organizaci\u00f3n social de un \u00e1mbito comarcal en la edad media (siglos x-xv) <\/li>\n<li><strong>Autor:<\/strong>\u00a0 C\u00e9sar Guti\u00e9rrez Vidal <\/li>\n<li><strong>Universidad:<\/strong>\u00a0 Valladolid<\/li>\n<li><strong>Fecha de lectura de la tesis:<\/strong>\u00a0 06\/11\/2010<\/li>\n<\/ul>\n<p>&nbsp;<\/p>\n<h3>Direcci\u00f3n y tribunal<\/h3>\n<ul>\n<li><strong>Director de la tesis<\/strong>\n<ul>\n<li>Juan  Carlos Mart\u00edn Cea<\/li>\n<\/ul>\n<\/li>\n<li><strong>Tribunal<\/strong>\n<ul>\n<li>Presidente del tribunal: Mar\u00eda  isabel Del val valdivieso <\/li>\n<li>i\u00f1aki Martin viso (vocal)<\/li>\n<li>ignacio \u00e1lvarez borge (vocal)<\/li>\n<li>hip\u00f3lito Rafael Oliva herrer (vocal)<\/li>\n<\/ul>\n<\/li>\n<\/ul>\n<p>&nbsp;<\/p>\n","protected":false},"excerpt":{"rendered":"<p>Tesis doctoral de C\u00e9sar Guti\u00e9rrez Vidal El trabajo pretende analizar la sociedad medieval a trav\u00e9s del paradigma comarcal de la [&hellip;]<\/p>\n","protected":false},"author":1,"featured_media":0,"comment_status":"open","ping_status":"open","sticky":false,"template":"","format":"standard","meta":{"site-sidebar-layout":"default","site-content-layout":"","ast-site-content-layout":"","site-content-style":"default","site-sidebar-style":"default","ast-global-header-display":"","ast-banner-title-visibility":"","ast-main-header-display":"","ast-hfb-above-header-display":"","ast-hfb-below-header-display":"","ast-hfb-mobile-header-display":"","site-post-title":"","ast-breadcrumbs-content":"","ast-featured-img":"","footer-sml-layout":"","theme-transparent-header-meta":"","adv-header-id-meta":"","stick-header-meta":"","header-above-stick-meta":"","header-main-stick-meta":"","header-below-stick-meta":"","astra-migrate-meta-layouts":"default","ast-page-background-enabled":"default","ast-page-background-meta":{"desktop":{"background-color":"var(--ast-global-color-4)","background-image":"","background-repeat":"repeat","background-position":"center center","background-size":"auto","background-attachment":"scroll","background-type":"","background-media":"","overlay-type":"","overlay-color":"","overlay-gradient":""},"tablet":{"background-color":"","background-image":"","background-repeat":"repeat","background-position":"center center","background-size":"auto","background-attachment":"scroll","background-type":"","background-media":"","overlay-type":"","overlay-color":"","overlay-gradient":""},"mobile":{"background-color":"","background-image":"","background-repeat":"repeat","background-position":"center center","background-size":"auto","background-attachment":"scroll","background-type":"","background-media":"","overlay-type":"","overlay-color":"","overlay-gradient":""}},"ast-content-background-meta":{"desktop":{"background-color":"var(--ast-global-color-5)","background-image":"","background-repeat":"repeat","background-position":"center center","background-size":"auto","background-attachment":"scroll","background-type":"","background-media":"","overlay-type":"","overlay-color":"","overlay-gradient":""},"tablet":{"background-color":"var(--ast-global-color-5)","background-image":"","background-repeat":"repeat","background-position":"center center","background-size":"auto","background-attachment":"scroll","background-type":"","background-media":"","overlay-type":"","overlay-color":"","overlay-gradient":""},"mobile":{"background-color":"var(--ast-global-color-5)","background-image":"","background-repeat":"repeat","background-position":"center center","background-size":"auto","background-attachment":"scroll","background-type":"","background-media":"","overlay-type":"","overlay-color":"","overlay-gradient":""}},"footnotes":""},"categories":[119,981,12451],"tags":[211565,211568,211567,103296,211566,12717],"class_list":["post-104737","post","type-post","status-publish","format-standard","hentry","category-historia-medieval","category-historia-regional","category-valladolid","tag-cesar-gutierrez-vidal","tag-hipolito-rafael-oliva-herrer","tag-ignacio-alvarez-borge","tag-inaki-martin-viso","tag-juan-carlos-martin-cea","tag-maria-isabel-del-val-valdivieso"],"_links":{"self":[{"href":"https:\/\/www.deberes.net\/tesis\/wp-json\/wp\/v2\/posts\/104737","targetHints":{"allow":["GET"]}}],"collection":[{"href":"https:\/\/www.deberes.net\/tesis\/wp-json\/wp\/v2\/posts"}],"about":[{"href":"https:\/\/www.deberes.net\/tesis\/wp-json\/wp\/v2\/types\/post"}],"author":[{"embeddable":true,"href":"https:\/\/www.deberes.net\/tesis\/wp-json\/wp\/v2\/users\/1"}],"replies":[{"embeddable":true,"href":"https:\/\/www.deberes.net\/tesis\/wp-json\/wp\/v2\/comments?post=104737"}],"version-history":[{"count":0,"href":"https:\/\/www.deberes.net\/tesis\/wp-json\/wp\/v2\/posts\/104737\/revisions"}],"wp:attachment":[{"href":"https:\/\/www.deberes.net\/tesis\/wp-json\/wp\/v2\/media?parent=104737"}],"wp:term":[{"taxonomy":"category","embeddable":true,"href":"https:\/\/www.deberes.net\/tesis\/wp-json\/wp\/v2\/categories?post=104737"},{"taxonomy":"post_tag","embeddable":true,"href":"https:\/\/www.deberes.net\/tesis\/wp-json\/wp\/v2\/tags?post=104737"}],"curies":[{"name":"wp","href":"https:\/\/api.w.org\/{rel}","templated":true}]}}