{"id":104766,"date":"2010-10-11T00:00:00","date_gmt":"2010-10-11T00:00:00","guid":{"rendered":"https:\/\/www.deberes.net\/tesis\/sin-categoria\/nueva-concepcion-del-sonido-audiovisual-y-los-efectos-expresivos-en-elcine-contemporaneo\/"},"modified":"2010-10-11T00:00:00","modified_gmt":"2010-10-11T00:00:00","slug":"nueva-concepcion-del-sonido-audiovisual-y-los-efectos-expresivos-en-elcine-contemporaneo","status":"publish","type":"post","link":"https:\/\/www.deberes.net\/tesis\/sociologia\/nueva-concepcion-del-sonido-audiovisual-y-los-efectos-expresivos-en-elcine-contemporaneo\/","title":{"rendered":"Nueva concepci\u00f3n del sonido audiovisual y los efectos expresivos en elcine contempor\u00e1neo"},"content":{"rendered":"<h2>Tesis doctoral de <strong> V\u00edctor Arranz Esteban <\/strong><\/h2>\n<p>El cine cl\u00e1sico fij\u00f3 de forma admirable las bases de una narrativa encaminada a la consecuci\u00f3n de un relato transparente, f\u00e1cilmente comprensible y, en apariencia, no dirigido. El sonido, como el resto de elementos del discurso audiovisual, fomentaba  la accesibilidad del espectador al sentido de la narraci\u00f3n desde una aportaci\u00f3n invisible. Hoy d\u00eda, esa transparencia ha dejado paso a un discurso de signo opuesto en el que el sonido, al igual que el resto de elementos integrantes del mismo, se rev ela como un valioso recurso con el que dar forma a un relato heterog\u00e9neo, de sentido abierto y cada vez m\u00e1s sensorial.   \tla mayor parte de los estudios sobre sonido cinematogr\u00e1fico se centra en el an\u00e1lisis de una concepci\u00f3n sonora que contin\u00faa aplic ando los grandes hallazgos del cine cl\u00e1sico en esta materia. Este espacio te\u00f3rico parece por tanto poco adecuado para abordar la labor de un amplio grupo de directores, m\u00fasicos y dise\u00f1adores que est\u00e1n cambiando de forma decisiva la manera de narrar d esde el sonido.   \teste estudio intenta as\u00ed responder a la necesidad de definir nuevos rasgos que ofrezcan un enfoque te\u00f3rico alternativo sobre el tema. Para ello, el presente trabajo analiza en primer lugar los importantes cambios sociales y econ\u00f3mi cos producidos desde finales de los sesenta, as\u00ed como los m\u00e1s recientes giros tecnol\u00f3gicos y musicales que han transformado de forma decisiva en las \u00faltimas d\u00e9cadas el tratamiento sonoro en el audiovisual. En segundo lugar, en lo que constituye la pa rte central del estudio, se formulan los rasgos que hemos considerado representativos de esta nueva concepci\u00f3n, caracterizada por la b\u00fasqueda de una idea sonora global (frente al trabajo aislado y la posterior adici\u00f3n de los tres elementos de la band a de sonido propia del modelo cl\u00e1sico), as\u00ed como se analizan los efectos expresivos de este nuevo concepto sonoro en el cine contempor\u00e1neo. Por \u00faltimo y en tercer lugar, se estudian los inconvenientes que encontramos en la evoluci\u00f3n hacia este nuevo concepto; la mayor parte de ellos, con origen en las importantes mejoras t\u00e9cnicas experimentadas por los procesos de producci\u00f3n.<\/p>\n<p>&nbsp;<\/p>\n<h3>Datos acad\u00e9micos de la tesis doctoral \u00ab<strong>Nueva concepci\u00f3n del sonido audiovisual y los efectos expresivos en elcine contempor\u00e1neo<\/strong>\u00ab<\/h3>\n<ul>\n<li><strong>T\u00edtulo de la tesis:<\/strong>\u00a0 Nueva concepci\u00f3n del sonido audiovisual y los efectos expresivos en elcine contempor\u00e1neo <\/li>\n<li><strong>Autor:<\/strong>\u00a0 V\u00edctor Arranz Esteban <\/li>\n<li><strong>Universidad:<\/strong>\u00a0 Complutense de Madrid<\/li>\n<li><strong>Fecha de lectura de la tesis:<\/strong>\u00a0 10\/11\/2010<\/li>\n<\/ul>\n<p>&nbsp;<\/p>\n<h3>Direcci\u00f3n y tribunal<\/h3>\n<ul>\n<li><strong>Director de la tesis<\/strong>\n<ul>\n<li>Jes\u00fas Alcalde De Isla<\/li>\n<\/ul>\n<\/li>\n<li><strong>Tribunal<\/strong>\n<ul>\n<li>Presidente del tribunal: Francisco Garc\u00eda Garc\u00eda <\/li>\n<li>alfonso Palaz\u00f3n meseguer (vocal)<\/li>\n<li>Ana Mar\u00eda Sede\u00f1o valdellos (vocal)<\/li>\n<li>ivan Pintor iranzo (vocal)<\/li>\n<\/ul>\n<\/li>\n<\/ul>\n<p>&nbsp;<\/p>\n","protected":false},"excerpt":{"rendered":"<p>Tesis doctoral de V\u00edctor Arranz Esteban El cine cl\u00e1sico fij\u00f3 de forma admirable las bases de una narrativa encaminada a [&hellip;]<\/p>\n","protected":false},"author":1,"featured_media":0,"comment_status":"open","ping_status":"open","sticky":false,"template":"","format":"standard","meta":{"site-sidebar-layout":"default","site-content-layout":"","ast-site-content-layout":"","site-content-style":"default","site-sidebar-style":"default","ast-global-header-display":"","ast-banner-title-visibility":"","ast-main-header-display":"","ast-hfb-above-header-display":"","ast-hfb-below-header-display":"","ast-hfb-mobile-header-display":"","site-post-title":"","ast-breadcrumbs-content":"","ast-featured-img":"","footer-sml-layout":"","theme-transparent-header-meta":"","adv-header-id-meta":"","stick-header-meta":"","header-above-stick-meta":"","header-main-stick-meta":"","header-below-stick-meta":"","astra-migrate-meta-layouts":"default","ast-page-background-enabled":"default","ast-page-background-meta":{"desktop":{"background-color":"var(--ast-global-color-4)","background-image":"","background-repeat":"repeat","background-position":"center center","background-size":"auto","background-attachment":"scroll","background-type":"","background-media":"","overlay-type":"","overlay-color":"","overlay-gradient":""},"tablet":{"background-color":"","background-image":"","background-repeat":"repeat","background-position":"center center","background-size":"auto","background-attachment":"scroll","background-type":"","background-media":"","overlay-type":"","overlay-color":"","overlay-gradient":""},"mobile":{"background-color":"","background-image":"","background-repeat":"repeat","background-position":"center center","background-size":"auto","background-attachment":"scroll","background-type":"","background-media":"","overlay-type":"","overlay-color":"","overlay-gradient":""}},"ast-content-background-meta":{"desktop":{"background-color":"var(--ast-global-color-5)","background-image":"","background-repeat":"repeat","background-position":"center center","background-size":"auto","background-attachment":"scroll","background-type":"","background-media":"","overlay-type":"","overlay-color":"","overlay-gradient":""},"tablet":{"background-color":"var(--ast-global-color-5)","background-image":"","background-repeat":"repeat","background-position":"center center","background-size":"auto","background-attachment":"scroll","background-type":"","background-media":"","overlay-type":"","overlay-color":"","overlay-gradient":""},"mobile":{"background-color":"var(--ast-global-color-5)","background-image":"","background-repeat":"repeat","background-position":"center center","background-size":"auto","background-attachment":"scroll","background-type":"","background-media":"","overlay-type":"","overlay-color":"","overlay-gradient":""}},"footnotes":""},"categories":[986,269],"tags":[39096,72076,7470,141257,74748,211613],"class_list":["post-104766","post","type-post","status-publish","format-standard","hentry","category-complutense-de-madrid","category-sociologia","tag-alfonso-palazon-meseguer","tag-ana-maria-sedeno-valdellos","tag-francisco-garcia-garcia","tag-ivan-pintor-iranzo","tag-jesus-alcalde-de-isla","tag-victor-arranz-esteban"],"_links":{"self":[{"href":"https:\/\/www.deberes.net\/tesis\/wp-json\/wp\/v2\/posts\/104766","targetHints":{"allow":["GET"]}}],"collection":[{"href":"https:\/\/www.deberes.net\/tesis\/wp-json\/wp\/v2\/posts"}],"about":[{"href":"https:\/\/www.deberes.net\/tesis\/wp-json\/wp\/v2\/types\/post"}],"author":[{"embeddable":true,"href":"https:\/\/www.deberes.net\/tesis\/wp-json\/wp\/v2\/users\/1"}],"replies":[{"embeddable":true,"href":"https:\/\/www.deberes.net\/tesis\/wp-json\/wp\/v2\/comments?post=104766"}],"version-history":[{"count":0,"href":"https:\/\/www.deberes.net\/tesis\/wp-json\/wp\/v2\/posts\/104766\/revisions"}],"wp:attachment":[{"href":"https:\/\/www.deberes.net\/tesis\/wp-json\/wp\/v2\/media?parent=104766"}],"wp:term":[{"taxonomy":"category","embeddable":true,"href":"https:\/\/www.deberes.net\/tesis\/wp-json\/wp\/v2\/categories?post=104766"},{"taxonomy":"post_tag","embeddable":true,"href":"https:\/\/www.deberes.net\/tesis\/wp-json\/wp\/v2\/tags?post=104766"}],"curies":[{"name":"wp","href":"https:\/\/api.w.org\/{rel}","templated":true}]}}