{"id":104774,"date":"2010-10-11T00:00:00","date_gmt":"2010-10-11T00:00:00","guid":{"rendered":"https:\/\/www.deberes.net\/tesis\/sin-categoria\/modelo-estada%c2%adstico-de-evaluacion-de-los-servicios-publicos-locales-mediante-la-aplicacion-del-paradigma-intencional\/"},"modified":"2010-10-11T00:00:00","modified_gmt":"2010-10-11T00:00:00","slug":"modelo-estada%c2%adstico-de-evaluacion-de-los-servicios-publicos-locales-mediante-la-aplicacion-del-paradigma-intencional","status":"publish","type":"post","link":"https:\/\/www.deberes.net\/tesis\/servicios-publicos\/modelo-estada%c2%adstico-de-evaluacion-de-los-servicios-publicos-locales-mediante-la-aplicacion-del-paradigma-intencional\/","title":{"rendered":"Modelo estad\u00edstico de evaluaci\u00f3n de los servicios publicos locales mediante la aplicacion del paradigma intencional"},"content":{"rendered":"<h2>Tesis doctoral de <strong> Ana Carreras Franco <\/strong><\/h2>\n<p>Desarrollo y validaci\u00f3n de una metodolog\u00eda para evaluar la calidad de los servicios locales, desde el punto de vista del ciudadano, basada en la aproximaci\u00f3n por variables latentes y el modelado de ecuaciones estructurales, con capacidad estrat\u00e9gica para orientar las acciones de mejora.  incluir\u00e1 la formulaci\u00f3n te\u00f3rica de los conceptos relevantes, el modelo causal de impactos, la construcci\u00f3n de las escalas de medida y el an\u00e1lisis para la validaci\u00f3n del modelo completo a partir de datos reales de una encuesta a residentes en municipios de Valencia<\/p>\n<p>&nbsp;<\/p>\n<h3>Datos acad\u00e9micos de la tesis doctoral \u00ab<strong>Modelo estad\u00edstico de evaluaci\u00f3n de los servicios publicos locales mediante la aplicacion del paradigma intencional<\/strong>\u00ab<\/h3>\n<ul>\n<li><strong>T\u00edtulo de la tesis:<\/strong>\u00a0 Modelo estad\u00edstico de evaluaci\u00f3n de los servicios publicos locales mediante la aplicacion del paradigma intencional <\/li>\n<li><strong>Autor:<\/strong>\u00a0 Ana Carreras Franco <\/li>\n<li><strong>Universidad:<\/strong>\u00a0 San pablo-ceu<\/li>\n<li><strong>Fecha de lectura de la tesis:<\/strong>\u00a0 10\/11\/2010<\/li>\n<\/ul>\n<p>&nbsp;<\/p>\n<h3>Direcci\u00f3n y tribunal<\/h3>\n<ul>\n<li><strong>Director de la tesis<\/strong>\n<ul>\n<li>Enrique Carreras Romero<\/li>\n<\/ul>\n<\/li>\n<li><strong>Tribunal<\/strong>\n<ul>\n<li>Presidente del tribunal: Francisco javier Martin pliego <\/li>\n<li>Juan Gomez casta\u00f1eda (vocal)<\/li>\n<li>Jos\u00e9 Mar\u00eda Montero lorenzo (vocal)<\/li>\n<li>Miguel C\u00f3rdoba bueno (vocal)<\/li>\n<\/ul>\n<\/li>\n<\/ul>\n<p>&nbsp;<\/p>\n","protected":false},"excerpt":{"rendered":"<p>Tesis doctoral de Ana Carreras Franco Desarrollo y validaci\u00f3n de una metodolog\u00eda para evaluar la calidad de los servicios locales, [&hellip;]<\/p>\n","protected":false},"author":1,"featured_media":0,"comment_status":"open","ping_status":"open","sticky":false,"template":"","format":"standard","meta":{"site-sidebar-layout":"default","site-content-layout":"","ast-site-content-layout":"","site-content-style":"default","site-sidebar-style":"default","ast-global-header-display":"","ast-banner-title-visibility":"","ast-main-header-display":"","ast-hfb-above-header-display":"","ast-hfb-below-header-display":"","ast-hfb-mobile-header-display":"","site-post-title":"","ast-breadcrumbs-content":"","ast-featured-img":"","footer-sml-layout":"","theme-transparent-header-meta":"","adv-header-id-meta":"","stick-header-meta":"","header-above-stick-meta":"","header-main-stick-meta":"","header-below-stick-meta":"","astra-migrate-meta-layouts":"default","ast-page-background-enabled":"default","ast-page-background-meta":{"desktop":{"background-color":"var(--ast-global-color-4)","background-image":"","background-repeat":"repeat","background-position":"center center","background-size":"auto","background-attachment":"scroll","background-type":"","background-media":"","overlay-type":"","overlay-color":"","overlay-gradient":""},"tablet":{"background-color":"","background-image":"","background-repeat":"repeat","background-position":"center center","background-size":"auto","background-attachment":"scroll","background-type":"","background-media":"","overlay-type":"","overlay-color":"","overlay-gradient":""},"mobile":{"background-color":"","background-image":"","background-repeat":"repeat","background-position":"center center","background-size":"auto","background-attachment":"scroll","background-type":"","background-media":"","overlay-type":"","overlay-color":"","overlay-gradient":""}},"ast-content-background-meta":{"desktop":{"background-color":"var(--ast-global-color-5)","background-image":"","background-repeat":"repeat","background-position":"center center","background-size":"auto","background-attachment":"scroll","background-type":"","background-media":"","overlay-type":"","overlay-color":"","overlay-gradient":""},"tablet":{"background-color":"var(--ast-global-color-5)","background-image":"","background-repeat":"repeat","background-position":"center center","background-size":"auto","background-attachment":"scroll","background-type":"","background-media":"","overlay-type":"","overlay-color":"","overlay-gradient":""},"mobile":{"background-color":"var(--ast-global-color-5)","background-image":"","background-repeat":"repeat","background-position":"center center","background-size":"auto","background-attachment":"scroll","background-type":"","background-media":"","overlay-type":"","overlay-color":"","overlay-gradient":""}},"footnotes":""},"categories":[124007,30390,39800,4173],"tags":[211624,182206,4681,43277,17134,205487],"class_list":["post-104774","post","type-post","status-publish","format-standard","hentry","category-medida-y-construccion-de-indices-sociologicos","category-modelos-causales","category-san-pablo-ceu","category-servicios-publicos","tag-ana-carreras-franco","tag-enrique-carreras-romero","tag-francisco-javier-martin-pliego","tag-jose-maria-montero-lorenzo","tag-juan-gomez-castaneda","tag-miguel-cordoba-bueno"],"_links":{"self":[{"href":"https:\/\/www.deberes.net\/tesis\/wp-json\/wp\/v2\/posts\/104774","targetHints":{"allow":["GET"]}}],"collection":[{"href":"https:\/\/www.deberes.net\/tesis\/wp-json\/wp\/v2\/posts"}],"about":[{"href":"https:\/\/www.deberes.net\/tesis\/wp-json\/wp\/v2\/types\/post"}],"author":[{"embeddable":true,"href":"https:\/\/www.deberes.net\/tesis\/wp-json\/wp\/v2\/users\/1"}],"replies":[{"embeddable":true,"href":"https:\/\/www.deberes.net\/tesis\/wp-json\/wp\/v2\/comments?post=104774"}],"version-history":[{"count":0,"href":"https:\/\/www.deberes.net\/tesis\/wp-json\/wp\/v2\/posts\/104774\/revisions"}],"wp:attachment":[{"href":"https:\/\/www.deberes.net\/tesis\/wp-json\/wp\/v2\/media?parent=104774"}],"wp:term":[{"taxonomy":"category","embeddable":true,"href":"https:\/\/www.deberes.net\/tesis\/wp-json\/wp\/v2\/categories?post=104774"},{"taxonomy":"post_tag","embeddable":true,"href":"https:\/\/www.deberes.net\/tesis\/wp-json\/wp\/v2\/tags?post=104774"}],"curies":[{"name":"wp","href":"https:\/\/api.w.org\/{rel}","templated":true}]}}