{"id":104850,"date":"2010-12-11T00:00:00","date_gmt":"2010-12-11T00:00:00","guid":{"rendered":"https:\/\/www.deberes.net\/tesis\/sin-categoria\/interaccion-afectiva-sexual-y-adaptacion-en-conflictos-de-pareja\/"},"modified":"2010-12-11T00:00:00","modified_gmt":"2010-12-11T00:00:00","slug":"interaccion-afectiva-sexual-y-adaptacion-en-conflictos-de-pareja","status":"publish","type":"post","link":"https:\/\/www.deberes.net\/tesis\/psicoterapia\/interaccion-afectiva-sexual-y-adaptacion-en-conflictos-de-pareja\/","title":{"rendered":"Interacci\u00f3n afectiva sexual y adaptaci\u00f3n en conflictos de pareja"},"content":{"rendered":"<h2>Tesis doctoral de <strong> Mar\u00eda Luz S\u00e1nchez Escalada <\/strong><\/h2>\n<p>En el \u00e1mbito general de la psicoterapia familiar y de pareja  el concepto de conflicto es nuclear y coexistente con numerosas variables implicadas, con procesos cognitivo emocionales emergentes de evoluci\u00f3n y de superaci\u00f3n plausibles. Los procesos emocionales parecen jugar un papel regulador en la homeostasis evolutiva de la relaci\u00f3n de la pareja. Los procesos emocionales que conjugan el amor se producen en una interaci\u00f3n din\u00e1mica que est\u00e1 en continuo cambio en el transcurso de la relaci\u00f3n, por lo que su definici\u00f3n y caracter\u00edsticas variar\u00e1n en funci\u00f3n del estado de la misma. para demarcar la perspectiva te\u00f3rica que sirve de gu\u00eda y marco a la estructura del presente estudio, dado que no existe un criterio diagn\u00f3stico cl\u00ednico demarcador de las relaciones conflictivas, ni una  teor\u00eda sexol\u00f3gica com\u00fan, se presentan los modelos tradicionales en psicolog\u00eda de las relaciones familiares  y conyugales as\u00ed como de las din\u00e1micas conflictivas seg\u00fan los diferentes paradigmas. Para ello se realiza una revisi\u00f3n te\u00f3rica m\u00e1s amplia de la realizada en el trabajo anterior y una compilaci\u00f3n actualizada de aquellos estudios emp\u00edricos realizados en  los \u00faltimos a\u00f1os que permitan validar lo que de suyo tienen las propuestas teor\u00edas, que en el caso de este estudio resultan aquellas con mayor capacidad integradora. Fruto de esta revisi\u00f3n, se realizar\u00e1 la demarcaci\u00f3n de los procesos cognitivos y emocionales de los datos estad\u00edsticos de las parejas que acuden a psicoterapia en aquellas dimensiones objeto espec\u00edfico de an\u00e1lisis que puedan dar cuenta de las din\u00e1micas conflictivas en las relaciones conyugales. los datos que se analizar\u00e1n en el presente trabajo,  son recogidos desde el \u00e1mbito cl\u00ednico donde se desarrolla la terapia de pareja y sexual posterior. La muestra  consta de un total de 111 parejas (n.220 sujetos) que solicitan psicoterapia por presentar conflicto marital y \/o quejas referidas a disfunciones sexuales. Los datos descriptivos de \u00e9sta muestra se presentan c\u00f3mo datos globales en porcentajes tabulados por \u00e1reas correspondientes a las fuentes de entrevista terap\u00e9utica y  escalas estructuradas. Dentro de \u00e9sta muestra global, se selecciona otra m\u00e1s espec\u00edfica compuesta por  parejas integrantes del conflicto marital que contiene datos basados en la evaluaci\u00f3n cl\u00ednica psicometr\u00eda en medidas objetivas sobre la interacci\u00f3n afectiva sexual: sexualidad, reconciliaciones, hostilidad, depresi\u00f3n  y la adaptaci\u00f3n e inadaptaci\u00f3n entre otras. Por ello, del primer an\u00e1lisis y lectura descriptiva de los datos globales, se pasar\u00e1 a un segundo y m\u00e1s espec\u00edfico estudio estad\u00edstico inferencial  correlacional de  los datos recogidos  de los pares  de integrantes del v\u00ednculo, que den cuenta de la interacci\u00f3n afectiva sexual y adaptaci\u00f3n en el conflicto de pareja.<\/p>\n<p>&nbsp;<\/p>\n<h3>Datos acad\u00e9micos de la tesis doctoral \u00ab<strong>Interacci\u00f3n afectiva sexual y adaptaci\u00f3n en conflictos de pareja<\/strong>\u00ab<\/h3>\n<ul>\n<li><strong>T\u00edtulo de la tesis:<\/strong>\u00a0 Interacci\u00f3n afectiva sexual y adaptaci\u00f3n en conflictos de pareja <\/li>\n<li><strong>Autor:<\/strong>\u00a0 Mar\u00eda Luz S\u00e1nchez Escalada <\/li>\n<li><strong>Universidad:<\/strong>\u00a0 Nacional de educaci\u00f3n a distancia<\/li>\n<li><strong>Fecha de lectura de la tesis:<\/strong>\u00a0 12\/11\/2010<\/li>\n<\/ul>\n<p>&nbsp;<\/p>\n<h3>Direcci\u00f3n y tribunal<\/h3>\n<ul>\n<li><strong>Director de la tesis<\/strong>\n<ul>\n<li>Jos\u00e9 Luis Martorell Ypi\u00e9ns<\/li>\n<\/ul>\n<\/li>\n<li><strong>Tribunal<\/strong>\n<ul>\n<li>Presidente del tribunal: Jos\u00e9 Antonio Rios  gonzalez <\/li>\n<li>julia Sebasti\u00e1n  herranz (vocal)<\/li>\n<li>Santiago Fernandez gonzalez (vocal)<\/li>\n<li>Jos\u00e9 Luis Prieto arroyo (vocal)<\/li>\n<\/ul>\n<\/li>\n<\/ul>\n<p>&nbsp;<\/p>\n","protected":false},"excerpt":{"rendered":"<p>Tesis doctoral de Mar\u00eda Luz S\u00e1nchez Escalada En el \u00e1mbito general de la psicoterapia familiar y de pareja el concepto [&hellip;]<\/p>\n","protected":false},"author":1,"featured_media":0,"comment_status":"open","ping_status":"open","sticky":false,"template":"","format":"standard","meta":{"site-sidebar-layout":"default","site-content-layout":"","ast-site-content-layout":"","site-content-style":"default","site-sidebar-style":"default","ast-global-header-display":"","ast-banner-title-visibility":"","ast-main-header-display":"","ast-hfb-above-header-display":"","ast-hfb-below-header-display":"","ast-hfb-mobile-header-display":"","site-post-title":"","ast-breadcrumbs-content":"","ast-featured-img":"","footer-sml-layout":"","theme-transparent-header-meta":"","adv-header-id-meta":"","stick-header-meta":"","header-above-stick-meta":"","header-main-stick-meta":"","header-below-stick-meta":"","astra-migrate-meta-layouts":"default","ast-page-background-enabled":"default","ast-page-background-meta":{"desktop":{"background-color":"var(--ast-global-color-4)","background-image":"","background-repeat":"repeat","background-position":"center center","background-size":"auto","background-attachment":"scroll","background-type":"","background-media":"","overlay-type":"","overlay-color":"","overlay-gradient":""},"tablet":{"background-color":"","background-image":"","background-repeat":"repeat","background-position":"center center","background-size":"auto","background-attachment":"scroll","background-type":"","background-media":"","overlay-type":"","overlay-color":"","overlay-gradient":""},"mobile":{"background-color":"","background-image":"","background-repeat":"repeat","background-position":"center center","background-size":"auto","background-attachment":"scroll","background-type":"","background-media":"","overlay-type":"","overlay-color":"","overlay-gradient":""}},"ast-content-background-meta":{"desktop":{"background-color":"var(--ast-global-color-5)","background-image":"","background-repeat":"repeat","background-position":"center center","background-size":"auto","background-attachment":"scroll","background-type":"","background-media":"","overlay-type":"","overlay-color":"","overlay-gradient":""},"tablet":{"background-color":"var(--ast-global-color-5)","background-image":"","background-repeat":"repeat","background-position":"center center","background-size":"auto","background-attachment":"scroll","background-type":"","background-media":"","overlay-type":"","overlay-color":"","overlay-gradient":""},"mobile":{"background-color":"var(--ast-global-color-5)","background-image":"","background-repeat":"repeat","background-position":"center center","background-size":"auto","background-attachment":"scroll","background-type":"","background-media":"","overlay-type":"","overlay-color":"","overlay-gradient":""}},"footnotes":""},"categories":[17070,9116,22372],"tags":[7751,143796,204678,88980,211736,81093],"class_list":["post-104850","post","type-post","status-publish","format-standard","hentry","category-nacional-de-educacion-a-distancia","category-psicoterapia","category-tratamiento-de-la-drogadiccion","tag-jose-antonio-rios-gonzalez","tag-jose-luis-martorell-ypiens","tag-jose-luis-prieto-arroyo","tag-julia-sebastian-herranz","tag-maria-luz-sanchez-escalada","tag-santiago-fernandez-gonzalez"],"_links":{"self":[{"href":"https:\/\/www.deberes.net\/tesis\/wp-json\/wp\/v2\/posts\/104850","targetHints":{"allow":["GET"]}}],"collection":[{"href":"https:\/\/www.deberes.net\/tesis\/wp-json\/wp\/v2\/posts"}],"about":[{"href":"https:\/\/www.deberes.net\/tesis\/wp-json\/wp\/v2\/types\/post"}],"author":[{"embeddable":true,"href":"https:\/\/www.deberes.net\/tesis\/wp-json\/wp\/v2\/users\/1"}],"replies":[{"embeddable":true,"href":"https:\/\/www.deberes.net\/tesis\/wp-json\/wp\/v2\/comments?post=104850"}],"version-history":[{"count":0,"href":"https:\/\/www.deberes.net\/tesis\/wp-json\/wp\/v2\/posts\/104850\/revisions"}],"wp:attachment":[{"href":"https:\/\/www.deberes.net\/tesis\/wp-json\/wp\/v2\/media?parent=104850"}],"wp:term":[{"taxonomy":"category","embeddable":true,"href":"https:\/\/www.deberes.net\/tesis\/wp-json\/wp\/v2\/categories?post=104850"},{"taxonomy":"post_tag","embeddable":true,"href":"https:\/\/www.deberes.net\/tesis\/wp-json\/wp\/v2\/tags?post=104850"}],"curies":[{"name":"wp","href":"https:\/\/api.w.org\/{rel}","templated":true}]}}