{"id":104889,"date":"2018-03-11T10:28:13","date_gmt":"2018-03-11T10:28:13","guid":{"rendered":"https:\/\/www.deberes.net\/tesis\/sin-categoria\/implicacio-de-les-neurotrofines-en-el-desenvolupament-i-consolidacio-de-les-sinapsis-neuromusculars\/"},"modified":"2018-03-11T10:28:13","modified_gmt":"2018-03-11T10:28:13","slug":"implicacio-de-les-neurotrofines-en-el-desenvolupament-i-consolidacio-de-les-sinapsis-neuromusculars","status":"publish","type":"post","link":"https:\/\/www.deberes.net\/tesis\/neurologia\/implicacio-de-les-neurotrofines-en-el-desenvolupament-i-consolidacio-de-les-sinapsis-neuromusculars\/","title":{"rendered":"Implicaci\u00f3 de les neurotrofines en el desenvolupament i consolidaci\u00f3 de les sinapsis neuromusculars"},"content":{"rendered":"<h2>Tesis doctoral de <strong> Marta Tom\u00c1\u00a0s Marginet <\/strong><\/h2>\n<p>Isbn:? 978-84-693-8856-3<\/p>\n<p>&nbsp;<\/p>\n<h3>Datos acad\u00e9micos de la tesis doctoral \u00ab<strong>Implicaci\u00f3 de les neurotrofines en el desenvolupament i consolidaci\u00f3 de les sinapsis neuromusculars<\/strong>\u00ab<\/h3>\n<ul>\n<li><strong>T\u00edtulo de la tesis:<\/strong>\u00a0 Implicaci\u00f3 de les neurotrofines en el desenvolupament i consolidaci\u00f3 de les sinapsis neuromusculars <\/li>\n<li><strong>Autor:<\/strong>\u00a0 Marta Tom\u00c1\u00a0s Marginet <\/li>\n<li><strong>Universidad:<\/strong>\u00a0 Rovira i virgili<\/li>\n<li><strong>Fecha de lectura de la tesis:<\/strong>\u00a0 15\/11\/2010<\/li>\n<\/ul>\n<p>&nbsp;<\/p>\n<h3>Direcci\u00f3n y tribunal<\/h3>\n<ul>\n<li><strong>Director de la tesis<\/strong>\n<ul>\n<li>Manuel Santaf\u00e9 Mart\u00ednez<\/li>\n<\/ul>\n<\/li>\n<li><strong>Tribunal<\/strong>\n<ul>\n<li>Presidente del tribunal: Jos\u00e9 enrique Esquerda colell <\/li>\n<li>nicolau Ortiz castellon (vocal)<\/li>\n<li>Miguel angel Merchan cifuentes (vocal)<\/li>\n<li>Javier Yajeya p\u00e9rez (vocal)<\/li>\n<\/ul>\n<\/li>\n<\/ul>\n<p>&nbsp;<\/p>\n","protected":false},"excerpt":{"rendered":"<p>Tesis doctoral de Marta Tom\u00c1\u00a0s Marginet Isbn:? 978-84-693-8856-3 &nbsp; Datos acad\u00e9micos de la tesis doctoral \u00abImplicaci\u00f3 de les neurotrofines en [&hellip;]<\/p>\n","protected":false},"author":1,"featured_media":0,"comment_status":"open","ping_status":"open","sticky":false,"template":"","format":"standard","meta":{"site-sidebar-layout":"default","site-content-layout":"","ast-site-content-layout":"","site-content-style":"default","site-sidebar-style":"default","ast-global-header-display":"","ast-banner-title-visibility":"","ast-main-header-display":"","ast-hfb-above-header-display":"","ast-hfb-below-header-display":"","ast-hfb-mobile-header-display":"","site-post-title":"","ast-breadcrumbs-content":"","ast-featured-img":"","footer-sml-layout":"","theme-transparent-header-meta":"","adv-header-id-meta":"","stick-header-meta":"","header-above-stick-meta":"","header-main-stick-meta":"","header-below-stick-meta":"","astra-migrate-meta-layouts":"default","ast-page-background-enabled":"default","ast-page-background-meta":{"desktop":{"background-color":"var(--ast-global-color-4)","background-image":"","background-repeat":"repeat","background-position":"center center","background-size":"auto","background-attachment":"scroll","background-type":"","background-media":"","overlay-type":"","overlay-color":"","overlay-gradient":""},"tablet":{"background-color":"","background-image":"","background-repeat":"repeat","background-position":"center center","background-size":"auto","background-attachment":"scroll","background-type":"","background-media":"","overlay-type":"","overlay-color":"","overlay-gradient":""},"mobile":{"background-color":"","background-image":"","background-repeat":"repeat","background-position":"center center","background-size":"auto","background-attachment":"scroll","background-type":"","background-media":"","overlay-type":"","overlay-color":"","overlay-gradient":""}},"ast-content-background-meta":{"desktop":{"background-color":"var(--ast-global-color-5)","background-image":"","background-repeat":"repeat","background-position":"center center","background-size":"auto","background-attachment":"scroll","background-type":"","background-media":"","overlay-type":"","overlay-color":"","overlay-gradient":""},"tablet":{"background-color":"var(--ast-global-color-5)","background-image":"","background-repeat":"repeat","background-position":"center center","background-size":"auto","background-attachment":"scroll","background-type":"","background-media":"","overlay-type":"","overlay-color":"","overlay-gradient":""},"mobile":{"background-color":"var(--ast-global-color-5)","background-image":"","background-repeat":"repeat","background-position":"center center","background-size":"auto","background-attachment":"scroll","background-type":"","background-media":"","overlay-type":"","overlay-color":"","overlay-gradient":""}},"footnotes":""},"categories":[13253,3919,1880,18759],"tags":[5704,18863,187996,211802,9729,29364],"class_list":["post-104889","post","type-post","status-publish","format-standard","hentry","category-fisiologia-muscular","category-neurofisiologia-humana","category-neurologia","category-rovira-i-virgili","tag-javier-yajeya-perez","tag-jose-enrique-esquerda-colell","tag-manuel-santafe-Martinez","tag-marta-toma-s-marginet","tag-miguel-angel-merchan-cifuentes","tag-nicolau-ortiz-castellon"],"_links":{"self":[{"href":"https:\/\/www.deberes.net\/tesis\/wp-json\/wp\/v2\/posts\/104889","targetHints":{"allow":["GET"]}}],"collection":[{"href":"https:\/\/www.deberes.net\/tesis\/wp-json\/wp\/v2\/posts"}],"about":[{"href":"https:\/\/www.deberes.net\/tesis\/wp-json\/wp\/v2\/types\/post"}],"author":[{"embeddable":true,"href":"https:\/\/www.deberes.net\/tesis\/wp-json\/wp\/v2\/users\/1"}],"replies":[{"embeddable":true,"href":"https:\/\/www.deberes.net\/tesis\/wp-json\/wp\/v2\/comments?post=104889"}],"version-history":[{"count":0,"href":"https:\/\/www.deberes.net\/tesis\/wp-json\/wp\/v2\/posts\/104889\/revisions"}],"wp:attachment":[{"href":"https:\/\/www.deberes.net\/tesis\/wp-json\/wp\/v2\/media?parent=104889"}],"wp:term":[{"taxonomy":"category","embeddable":true,"href":"https:\/\/www.deberes.net\/tesis\/wp-json\/wp\/v2\/categories?post=104889"},{"taxonomy":"post_tag","embeddable":true,"href":"https:\/\/www.deberes.net\/tesis\/wp-json\/wp\/v2\/tags?post=104889"}],"curies":[{"name":"wp","href":"https:\/\/api.w.org\/{rel}","templated":true}]}}