{"id":104972,"date":"2018-03-11T10:28:18","date_gmt":"2018-03-11T10:28:18","guid":{"rendered":"https:\/\/www.deberes.net\/tesis\/sin-categoria\/la-obediencia-debida-en-la-corte-penal-internacional\/"},"modified":"2018-03-11T10:28:18","modified_gmt":"2018-03-11T10:28:18","slug":"la-obediencia-debida-en-la-corte-penal-internacional","status":"publish","type":"post","link":"https:\/\/www.deberes.net\/tesis\/derecho-penal\/la-obediencia-debida-en-la-corte-penal-internacional\/","title":{"rendered":"La obediencia debida en la corte penal internacional"},"content":{"rendered":"<h2>Tesis doctoral de <strong> Francisco Javier Hern\u00e1ndez Su\u00e1rez-llanos <\/strong><\/h2>\n<p>Este trabajo se propone contestar a los interrogantes que plantea la responsabilidad penal derivada de los actos il\u00edcitos cometidos en obediencia a las \u00f3rdenes o mandatos de los superiores.Aunque despu\u00e9s de casi 200 a\u00f1os el c\u00f3digo penal de 1995 opt\u00f3 por suprimir la eximente aut\u00f3noma de obediencia, \u00e9sta pervive en nuestro c\u00f3digo penal militar, en el derecho comparado militar dominante y en el derecho penal internacional circunscrita al crimen de guerra. Aunque en el estado de derecho no se concibe por m\u00e1s tiempo que la autoridad act\u00fae al margen de la legalidad, ni que la obediencia perviva en el espacio de los actos contrarios a derecho, la exenci\u00f3n frente a \u00f3rdenes il\u00edcitas en estas disciplinas jur\u00eddicas solo puede explicarse desde el respeto al principio de culpabilidad y la razonabilidad de los l\u00edmites a la exigibilidad. En los casos en que la fr\u00e1gil situaci\u00f3n del subordinado agravada por la f\u00e9rrea jerarqu\u00eda que rige en determinadas instituciones y la facilidad con que los actos criminales se mimetizan con la crueldad misma de la guerra dificultan al subordinado vencer la situaci\u00f3n de error acerca de la ilicitud de la orden, el derecho recurre a una presunci\u00f3n jur\u00eddica de invencibilidad del error concedida al ejecutor obediente de un il\u00edcito penal. Para concluir lo anterior, se han seguido las siguientes l\u00edneas de investigaci\u00f3n: \u00bb\tse ha averiguado que la eximente de obediencia debida del antiguo art\u00edculo 8.12 del c\u00f3digo penal de 1973, escond\u00eda una presunci\u00f3n jur\u00eddica de invencibilidad del error concedida al ejecutor obediente de un il\u00edcito penal y que las razones de su supresi\u00f3n son el rechazo a los mandatos antijur\u00eddicos obligatorios y la aptitud de nuestro derecho com\u00fan para dar sobrada respuesta a la cuesti\u00f3n en relaci\u00f3n al funcionario civil. \u00bb\tse ha colegido que las peculiaridades de la guerra explican que la eximente aut\u00f3noma de obediencia perviva en el \u00faltimo inciso del art\u00edculo 21 del c\u00f3digo penal militar con id\u00e9ntico fundamento que el del antiguo art\u00edculo 8.12. \u00bb\themos comprobado como en el derecho comparado soluciona la cuesti\u00f3n de la obediencia de forma similar que en espa\u00f1a. \u00bb\tpor \u00faltimo, se ha demostrado como el esquema del derecho penal internacional repite los modelos examinados en nuestro derecho interno y en el derecho comparado pues nuevamente es en el \u00e1mbito militar y en particular en el crimen de guerra donde resiste la eximente por obediencia como un tratamiento especial de error de prohibici\u00f3n, siempre que el subordinado no conozca el car\u00e1cter delictivo de la orden y \u00e9ste no resulte manifiesto.<\/p>\n<p>&nbsp;<\/p>\n<h3>Datos acad\u00e9micos de la tesis doctoral \u00ab<strong>La obediencia debida en la corte penal internacional<\/strong>\u00ab<\/h3>\n<ul>\n<li><strong>T\u00edtulo de la tesis:<\/strong>\u00a0 La obediencia debida en la corte penal internacional <\/li>\n<li><strong>Autor:<\/strong>\u00a0 Francisco Javier Hern\u00e1ndez Su\u00e1rez-llanos <\/li>\n<li><strong>Universidad:<\/strong>\u00a0 Nacional de educaci\u00f3n a distancia<\/li>\n<li><strong>Fecha de lectura de la tesis:<\/strong>\u00a0 18\/11\/2010<\/li>\n<\/ul>\n<p>&nbsp;<\/p>\n<h3>Direcci\u00f3n y tribunal<\/h3>\n<ul>\n<li><strong>Director de la tesis<\/strong>\n<ul>\n<li>Alicia Gil Gil<\/li>\n<\/ul>\n<\/li>\n<li><strong>Tribunal<\/strong>\n<ul>\n<li>Presidente del tribunal: jose Cerezo mir <\/li>\n<li>Jos\u00e9 Luis Rodr\u00edguez-villasante prieto (vocal)<\/li>\n<li>hector Olasolo  alonso (vocal)<\/li>\n<li>Fernando Pignatelli meca (vocal)<\/li>\n<\/ul>\n<\/li>\n<\/ul>\n<p>&nbsp;<\/p>\n","protected":false},"excerpt":{"rendered":"<p>Tesis doctoral de Francisco Javier Hern\u00e1ndez Su\u00e1rez-llanos Este trabajo se propone contestar a los interrogantes que plantea la responsabilidad penal [&hellip;]<\/p>\n","protected":false},"author":1,"featured_media":0,"comment_status":"open","ping_status":"open","sticky":false,"template":"","format":"standard","meta":{"site-sidebar-layout":"default","site-content-layout":"","ast-site-content-layout":"","site-content-style":"default","site-sidebar-style":"default","ast-global-header-display":"","ast-banner-title-visibility":"","ast-main-header-display":"","ast-hfb-above-header-display":"","ast-hfb-below-header-display":"","ast-hfb-mobile-header-display":"","site-post-title":"","ast-breadcrumbs-content":"","ast-featured-img":"","footer-sml-layout":"","theme-transparent-header-meta":"","adv-header-id-meta":"","stick-header-meta":"","header-above-stick-meta":"","header-main-stick-meta":"","header-below-stick-meta":"","astra-migrate-meta-layouts":"default","ast-page-background-enabled":"default","ast-page-background-meta":{"desktop":{"background-color":"var(--ast-global-color-4)","background-image":"","background-repeat":"repeat","background-position":"center center","background-size":"auto","background-attachment":"scroll","background-type":"","background-media":"","overlay-type":"","overlay-color":"","overlay-gradient":""},"tablet":{"background-color":"","background-image":"","background-repeat":"repeat","background-position":"center center","background-size":"auto","background-attachment":"scroll","background-type":"","background-media":"","overlay-type":"","overlay-color":"","overlay-gradient":""},"mobile":{"background-color":"","background-image":"","background-repeat":"repeat","background-position":"center center","background-size":"auto","background-attachment":"scroll","background-type":"","background-media":"","overlay-type":"","overlay-color":"","overlay-gradient":""}},"ast-content-background-meta":{"desktop":{"background-color":"var(--ast-global-color-5)","background-image":"","background-repeat":"repeat","background-position":"center center","background-size":"auto","background-attachment":"scroll","background-type":"","background-media":"","overlay-type":"","overlay-color":"","overlay-gradient":""},"tablet":{"background-color":"var(--ast-global-color-5)","background-image":"","background-repeat":"repeat","background-position":"center center","background-size":"auto","background-attachment":"scroll","background-type":"","background-media":"","overlay-type":"","overlay-color":"","overlay-gradient":""},"mobile":{"background-color":"var(--ast-global-color-5)","background-image":"","background-repeat":"repeat","background-position":"center center","background-size":"auto","background-attachment":"scroll","background-type":"","background-media":"","overlay-type":"","overlay-color":"","overlay-gradient":""}},"footnotes":""},"categories":[4927,1211,613,17070],"tags":[73253,69083,211922,64958,619,130824],"class_list":["post-104972","post","type-post","status-publish","format-standard","hentry","category-derecho-comparado","category-derecho-internacional","category-derecho-penal","category-nacional-de-educacion-a-distancia","tag-alicia-gil-gil","tag-fernando-pignatelli-meca","tag-francisco-javier-hernandez-suarez-llanos","tag-hector-olasolo-alonso","tag-jose-cerezo-mir","tag-jose-luis-rodriguez-villasante-prieto"],"_links":{"self":[{"href":"https:\/\/www.deberes.net\/tesis\/wp-json\/wp\/v2\/posts\/104972","targetHints":{"allow":["GET"]}}],"collection":[{"href":"https:\/\/www.deberes.net\/tesis\/wp-json\/wp\/v2\/posts"}],"about":[{"href":"https:\/\/www.deberes.net\/tesis\/wp-json\/wp\/v2\/types\/post"}],"author":[{"embeddable":true,"href":"https:\/\/www.deberes.net\/tesis\/wp-json\/wp\/v2\/users\/1"}],"replies":[{"embeddable":true,"href":"https:\/\/www.deberes.net\/tesis\/wp-json\/wp\/v2\/comments?post=104972"}],"version-history":[{"count":0,"href":"https:\/\/www.deberes.net\/tesis\/wp-json\/wp\/v2\/posts\/104972\/revisions"}],"wp:attachment":[{"href":"https:\/\/www.deberes.net\/tesis\/wp-json\/wp\/v2\/media?parent=104972"}],"wp:term":[{"taxonomy":"category","embeddable":true,"href":"https:\/\/www.deberes.net\/tesis\/wp-json\/wp\/v2\/categories?post=104972"},{"taxonomy":"post_tag","embeddable":true,"href":"https:\/\/www.deberes.net\/tesis\/wp-json\/wp\/v2\/tags?post=104972"}],"curies":[{"name":"wp","href":"https:\/\/api.w.org\/{rel}","templated":true}]}}