{"id":104986,"date":"2018-03-11T10:28:23","date_gmt":"2018-03-11T10:28:23","guid":{"rendered":"https:\/\/www.deberes.net\/tesis\/sin-categoria\/mito-y-lenguaje-simbolico-coordenadas-para-un-analisis-ma%c2%adtico-de-los-discursos-contemporaneos\/"},"modified":"2018-03-11T10:28:23","modified_gmt":"2018-03-11T10:28:23","slug":"mito-y-lenguaje-simbolico-coordenadas-para-un-analisis-ma%c2%adtico-de-los-discursos-contemporaneos","status":"publish","type":"post","link":"https:\/\/www.deberes.net\/tesis\/retorica\/mito-y-lenguaje-simbolico-coordenadas-para-un-analisis-ma%c2%adtico-de-los-discursos-contemporaneos\/","title":{"rendered":"Mito y lenguaje simb\u00f3lico. coordenadas para un an\u00e1lisis m\u00edtico de los discursos contempor\u00e1neos"},"content":{"rendered":"<h2>Tesis doctoral de <strong> Sara Molpeceres Arnaiz <\/strong><\/h2>\n<p>La tesis presenta una parte te\u00f3rica y una pr\u00e1ctica. La parte te\u00f3rica se divide en dos apartados: primero, un desarrollo hist\u00f3rico de las principales corrientes acerca del mito y el s\u00edmbolo en la historia occidental, y segundo, una sistematizaci\u00f3n propia del concepto de mito elaborada a partir de lo expuesto en el apartado hist\u00f3rico, as\u00ed como una metodolog\u00eda para el an\u00e1lisis m\u00edtico de los discursos contempor\u00e1neos basada en las nuevas teor\u00edas que se est\u00e1n realizando desde la literatura comparada, la ret\u00f3rica y el an\u00e1lisis cr\u00edtico del discurso. El objetivo principal de esta tesis era mostrar la existencia de construcciones m\u00edticas en todo tipo de discursos contempor\u00e1neos, de ah\u00ed que en la parte pr\u00e1ctica se aplicara la metodolog\u00eda desarrollada para analizar la presencia de mitos en distintos discursos (literario, filos\u00f3fico, pol\u00edtico y cient\u00edfico). El resultado es positivo, ya que en dichos discursos hay elementos m\u00edticos que pueden ser identificados y explicados mediante nuestro m\u00e9todo de an\u00e1lisis.<\/p>\n<p>&nbsp;<\/p>\n<h3>Datos acad\u00e9micos de la tesis doctoral \u00ab<strong>Mito y lenguaje simb\u00f3lico. coordenadas para un an\u00e1lisis m\u00edtico de los discursos contempor\u00e1neos<\/strong>\u00ab<\/h3>\n<ul>\n<li><strong>T\u00edtulo de la tesis:<\/strong>\u00a0 Mito y lenguaje simb\u00f3lico. coordenadas para un an\u00e1lisis m\u00edtico de los discursos contempor\u00e1neos <\/li>\n<li><strong>Autor:<\/strong>\u00a0 Sara Molpeceres Arnaiz <\/li>\n<li><strong>Universidad:<\/strong>\u00a0 Valladolid<\/li>\n<li><strong>Fecha de lectura de la tesis:<\/strong>\u00a0 19\/11\/2010<\/li>\n<\/ul>\n<p>&nbsp;<\/p>\n<h3>Direcci\u00f3n y tribunal<\/h3>\n<ul>\n<li><strong>Director de la tesis<\/strong>\n<ul>\n<li>Jos\u00e9 David Pujante S\u00e1nchez<\/li>\n<\/ul>\n<\/li>\n<li><strong>Tribunal<\/strong>\n<ul>\n<li>Presidente del tribunal: Antonio Garc\u00eda berrio <\/li>\n<li>stefano Arduini (vocal)<\/li>\n<li>Manuel Martinez arnaldos (vocal)<\/li>\n<li>tomas Albaladejo mayordomo (vocal)<\/li>\n<\/ul>\n<\/li>\n<\/ul>\n<p>&nbsp;<\/p>\n","protected":false},"excerpt":{"rendered":"<p>Tesis doctoral de Sara Molpeceres Arnaiz La tesis presenta una parte te\u00f3rica y una pr\u00e1ctica. La parte te\u00f3rica se divide [&hellip;]<\/p>\n","protected":false},"author":1,"featured_media":0,"comment_status":"open","ping_status":"open","sticky":false,"template":"","format":"standard","meta":{"site-sidebar-layout":"default","site-content-layout":"","ast-site-content-layout":"","site-content-style":"default","site-sidebar-style":"default","ast-global-header-display":"","ast-banner-title-visibility":"","ast-main-header-display":"","ast-hfb-above-header-display":"","ast-hfb-below-header-display":"","ast-hfb-mobile-header-display":"","site-post-title":"","ast-breadcrumbs-content":"","ast-featured-img":"","footer-sml-layout":"","theme-transparent-header-meta":"","adv-header-id-meta":"","stick-header-meta":"","header-above-stick-meta":"","header-main-stick-meta":"","header-below-stick-meta":"","astra-migrate-meta-layouts":"default","ast-page-background-enabled":"default","ast-page-background-meta":{"desktop":{"background-color":"var(--ast-global-color-4)","background-image":"","background-repeat":"repeat","background-position":"center center","background-size":"auto","background-attachment":"scroll","background-type":"","background-media":"","overlay-type":"","overlay-color":"","overlay-gradient":""},"tablet":{"background-color":"","background-image":"","background-repeat":"repeat","background-position":"center center","background-size":"auto","background-attachment":"scroll","background-type":"","background-media":"","overlay-type":"","overlay-color":"","overlay-gradient":""},"mobile":{"background-color":"","background-image":"","background-repeat":"repeat","background-position":"center center","background-size":"auto","background-attachment":"scroll","background-type":"","background-media":"","overlay-type":"","overlay-color":"","overlay-gradient":""}},"ast-content-background-meta":{"desktop":{"background-color":"var(--ast-global-color-5)","background-image":"","background-repeat":"repeat","background-position":"center center","background-size":"auto","background-attachment":"scroll","background-type":"","background-media":"","overlay-type":"","overlay-color":"","overlay-gradient":""},"tablet":{"background-color":"var(--ast-global-color-5)","background-image":"","background-repeat":"repeat","background-position":"center center","background-size":"auto","background-attachment":"scroll","background-type":"","background-media":"","overlay-type":"","overlay-color":"","overlay-gradient":""},"mobile":{"background-color":"var(--ast-global-color-5)","background-image":"","background-repeat":"repeat","background-position":"center center","background-size":"auto","background-attachment":"scroll","background-type":"","background-media":"","overlay-type":"","overlay-color":"","overlay-gradient":""}},"footnotes":""},"categories":[636,6554,576,13940,12451],"tags":[126606,56796,25110,211943,25066,4759],"class_list":["post-104986","post","type-post","status-publish","format-standard","hentry","category-lengua-y-literatura","category-mitos","category-retorica","category-simbolos","category-valladolid","tag-antonio-garcia-berrio","tag-jose-david-pujante-sanchez","tag-manuel-Martinez-arnaldos","tag-sara-molpeceres-arnaiz","tag-stefano-arduini","tag-tomas-albaladejo-mayordomo"],"_links":{"self":[{"href":"https:\/\/www.deberes.net\/tesis\/wp-json\/wp\/v2\/posts\/104986","targetHints":{"allow":["GET"]}}],"collection":[{"href":"https:\/\/www.deberes.net\/tesis\/wp-json\/wp\/v2\/posts"}],"about":[{"href":"https:\/\/www.deberes.net\/tesis\/wp-json\/wp\/v2\/types\/post"}],"author":[{"embeddable":true,"href":"https:\/\/www.deberes.net\/tesis\/wp-json\/wp\/v2\/users\/1"}],"replies":[{"embeddable":true,"href":"https:\/\/www.deberes.net\/tesis\/wp-json\/wp\/v2\/comments?post=104986"}],"version-history":[{"count":0,"href":"https:\/\/www.deberes.net\/tesis\/wp-json\/wp\/v2\/posts\/104986\/revisions"}],"wp:attachment":[{"href":"https:\/\/www.deberes.net\/tesis\/wp-json\/wp\/v2\/media?parent=104986"}],"wp:term":[{"taxonomy":"category","embeddable":true,"href":"https:\/\/www.deberes.net\/tesis\/wp-json\/wp\/v2\/categories?post=104986"},{"taxonomy":"post_tag","embeddable":true,"href":"https:\/\/www.deberes.net\/tesis\/wp-json\/wp\/v2\/tags?post=104986"}],"curies":[{"name":"wp","href":"https:\/\/api.w.org\/{rel}","templated":true}]}}