{"id":105049,"date":"2018-03-11T10:28:27","date_gmt":"2018-03-11T10:28:27","guid":{"rendered":"https:\/\/www.deberes.net\/tesis\/sin-categoria\/morfologa%c2%ada-y-proliferacion-del-canal-central-de-la-medula-espinal-de-mama%c2%adferos\/"},"modified":"2018-03-11T10:28:27","modified_gmt":"2018-03-11T10:28:27","slug":"morfologa%c2%ada-y-proliferacion-del-canal-central-de-la-medula-espinal-de-mama%c2%adferos","status":"publish","type":"post","link":"https:\/\/www.deberes.net\/tesis\/biologia-celular\/morfologa%c2%ada-y-proliferacion-del-canal-central-de-la-medula-espinal-de-mama%c2%adferos\/","title":{"rendered":"Morfolog\u00eda y proliferaci\u00f3n del canal central de la m\u00e9dula espinal de mam\u00edferos"},"content":{"rendered":"<h2>Tesis doctoral de <strong> Clara Alfaro Cervell\u00f3 <\/strong><\/h2>\n<p>Se ha descrito neurog\u00e9nesis en distintas regiones del cerebro de mam\u00edferos adultos. El bulbo olfatorio y el giro dentado del hipocampo son las regiones neurog\u00e9nicas m\u00e1s ampliamente estudiadas. En el bulbo olfatorio, las nuevas neuronas proceden de la zona subventricular, donde los astrocitos son las c\u00e9lulas madre. A lo largo de todo el sistema ventricular existen c\u00e9lulas que proliferan, incluyendo el canal central de la m\u00e9dula espinal. Aunque se admite que esta regi\u00f3n contiene c\u00e9lulas madre, no est\u00e1 claro el tipo celular espec\u00edfico responsable. Algunos autores sostienen que se trata de c\u00e9lulas ependimarias y otros encuentran que son de tipo astroc\u00edtico.   a pesar de los avances en este campo, no existe una caracterizaci\u00f3n uniforme de la organizaci\u00f3n de las c\u00e9lulas del canal central, ni se han descrito los tipos celulares espec\u00edficos que proliferan. En este trabajo caracterizamos morfol\u00f3gicamente el canal central del rat\u00f3n, durante el desarrollo y en la edad adulta, y del mono macaca fascicularis adulto, determinando los tipos celulares que proliferan. Por otra parte, analizamos la organizaci\u00f3n del canal central humano. encontramos que durante el desarrollo postnatal del canal central del rat\u00f3n proliferan c\u00e9lulas uniciliadas con centriolo, que progresivamente son sustituidas por c\u00e9lulas ependimarias. En el rat\u00f3n adulto, el canal central se compone de c\u00e9lulas ependimarias, astrocitos y neuronas. Las c\u00e9lulas ependimarias del canal central del rat\u00f3n adulto presentan hasta cuatro cilios m\u00f3viles de estructura 9+2 y corp\u00fasculos basales con morfolog\u00eda en donut, siendo la c\u00e9lula biciliada el tipo celular m\u00e1s com\u00fan. Estas c\u00e9lulas expresan marcadores ependimarios como vimentina o cd24, pero son diferentes a las c\u00e9lulas ependimarias t\u00edpicas descritas en los ventr\u00edculos laterales. Adem\u00e1s son capaces de dividirse, contribuyendo al crecimiento en longitud del canal central. Por tanto, las c\u00e9lulas ependimarias del canal central del rat\u00f3n mantienen la funci\u00f3n del ep\u00e9ndimo de movimiento del l\u00edquido cefalorraqu\u00eddeo, junto con funciones espec\u00edficas de la m\u00e9dula espinal, como la proliferaci\u00f3n y una posible funci\u00f3n sensorial dependiente de sus complejos cilios.  el canal central de macaca fascicularis est\u00e1 formado por c\u00e9lulas ependimarias uni, bi y multiciliadas, astrocitos y neuronas. Encontramos una marcada distribuci\u00f3n dorsoventral, con las c\u00e9lulas ependimarias multiciliadas en las paredes laterales y las c\u00e9lulas uni y biciliadas en las zonas dorsal y ventral. Las c\u00e9lulas ependimarias multiciliadas son similares a las descritas en los ventr\u00edculos laterales, y las c\u00e9lulas uni y biciliadas presentan cilios con corp\u00fasculos basales parecidos a los del rat\u00f3n. Tal como describimos en el rat\u00f3n, las c\u00e9lulas ependimarias del canal central de macaca fascicularis proliferan y generan nuevas c\u00e9lulas ependimarias. por \u00faltimo, la m\u00e9dula espinal humana presenta un canal central vestigial y estenosado, formado por c\u00e9lulas ependimarias multi y biciliadas con cilios at\u00edpicos. Alrededor del canal central de macaca fascicularis y del humano se observa una capa hipocelular, formada por expansiones ependimarias y astroc\u00edticas, que recuerda a la capa hipocelular descrita en la zona subventricular de estas mismas especies. la activaci\u00f3n de las c\u00e9lulas madre end\u00f3genas podr\u00eda suponer una alternativa o complemento terap\u00e9utico para la lesi\u00f3n medular. Pero para que esto sea una realidad es necesario conocer las c\u00e9lulas del canal central y los mecanismos que las regulan. La combinaci\u00f3n de estos estudios b\u00e1sicos junto con la investigaci\u00f3n de la lesi\u00f3n experimental y el estudio de muestras humanas podr\u00eda permitir, en un futuro, avanzar en el ensayo de nuevas estrategias terap\u00e9uticas.<\/p>\n<p>&nbsp;<\/p>\n<h3>Datos acad\u00e9micos de la tesis doctoral \u00ab<strong>Morfolog\u00eda y proliferaci\u00f3n del canal central de la m\u00e9dula espinal de mam\u00edferos<\/strong>\u00ab<\/h3>\n<ul>\n<li><strong>T\u00edtulo de la tesis:<\/strong>\u00a0 Morfolog\u00eda y proliferaci\u00f3n del canal central de la m\u00e9dula espinal de mam\u00edferos <\/li>\n<li><strong>Autor:<\/strong>\u00a0 Clara Alfaro Cervell\u00f3 <\/li>\n<li><strong>Universidad:<\/strong>\u00a0 Universitat de val\u00e9ncia (estudi general)<\/li>\n<li><strong>Fecha de lectura de la tesis:<\/strong>\u00a0 22\/11\/2010<\/li>\n<\/ul>\n<p>&nbsp;<\/p>\n<h3>Direcci\u00f3n y tribunal<\/h3>\n<ul>\n<li><strong>Director de la tesis<\/strong>\n<ul>\n<li>Jos\u00e9 Manuel Garcia Verdugo<\/li>\n<\/ul>\n<\/li>\n<li><strong>Tribunal<\/strong>\n<ul>\n<li>Presidente del tribunal: Carlos L\u00f3pez Garc\u00eda <\/li>\n<li>Jos\u00e9 angel Berciano blanco (vocal)<\/li>\n<li>M\u00aa rosario Luquin piudo (vocal)<\/li>\n<li>stefano Pluchino (vocal)<\/li>\n<\/ul>\n<\/li>\n<\/ul>\n<p>&nbsp;<\/p>\n","protected":false},"excerpt":{"rendered":"<p>Tesis doctoral de Clara Alfaro Cervell\u00f3 Se ha descrito neurog\u00e9nesis en distintas regiones del cerebro de mam\u00edferos adultos. El bulbo [&hellip;]<\/p>\n","protected":false},"author":1,"featured_media":0,"comment_status":"open","ping_status":"open","sticky":false,"template":"","format":"standard","meta":{"site-sidebar-layout":"default","site-content-layout":"","ast-site-content-layout":"","site-content-style":"default","site-sidebar-style":"default","ast-global-header-display":"","ast-banner-title-visibility":"","ast-main-header-display":"","ast-hfb-above-header-display":"","ast-hfb-below-header-display":"","ast-hfb-mobile-header-display":"","site-post-title":"","ast-breadcrumbs-content":"","ast-featured-img":"","footer-sml-layout":"","theme-transparent-header-meta":"","adv-header-id-meta":"","stick-header-meta":"","header-above-stick-meta":"","header-main-stick-meta":"","header-below-stick-meta":"","astra-migrate-meta-layouts":"default","ast-page-background-enabled":"default","ast-page-background-meta":{"desktop":{"background-color":"var(--ast-global-color-4)","background-image":"","background-repeat":"repeat","background-position":"center center","background-size":"auto","background-attachment":"scroll","background-type":"","background-media":"","overlay-type":"","overlay-color":"","overlay-gradient":""},"tablet":{"background-color":"","background-image":"","background-repeat":"repeat","background-position":"center center","background-size":"auto","background-attachment":"scroll","background-type":"","background-media":"","overlay-type":"","overlay-color":"","overlay-gradient":""},"mobile":{"background-color":"","background-image":"","background-repeat":"repeat","background-position":"center center","background-size":"auto","background-attachment":"scroll","background-type":"","background-media":"","overlay-type":"","overlay-color":"","overlay-gradient":""}},"ast-content-background-meta":{"desktop":{"background-color":"var(--ast-global-color-5)","background-image":"","background-repeat":"repeat","background-position":"center center","background-size":"auto","background-attachment":"scroll","background-type":"","background-media":"","overlay-type":"","overlay-color":"","overlay-gradient":""},"tablet":{"background-color":"var(--ast-global-color-5)","background-image":"","background-repeat":"repeat","background-position":"center center","background-size":"auto","background-attachment":"scroll","background-type":"","background-media":"","overlay-type":"","overlay-color":"","overlay-gradient":""},"mobile":{"background-color":"var(--ast-global-color-5)","background-image":"","background-repeat":"repeat","background-position":"center center","background-size":"auto","background-attachment":"scroll","background-type":"","background-media":"","overlay-type":"","overlay-color":"","overlay-gradient":""}},"footnotes":""},"categories":[849,20484,4275],"tags":[19461,212040,11565,16726,37300,141252],"class_list":["post-105049","post","type-post","status-publish","format-standard","hentry","category-biologia-celular","category-microscopia-electronica","category-neurociencias","tag-carlos-lopez-garcia","tag-clara-alfaro-cervello","tag-jose-angel-berciano-blanco","tag-jose-manuel-garcia-verdugo","tag-ma-rosario-luquin-piudo","tag-stefano-pluchino"],"_links":{"self":[{"href":"https:\/\/www.deberes.net\/tesis\/wp-json\/wp\/v2\/posts\/105049","targetHints":{"allow":["GET"]}}],"collection":[{"href":"https:\/\/www.deberes.net\/tesis\/wp-json\/wp\/v2\/posts"}],"about":[{"href":"https:\/\/www.deberes.net\/tesis\/wp-json\/wp\/v2\/types\/post"}],"author":[{"embeddable":true,"href":"https:\/\/www.deberes.net\/tesis\/wp-json\/wp\/v2\/users\/1"}],"replies":[{"embeddable":true,"href":"https:\/\/www.deberes.net\/tesis\/wp-json\/wp\/v2\/comments?post=105049"}],"version-history":[{"count":0,"href":"https:\/\/www.deberes.net\/tesis\/wp-json\/wp\/v2\/posts\/105049\/revisions"}],"wp:attachment":[{"href":"https:\/\/www.deberes.net\/tesis\/wp-json\/wp\/v2\/media?parent=105049"}],"wp:term":[{"taxonomy":"category","embeddable":true,"href":"https:\/\/www.deberes.net\/tesis\/wp-json\/wp\/v2\/categories?post=105049"},{"taxonomy":"post_tag","embeddable":true,"href":"https:\/\/www.deberes.net\/tesis\/wp-json\/wp\/v2\/tags?post=105049"}],"curies":[{"name":"wp","href":"https:\/\/api.w.org\/{rel}","templated":true}]}}