{"id":105074,"date":"2018-03-11T10:28:27","date_gmt":"2018-03-11T10:28:27","guid":{"rendered":"https:\/\/www.deberes.net\/tesis\/sin-categoria\/estudio-multidimensional-de-predictores-de-insight-en-primeros-episodios-de-psicosis\/"},"modified":"2018-03-11T10:28:27","modified_gmt":"2018-03-11T10:28:27","slug":"estudio-multidimensional-de-predictores-de-insight-en-primeros-episodios-de-psicosis","status":"publish","type":"post","link":"https:\/\/www.deberes.net\/tesis\/ciencias-medicas\/estudio-multidimensional-de-predictores-de-insight-en-primeros-episodios-de-psicosis\/","title":{"rendered":"Estudio multidimensional de predictores de insight en primeros episodios de psicosis"},"content":{"rendered":"<h2>Tesis doctoral de <strong> Rosa Ayesa Arriola <\/strong><\/h2>\n<p>La falta de insight es un fen\u00f3meno frecuentemente descrito en la esquizofrenia. Son tres las dimensiones que se eval\u00faan al explorar el insight: insight de enfermedad, insight de necesitar medicaci\u00f3n e insight de las consecuencias sociales de tener una enfermedad mental.  Conocer qu\u00e9 explica que unos pacientes tengan insight y otros no ha sido el prop\u00f3sito de numerosos trabajos llevados a cabo con pacientes cr\u00f3nicos. Sin embargo, los trabajos con primeros episodios de psicosis y que analicen las tres dimensiones del insight de forma independiente son menos frecuentes. el prop\u00f3sito del presente trabajo es caracterizar a los pacientes con buen y mal insight de enfermedad, de la necesidad de medicadi\u00f3n y de las consecuencias sociales de tener una enfermedad mental, y buscar predictores independientes para estas tres dimensiones. Para ello se evaluaron las dimensiones de insight en 164 primeros episodios de psicosis, que fueron divididos en grupos de buen y mal insight. Estos grupos se compararon en variables cl\u00ednicas, cognitivas, prem\u00f3rbidas, sociodemogr\u00e1ficas y de diagn\u00f3stico, y las variables significativas se introdujeron en tres modelos de regresi\u00f3n correspondientes a las tres dimensiones.  los resultados muestran que para la dimensi\u00f3n insight de enfermedad los grupos difieren en la duraci\u00f3n de la enfermedad sin tratar, la atenci\u00f3n y el diagn\u00f3stico, siendo los d\u00e9ficits de atenci\u00f3n el principal predictor de mal insight de enfermedad. En la dimensi\u00f3n insight de la necesidad de medicaci\u00f3n los grupos difieren en la edad de inicio, la gravedad de la sintomatolog\u00eda desorganizada y la gravedad de los s\u00edntomas depresivos, siendo una menor edad de inicio y una mayor gravedad de s\u00edntomas desorganizados los principales predictores del mal insight de necesitar medicaci\u00f3n. En la dimensi\u00f3n insight de las consecuencias sociales de tener una enfermedad mental los grupos difieren en la duraci\u00f3n de la enfermedad sin tratar, la gravedad de la sintomatolog\u00eda negativa y desorganizada, el diagn\u00f3stico de esquizofrenia, la educaci\u00f3n y la funcionalidad, siendo la gravedad de la sintomatolog\u00eda desorganizada el principal predictor de esta dimensi\u00f3n.<\/p>\n<p>&nbsp;<\/p>\n<h3>Datos acad\u00e9micos de la tesis doctoral \u00ab<strong>Estudio multidimensional de predictores de insight en primeros episodios de psicosis<\/strong>\u00ab<\/h3>\n<ul>\n<li><strong>T\u00edtulo de la tesis:<\/strong>\u00a0 Estudio multidimensional de predictores de insight en primeros episodios de psicosis <\/li>\n<li><strong>Autor:<\/strong>\u00a0 Rosa Ayesa Arriola <\/li>\n<li><strong>Universidad:<\/strong>\u00a0 Cantabria<\/li>\n<li><strong>Fecha de lectura de la tesis:<\/strong>\u00a0 23\/11\/2010<\/li>\n<\/ul>\n<p>&nbsp;<\/p>\n<h3>Direcci\u00f3n y tribunal<\/h3>\n<ul>\n<li><strong>Director de la tesis<\/strong>\n<ul>\n<li>Jos\u00e9 Manuel Rodriguez Sanchez<\/li>\n<\/ul>\n<\/li>\n<li><strong>Tribunal<\/strong>\n<ul>\n<li>Presidente del tribunal: Jos\u00e9 Luis Vazquez barquero <\/li>\n<li>Manuel Jes\u00fas Cuesta zorita (vocal)<\/li>\n<li>marcos R\u00edos lago (vocal)<\/li>\n<li>Rafael Tabares seisdedos (vocal)<\/li>\n<\/ul>\n<\/li>\n<\/ul>\n<p>&nbsp;<\/p>\n","protected":false},"excerpt":{"rendered":"<p>Tesis doctoral de Rosa Ayesa Arriola La falta de insight es un fen\u00f3meno frecuentemente descrito en la esquizofrenia. Son tres [&hellip;]<\/p>\n","protected":false},"author":1,"featured_media":0,"comment_status":"open","ping_status":"open","sticky":false,"template":"","format":"standard","meta":{"site-sidebar-layout":"default","site-content-layout":"","ast-site-content-layout":"","site-content-style":"default","site-sidebar-style":"default","ast-global-header-display":"","ast-banner-title-visibility":"","ast-main-header-display":"","ast-hfb-above-header-display":"","ast-hfb-below-header-display":"","ast-hfb-mobile-header-display":"","site-post-title":"","ast-breadcrumbs-content":"","ast-featured-img":"","footer-sml-layout":"","theme-transparent-header-meta":"","adv-header-id-meta":"","stick-header-meta":"","header-above-stick-meta":"","header-main-stick-meta":"","header-below-stick-meta":"","astra-migrate-meta-layouts":"default","ast-page-background-enabled":"default","ast-page-background-meta":{"desktop":{"background-color":"var(--ast-global-color-4)","background-image":"","background-repeat":"repeat","background-position":"center center","background-size":"auto","background-attachment":"scroll","background-type":"","background-media":"","overlay-type":"","overlay-color":"","overlay-gradient":""},"tablet":{"background-color":"","background-image":"","background-repeat":"repeat","background-position":"center center","background-size":"auto","background-attachment":"scroll","background-type":"","background-media":"","overlay-type":"","overlay-color":"","overlay-gradient":""},"mobile":{"background-color":"","background-image":"","background-repeat":"repeat","background-position":"center center","background-size":"auto","background-attachment":"scroll","background-type":"","background-media":"","overlay-type":"","overlay-color":"","overlay-gradient":""}},"ast-content-background-meta":{"desktop":{"background-color":"var(--ast-global-color-5)","background-image":"","background-repeat":"repeat","background-position":"center center","background-size":"auto","background-attachment":"scroll","background-type":"","background-media":"","overlay-type":"","overlay-color":"","overlay-gradient":""},"tablet":{"background-color":"var(--ast-global-color-5)","background-image":"","background-repeat":"repeat","background-position":"center center","background-size":"auto","background-attachment":"scroll","background-type":"","background-media":"","overlay-type":"","overlay-color":"","overlay-gradient":""},"mobile":{"background-color":"var(--ast-global-color-5)","background-image":"","background-repeat":"repeat","background-position":"center center","background-size":"auto","background-attachment":"scroll","background-type":"","background-media":"","overlay-type":"","overlay-color":"","overlay-gradient":""}},"footnotes":""},"categories":[10518,9],"tags":[10709,148075,196718,78092,54099,212083],"class_list":["post-105074","post","type-post","status-publish","format-standard","hentry","category-cantabria","category-ciencias-medicas","tag-jose-luis-vazquez-barquero","tag-jose-manuel-rodriguez-sanchez","tag-manuel-jesus-cuesta-zorita","tag-marcos-rios-lago","tag-rafael-tabares-seisdedos","tag-rosa-ayesa-arriola"],"_links":{"self":[{"href":"https:\/\/www.deberes.net\/tesis\/wp-json\/wp\/v2\/posts\/105074","targetHints":{"allow":["GET"]}}],"collection":[{"href":"https:\/\/www.deberes.net\/tesis\/wp-json\/wp\/v2\/posts"}],"about":[{"href":"https:\/\/www.deberes.net\/tesis\/wp-json\/wp\/v2\/types\/post"}],"author":[{"embeddable":true,"href":"https:\/\/www.deberes.net\/tesis\/wp-json\/wp\/v2\/users\/1"}],"replies":[{"embeddable":true,"href":"https:\/\/www.deberes.net\/tesis\/wp-json\/wp\/v2\/comments?post=105074"}],"version-history":[{"count":0,"href":"https:\/\/www.deberes.net\/tesis\/wp-json\/wp\/v2\/posts\/105074\/revisions"}],"wp:attachment":[{"href":"https:\/\/www.deberes.net\/tesis\/wp-json\/wp\/v2\/media?parent=105074"}],"wp:term":[{"taxonomy":"category","embeddable":true,"href":"https:\/\/www.deberes.net\/tesis\/wp-json\/wp\/v2\/categories?post=105074"},{"taxonomy":"post_tag","embeddable":true,"href":"https:\/\/www.deberes.net\/tesis\/wp-json\/wp\/v2\/tags?post=105074"}],"curies":[{"name":"wp","href":"https:\/\/api.w.org\/{rel}","templated":true}]}}